{"id":105706,"date":"2026-01-15T15:18:07","date_gmt":"2026-01-15T15:18:07","guid":{"rendered":"https:\/\/www.europesays.com\/lv\/105706\/"},"modified":"2026-01-15T15:18:07","modified_gmt":"2026-01-15T15:18:07","slug":"ne-berns-ne-es-nevaram-atbildet-uz-so-jautajumu-ka-sauc-varnu-palidzot-pirmklasniekam-pildit-majasdarbus-vecakiem-nakas-vien-noplatit-rokas","status":"publish","type":"post","link":"https:\/\/www.europesays.com\/lv\/105706\/","title":{"rendered":"\u201cNe b\u0113rns, ne es nevaram atbild\u0113t uz \u0161o jaut\u0101jumu \u2013 k\u0101 sauc v\u0101rnu?\u201d Pal\u012bdzot pirmklasniekam pild\u012bt m\u0101jasdarbus, vec\u0101kiem n\u0101kas vien nopl\u0101t\u012bt rokas"},"content":{"rendered":"<p>    <img decoding=\"async\" src=\"https:\/\/www.europesays.com\/lv\/wp-content\/uploads\/2026\/01\/pexels-karolina-grabowska-6958563-1024x683.jpg\" alt=\"&#10;\"\/><\/p>\n<p>Foto. pexeslc.om\/Kaboompics.com\n<\/p>\n<p>16:21, 15. janv\u0101ris 2026<\/p>\n<p>Vai esi k\u0101dreiz sask\u0101ries ar situ\u0101ciju, kad, pal\u012bdzot b\u0113rnam pild\u012bt m\u0101jasdarbus, pats j\u016bties apmulsis? Ar \u0161\u0101du pieredzi soci\u0101lajos t\u012bklos dal\u012bjusies k\u0101da sieviete, public\u0113jot att\u0113lu ar sava pirmklasnieka m\u0101jasdarbu, kas rais\u012bjis neizpratni ne tikai b\u0113rnam, bet ar\u012b pieaugu\u0161ajiem.<\/p>\n<p>        Las\u012bt\u0101kie<br \/>\n        <a data-imagesrc=\"{&quot;300&quot;:&quot;https:\\\/\\\/lastatic.ams3.cdn.digitaloceanspaces.com\\\/2024\\\/04\\\/LET_24762978-1-300x199.jpg&quot;,&quot;768&quot;:&quot;https:\\\/\\\/lastatic.ams3.cdn.digitaloceanspaces.com\\\/2024\\\/04\\\/LET_24762978-1-768x510.jpg&quot;,&quot;200&quot;:&quot;https:\\\/\\\/lastatic.ams3.cdn.digitaloceanspaces.com\\\/2024\\\/04\\\/LET_24762978-1-200x133.jpg&quot;,&quot;400&quot;:&quot;https:\\\/\\\/lastatic.ams3.cdn.digitaloceanspaces.com\\\/2024\\\/04\\\/LET_24762978-1-400x266.jpg&quot;,&quot;500&quot;:&quot;https:\\\/\\\/lastatic.ams3.cdn.digitaloceanspaces.com\\\/2024\\\/04\\\/LET_24762978-1-500x332.jpg&quot;,&quot;800&quot;:&quot;https:\\\/\\\/lastatic.ams3.cdn.digitaloceanspaces.com\\\/2024\\\/04\\\/LET_24762978-1-800x531.jpg&quot;,&quot;1000&quot;:&quot;https:\\\/\\\/lastatic.ams3.cdn.digitaloceanspaces.com\\\/2024\\\/04\\\/LET_24762978-1.jpg&quot;}\" data-focuspoint=\"{&quot;x&quot;:&quot;47.38156399614123&quot;,&quot;y&quot;:&quot;33.25313680149975&quot;}\" data-p=\"2494626\" href=\"https:\/\/www.la.lv\/karmiska-vilkme-uz-lindam-pilseta-baumo-ka-hosams-abu-meri-ir-ar-jau-treso-lindu\" class=\"content-item lazy-load\" wp_automatic_readability=\"26.5\" rel=\"nofollow noopener\" target=\"_blank\"><\/p>\n<p>                                <img decoding=\"async\" src=\"\" alt=\"\" style=\"object-position: 47.38156399614123% 33.25313680149975%\" data-imageid=\"\"\/><\/p>\n<p>                                Kokteilis<\/p>\n<p>\n                                                \u201cKarmiska vilkme uz Lind\u0101m\u201d \u2013 pils\u0113t\u0101 baumo, ka Hosams Abu Meri ir ar jau tre\u0161o Lindu\n                            <\/p>\n<p><\/a><a data-imagesrc=\"{&quot;300&quot;:&quot;https:\\\/\\\/lastatic.ams3.cdn.digitaloceanspaces.com\\\/2026\\\/01\\\/605776010_25728478443453459_7214339360245089926_n-300x200.jpg&quot;,&quot;1024&quot;:&quot;https:\\\/\\\/lastatic.ams3.cdn.digitaloceanspaces.com\\\/2026\\\/01\\\/605776010_25728478443453459_7214339360245089926_n-1024x683.jpg&quot;,&quot;1536&quot;:&quot;https:\\\/\\\/lastatic.ams3.cdn.digitaloceanspaces.com\\\/2026\\\/01\\\/605776010_25728478443453459_7214339360245089926_n-1536x1024.jpg&quot;,&quot;500&quot;:&quot;https:\\\/\\\/lastatic.ams3.cdn.digitaloceanspaces.com\\\/2026\\\/01\\\/605776010_25728478443453459_7214339360245089926_n-500x333.jpg&quot;,&quot;800&quot;:&quot;https:\\\/\\\/lastatic.ams3.cdn.digitaloceanspaces.com\\\/2026\\\/01\\\/605776010_25728478443453459_7214339360245089926_n-800x534.jpg&quot;,&quot;1600&quot;:&quot;https:\\\/\\\/lastatic.ams3.cdn.digitaloceanspaces.com\\\/2026\\\/01\\\/605776010_25728478443453459_7214339360245089926_n.jpg&quot;}\" data-focuspoint=\"&quot;&quot;\" data-p=\"2494703\" href=\"https:\/\/www.la.lv\/foto-vaira-vike-freberga-aicina-neuzkerties-un-bridina-par-loti-cinisku-krapnieku-gajienu\" class=\"content-item lazy-load\" wp_automatic_readability=\"26\" rel=\"nofollow noopener\" target=\"_blank\"><\/p>\n<p>                                <img decoding=\"async\" src=\"\" alt=\"\" style=\"\" data-imageid=\"\"\/><\/p>\n<p>                                            FOTO. Vaira V\u012b\u0137e-Freberga aicina neuz\u0137erties un br\u012bdina par \u013coti cinisku kr\u0101pnieku g\u0101jienu\n                            <\/p>\n<p><\/a><a data-imagesrc=\"{&quot;300&quot;:&quot;https:\\\/\\\/lastatic.ams3.cdn.digitaloceanspaces.com\\\/2023\\\/06\\\/afp_33d326p1-300x200.jpg&quot;,&quot;768&quot;:&quot;https:\\\/\\\/lastatic.ams3.cdn.digitaloceanspaces.com\\\/2023\\\/06\\\/afp_33d326p1-768x512.jpg&quot;,&quot;200&quot;:&quot;https:\\\/\\\/lastatic.ams3.cdn.digitaloceanspaces.com\\\/2023\\\/06\\\/afp_33d326p1-200x133.jpg&quot;,&quot;400&quot;:&quot;https:\\\/\\\/lastatic.ams3.cdn.digitaloceanspaces.com\\\/2023\\\/06\\\/afp_33d326p1-400x267.jpg&quot;,&quot;500&quot;:&quot;https:\\\/\\\/lastatic.ams3.cdn.digitaloceanspaces.com\\\/2023\\\/06\\\/afp_33d326p1-500x334.jpg&quot;,&quot;800&quot;:&quot;https:\\\/\\\/lastatic.ams3.cdn.digitaloceanspaces.com\\\/2023\\\/06\\\/afp_33d326p1-800x534.jpg&quot;,&quot;1000&quot;:&quot;https:\\\/\\\/lastatic.ams3.cdn.digitaloceanspaces.com\\\/2023\\\/06\\\/afp_33d326p1.jpg&quot;}\" data-focuspoint=\"&quot;&quot;\" data-p=\"2492306\" href=\"https:\/\/www.la.lv\/10-lietas-kas-skolas-laika-skita-pilnigi-patiesas-tacu-velak-izradijas-aplamas\" class=\"content-item lazy-load\" wp_automatic_readability=\"27\" rel=\"nofollow noopener\" target=\"_blank\"><\/p>\n<p>                                <img decoding=\"async\" src=\"\" alt=\"\" style=\"\" data-imageid=\"\"\/><\/p>\n<p>                                Kokteilis<\/p>\n<p>\n                                                10 lietas, kas skolas laik\u0101 \u0161\u0137ita piln\u012bgi patiesas, ta\u010du v\u0113l\u0101k izr\u0101d\u012bj\u0101s aplamas\n                            <\/p>\n<p><\/a><br \/>\n        <a class=\"read-more\" href=\"https:\/\/www.la.lv\/top\" rel=\"nofollow noopener\" target=\"_blank\">Las\u012bt citas zi\u0146as<\/a><\/p>\n<p>K\u0101 redzams public\u0113taj\u0101 att\u0113l\u0101, pirm\u0101s klases skol\u0113nam j\u0101izlasa neliels st\u0101sts un j\u0101atbild uz vair\u0101kiem jaut\u0101jumiem. Tom\u0113r viens no tiem izr\u0101d\u012bjies teju neiesp\u0113jams, jo b\u0113rnam esot bijis j\u0101atbild uz jaut\u0101jumu, k\u0101 sauc tekst\u0101 aprakst\u012bto v\u0101rnu. Probl\u0113ma gan sl\u0113pjas fakt\u0101, ka pa\u0161\u0101 tekst\u0101 v\u0101rnas v\u0101rds nemaz nav min\u0113ts.<\/p>\n<p>Pie public\u0113t\u0101 att\u0113la sieviete pievienojusi \u012bsu koment\u0101ru, rakstot: \u201cNe b\u0113rns, ne es nevaram atbild\u0113t uz 1. klases uzdevum\u0101 uzdoto jaut\u0101jumu \u2013 k\u0101 sauca v\u0101rnu?\u201d<\/p>\n<p>    CITI \u0160OBR\u012aD LASA<\/p>\n<p>L\u016bk, teksts, kas bija j\u0101izlasa b\u0113rnam, lai atbild\u0113tu uz jaut\u0101jumiem: \u201cL\u0101c\u0113nam Robim izdev\u0101s savelt varen jauku sniega l\u0101ci. Vi\u0146\u0161 pat uzstiepa tam galv\u0101 savu sarkano ziemas mici. Tagad Robis izdom\u0101ja izveidot no sniega v\u0113l citus savu draugu fig\u016bras. Censonis sav\u0113la krietni daudz sniega bumbu. V\u0101rni\u0146a l\u0101c\u0113nam nedaudz pal\u012bdz\u0113ja. Vi\u0146a samekl\u0113ja melnus akmenti\u0146us. Tos ielika sniegain\u012b\u0161iem acu viet\u0101.\u201d<\/p>\n<p>Ieraksts piesaist\u012bjis ar\u012b citu cilv\u0113ku uzman\u012bbu, raisot diskusijas par to, k\u0101 tad \u012bsti sauc v\u0101rnu. Linda min, ka \u201ctekst\u0101 ir divi personv\u0101rdi \u2013 Robis un Censonis, un divi \u201cdz\u012bvnieki\u201d \u2013 l\u0101cis un v\u0101rni\u0146a. Par Robi ir pateikts, ka vi\u0146\u0161 ir l\u0101cis, t\u0101tad v\u0101rni\u0146u sauc Censonis.\u201d Liene gan nepiekr\u012bt Lindas variantam, nor\u0101dot, ka \u201cCensonis nav personv\u0101rds, bet gan \u012bpa\u0161\u012bbas v\u0101rds. Cilv\u0113ks kur\u0161 cen\u0161as, t\u0101 da\u017ereiz saka \u2013 censonis. Tas, ka ar lielo burtu, jo jauns teikums s\u0101kas.\u201d<\/p>\n<p>K\u0101da cita koment\u0113t\u0101ja \u0161o uzdoto darbu sal\u012bdzina ar nelo\u0123iskajiem jaut\u0101jumiem: \u201cLidoja 2 v\u0101rnas, viena za\u013ca, otra pa kreisi. Cik sver kilograms asfalta, ja ezim ir 4 gadi. No t\u0101s pa\u0161as s\u0113rijas.\u201d<\/p>\n<p>Liene min, ka \u0146emot v\u0113r\u0101, ka tekst\u0101 ir min\u0113ta tikai v\u0101rni\u0146a, tad t\u0101 ar\u012b atbild\u0113tu, ka v\u0101rnu sauc V\u0101rni\u0146a.<\/p>\n<p>Guna min, ka savam b\u0113rnam teiktu, lai izdom\u0101 pats k\u0101du v\u0101rdu, kas v\u0101rnai piest\u0101v\u0113tu: \u201cDom\u0101tu, ka p\u0101rbauda, k\u0101 b\u0113rnam fant\u0101zija str\u0101d\u0101.\u201d<\/p>\n<p>Agnese gan nor\u0101da, ka, visticam\u0101k, tas ir bijis dikt\u0101ta uzdevums, kuru atsevi\u0161\u0137i no dikt\u0113t\u0101 nevar izpild\u012bt: \u201cP\u0113c idejas, tas nevar\u0113ja b\u016bt m\u0101jas darbs, bet j\u0101atbild bija uzreiz klas\u0113\u2026 nu nav tik svar\u012bga inform\u0101cija, lai b\u0113rns, pat ja dzird\u0113ja stund\u0101, to b\u016btu atcer\u0113jies m\u0101j\u0101s\u2026.\u201d<\/p>\n<p>Sieviete, kas public\u0113jusi \u0161o uzdevumu, koment\u0101ru sada\u013c\u0101 dal\u012bjusies ar\u012b ar pareizo atbildi, ko skolot\u0101ja pati uzrakst\u012bjusi. Izr\u0101d\u0101s, ka v\u0101rnu sauc Meln\u012bte. <\/p>\n<p>T\u0113mas<\/p>\n<p>    SAIST\u012aTIE RAKSTI<\/p>\n","protected":false},"excerpt":{"rendered":"Foto. pexeslc.om\/Kaboompics.com 16:21, 15. janv\u0101ris 2026 Vai esi k\u0101dreiz sask\u0101ries ar situ\u0101ciju, kad, pal\u012bdzot b\u0113rnam pild\u012bt m\u0101jasdarbus, pats&hellip;\n","protected":false},"author":2,"featured_media":105707,"comment_status":"","ping_status":"","sticky":false,"template":"","format":"standard","meta":{"footnotes":""},"categories":[5],"tags":[23,28,29,32,33,22,30,31,35,39,38,36,37,34,40,20,26,27,24,25,21],"class_list":{"0":"post-105706","1":"post","2":"type-post","3":"status-publish","4":"format-standard","5":"has-post-thumbnail","7":"category-aktualitates","8":"tag-aktualitates","9":"tag-breaking-news","10":"tag-breakingnews","11":"tag-featured-news","12":"tag-featurednews","13":"tag-headlines","14":"tag-latest-news","15":"tag-latestnews","16":"tag-latvia","17":"tag-latvian","18":"tag-latviesu","19":"tag-latviesu-valoda","20":"tag-latviesuvaloda","21":"tag-latvija","22":"tag-lv","23":"tag-news","24":"tag-popularakas-zinas","25":"tag-popularakaszinas","26":"tag-top-stories","27":"tag-topstories","28":"tag-zinas"},"share_on_mastodon":{"url":"https:\/\/pubeurope.com\/@lv\/115899787118190878","error":""},"_links":{"self":[{"href":"https:\/\/www.europesays.com\/lv\/wp-json\/wp\/v2\/posts\/105706","targetHints":{"allow":["GET"]}}],"collection":[{"href":"https:\/\/www.europesays.com\/lv\/wp-json\/wp\/v2\/posts"}],"about":[{"href":"https:\/\/www.europesays.com\/lv\/wp-json\/wp\/v2\/types\/post"}],"author":[{"embeddable":true,"href":"https:\/\/www.europesays.com\/lv\/wp-json\/wp\/v2\/users\/2"}],"replies":[{"embeddable":true,"href":"https:\/\/www.europesays.com\/lv\/wp-json\/wp\/v2\/comments?post=105706"}],"version-history":[{"count":0,"href":"https:\/\/www.europesays.com\/lv\/wp-json\/wp\/v2\/posts\/105706\/revisions"}],"wp:featuredmedia":[{"embeddable":true,"href":"https:\/\/www.europesays.com\/lv\/wp-json\/wp\/v2\/media\/105707"}],"wp:attachment":[{"href":"https:\/\/www.europesays.com\/lv\/wp-json\/wp\/v2\/media?parent=105706"}],"wp:term":[{"taxonomy":"category","embeddable":true,"href":"https:\/\/www.europesays.com\/lv\/wp-json\/wp\/v2\/categories?post=105706"},{"taxonomy":"post_tag","embeddable":true,"href":"https:\/\/www.europesays.com\/lv\/wp-json\/wp\/v2\/tags?post=105706"}],"curies":[{"name":"wp","href":"https:\/\/api.w.org\/{rel}","templated":true}]}}