{"id":105708,"date":"2026-01-15T15:19:07","date_gmt":"2026-01-15T15:19:07","guid":{"rendered":"https:\/\/www.europesays.com\/lv\/105708\/"},"modified":"2026-01-15T15:19:07","modified_gmt":"2026-01-15T15:19:07","slug":"ilona-maska-meita-vivjena-vilsone-no-publiska-konflikta-ar-tevu-lidz-rihannas-apaksvelas-kampanai","status":"publish","type":"post","link":"https:\/\/www.europesays.com\/lv\/105708\/","title":{"rendered":"\u012alona Maska meita Vivjena Vilsone no publiska konflikta ar t\u0113vu l\u012bdz Rihannas apak\u0161ve\u013cas kampa\u0146ai"},"content":{"rendered":"<p>Transpersonu ietekm\u0113t\u0101ja modes skat\u0113 debit\u0113ja pag\u0101ju\u0161\u0101 gada septembr\u012b, kad piedal\u012bj\u0101s Aleksisas Bitaras (Alexis Bittar) gatavo ap\u0123\u0113rbu skat\u0113, kam \u0101tri sekoja uzst\u0101\u0161an\u0101s uz \u201cPrabal Gurung\u201d un \u201cChrishabana\u201d modes skat\u0113m.<\/p>\n<p>Tagad Vilsone ir ieguvusi jaunu aizraujo\u0161u atzin\u012bbu savam CV, jo vi\u0146a piedal\u0101s Rihannas int\u012bmo ap\u0123\u0113rbu z\u012bmola \u201cSavage X Fenty\u201d jaunaj\u0101 Valent\u012bndienas kampa\u0146\u0101.<\/p>\n<p>Kampa\u0146u vada pati Rihanna, valk\u0101jot t\u0101dus aksesu\u0101rus k\u0101 ar roz\u0113m iz\u0161\u016btu kr\u016b\u0161turi un sarkanu me\u017e\u0123\u012b\u0146u stringu, ta\u010du vi\u0146ai pievienojas ar\u012b citas zvaigznes, piem\u0113ram, Vilsone, aktrise Lovija Simone un modele Emma Arleta.<\/p>\n<blockquote class=\"twitter-tweet\">\n<p dir=\"ltr\" lang=\"en\">Rihanna tapped Vivian Wilson, the rising model and estranged daughter of Elon Musk, alongside actress Lovie Simone and model Emma Arletta in her latest Savage x Fenty campaign. \ud83d\udd25 \ud83d\udcf8: Savage x Fenty <a href=\"https:\/\/t.co\/mlt4Ct5cCX\" rel=\"nofollow\">pic.twitter.com\/mlt4Ct5cCX<\/a><\/p>\n<p>\u2014 Page Six (@PageSix) <a href=\"https:\/\/twitter.com\/PageSix\/status\/2008954894317744279?ref_src=twsrc%5Etfw\" rel=\"nofollow noopener\" target=\"_blank\">January 7, 2026<\/a><\/p>\n<\/blockquote>\n<p>Rekl\u0101mas fotogr\u0101fij\u0101s Vilsone valk\u0101 ro\u017eu raksta me\u017e\u0123\u012b\u0146u kr\u016b\u0161turi un pieska\u0146otu minisv\u0101rku, ko vi\u0146a kombin\u0113 ar spilgti sarkan\u0101m ze\u0137ubiks\u0113m, aksesu\u0101rs, kas \u0161aj\u0101 sezon\u0101 ir bijis diezgan popul\u0101rs. Vi\u0146as t\u0113ls ir papildin\u0101ts ar zelta auskariem ar dimantiem un tum\u0161i sarkanu l\u016bpu kr\u0101su.<\/p>\n<p class=\"ad-desc ad-desc-main\">Saturs turpin\u0101s p\u0113c rekl\u0101mas<\/p>\n<p class=\"ad-desc ad-desc-sec\">Rekl\u0101ma<\/p>\n<blockquote class=\"instagram-media\" style=\"background: #FFF; border: 0; border-radius: 3px; box-shadow: 0 0 1px 0 rgba(0,0,0,0.5),0 1px 10px 0 rgba(0,0,0,0.15); margin: 1px; max-width: 540px; min-width: 326px; padding: 0; width: calc(100% - 2px);\" data-instgrm-captioned=\"\" data-instgrm-permalink=\"https:\/\/www.instagram.com\/p\/DTaxGptlDUx\/?utm_source=ig_embed&amp;utm_campaign=loading\" data-instgrm-version=\"14\">\n<\/blockquote>\n<p>Pag\u0101ju\u0161\u0101 gada maij\u0101 Vilsone \u017eurn\u0101lam \u201cOut\u201d atkl\u0101ja, k\u0101p\u0113c vi\u0146a m\u012bl modeles darbu un \u0161obr\u012bd to veic daudz nopietn\u0101k. Vi\u0146a teica: \u201cT\u0101 ir viena no liet\u0101m, kas man pat\u012bk visvair\u0101k. Man visvair\u0101k modeles darb\u0101 pat\u012bk [sadarb\u012bba ar] komandu. Cilv\u0113ki, kas nodro\u0161ina, ka tu izskaties labi. Cilv\u0113ki, kas nodro\u0161ina, ka apgaismojums ir pareizs. O, tas skan k\u0101 dzejolis! [smejas]. Un, protams, fotogr\u0101fs. Visi vienk\u0101r\u0161i cen\u0161as \u012bstenot \u0161o v\u012bziju. Uz\u0146em\u0161anas laukum\u0101 valda kop\u012bbas saj\u016bta, ko es \u013coti nov\u0113rt\u0113ju.\u201d<\/p>\n<p>21 gadu vec\u0101 Vilsone nesadarbojas ar savu t\u0113vu, tehnolo\u0123iju gigantu. T\u0101 viet\u0101 jaun\u0101 sieviete ir izveidojusi savu karjeras ce\u013cu, nopelnot l\u012bdzautora l\u012bgumu no Rihannas.<\/p>\n<p>Vivjenai ir ilgsto\u0161s publisks konflikts ar savu t\u0113vu. Skand\u0101la iemesls bija Ilona Maska pazi\u0146ojums, kas tika izteikts sarun\u0101 ar psihologu Dr. D\u017eordanu P\u012btersonu platform\u0101 \u201cX\u201d. Uz\u0146\u0113m\u0113js sac\u012bja, ka vi\u0146\u0161 tika \u201capm\u0101n\u012bts\u201d, lai piekristu transpersonu medic\u012bniskajai p\u0101rejai 16 gadu vecum\u0101, pievienojot fr\u0101zi: \u201cB\u016bt\u012bb\u0101 es zaud\u0113ju savu d\u0113lu \u2026 mans d\u0113ls ir miris.\u201d<\/p>\n<p>Vilsone, kura 2022. gad\u0101 18 gadu vecum\u0101 juridiski iesniedza pieteikumu par v\u0101rda un dzimuma mai\u0146u intervij\u0101 telekan\u0101lam \u201cNBC News\u201d noliedza Maska apgalvojumus un nosauca tos par meliem.<\/p>\n<p><script async src=\"https:\/\/platform.twitter.com\/widgets.js\" charset=\"utf-8\"><\/script><script async src=\"\/\/www.instagram.com\/embed.js\"><\/script><\/p>\n","protected":false},"excerpt":{"rendered":"Transpersonu ietekm\u0113t\u0101ja modes skat\u0113 debit\u0113ja pag\u0101ju\u0161\u0101 gada septembr\u012b, kad piedal\u012bj\u0101s Aleksisas Bitaras (Alexis Bittar) gatavo ap\u0123\u0113rbu skat\u0113, kam&hellip;\n","protected":false},"author":2,"featured_media":105709,"comment_status":"","ping_status":"","sticky":false,"template":"","format":"standard","meta":{"footnotes":""},"categories":[19],"tags":[89,90,35,39,38,36,37,34,40,25306],"class_list":{"0":"post-105708","1":"post","2":"type-post","3":"status-publish","4":"format-standard","5":"has-post-thumbnail","7":"category-izklaide","8":"tag-entertainment","9":"tag-izklaide","10":"tag-latvia","11":"tag-latvian","12":"tag-latviesu","13":"tag-latviesu-valoda","14":"tag-latviesuvaloda","15":"tag-latvija","16":"tag-lv","17":"tag-rihannatranspersonavivjena-dzenna-vilsone"},"share_on_mastodon":{"url":"https:\/\/pubeurope.com\/@lv\/115899791038093708","error":""},"_links":{"self":[{"href":"https:\/\/www.europesays.com\/lv\/wp-json\/wp\/v2\/posts\/105708","targetHints":{"allow":["GET"]}}],"collection":[{"href":"https:\/\/www.europesays.com\/lv\/wp-json\/wp\/v2\/posts"}],"about":[{"href":"https:\/\/www.europesays.com\/lv\/wp-json\/wp\/v2\/types\/post"}],"author":[{"embeddable":true,"href":"https:\/\/www.europesays.com\/lv\/wp-json\/wp\/v2\/users\/2"}],"replies":[{"embeddable":true,"href":"https:\/\/www.europesays.com\/lv\/wp-json\/wp\/v2\/comments?post=105708"}],"version-history":[{"count":0,"href":"https:\/\/www.europesays.com\/lv\/wp-json\/wp\/v2\/posts\/105708\/revisions"}],"wp:featuredmedia":[{"embeddable":true,"href":"https:\/\/www.europesays.com\/lv\/wp-json\/wp\/v2\/media\/105709"}],"wp:attachment":[{"href":"https:\/\/www.europesays.com\/lv\/wp-json\/wp\/v2\/media?parent=105708"}],"wp:term":[{"taxonomy":"category","embeddable":true,"href":"https:\/\/www.europesays.com\/lv\/wp-json\/wp\/v2\/categories?post=105708"},{"taxonomy":"post_tag","embeddable":true,"href":"https:\/\/www.europesays.com\/lv\/wp-json\/wp\/v2\/tags?post=105708"}],"curies":[{"name":"wp","href":"https:\/\/api.w.org\/{rel}","templated":true}]}}