{"id":105712,"date":"2026-01-15T15:23:21","date_gmt":"2026-01-15T15:23:21","guid":{"rendered":"https:\/\/www.europesays.com\/lv\/105712\/"},"modified":"2026-01-15T15:23:21","modified_gmt":"2026-01-15T15:23:21","slug":"ksenija-nezenkina-no-caur-erkskiem-uz-nonak-tiesa","status":"publish","type":"post","link":"https:\/\/www.europesays.com\/lv\/105712\/","title":{"rendered":"Ksenija \u0145e\u017eenkina no &#8220;Caur \u0113rk\u0161\u0137iem uz&#8230;&#8221; non\u0101k ties\u0101"},"content":{"rendered":"<p class=\"descr\">Pag\u0101ju\u0161aj\u0101 ned\u0113\u013c\u0101 tiesas priek\u0161\u0101 st\u0101j\u0101s \u0161ova Caur \u0113rk\u0161\u0137iem uz\u2026 7. sezonas spilgt\u0101k\u0101 dal\u012bbniece Ksenija \u0145e\u017eenkina, v\u0113st\u012bts Aijas Ozoli\u0146as materi\u0101l\u0101 &#8220;\u0160ova zvaigzne uz aps\u016bdz\u0113to sola&#8221; izdevum\u0101 &#8220;Priv\u0101t\u0101 Dz\u012bve&#8221;.<\/p>\n<p>Ksenija p\u0113rn novembr\u012b izrais\u012bja ce\u013cu <a href=\"https:\/\/nra.lv\/birka\/satiksmes-negadijums\/\" target=\"_blank\" rel=\"noopener nofollow\">satiksmes negad\u012bjumu<\/a> &#8211; vi\u0146ai nejau\u0161i san\u0101cis ietriekties ce\u013ca z\u012bm\u0113s, kas nesen uzst\u0101d\u012btas pirms iebrauk\u0161anas J\u0113kabpil\u012b no R\u012bgas puses.<\/p>\n<p>Sk\u0101de bijusi pamat\u012bga &#8211; cietis Ksenijas vad\u012btais Volkswagen Polo, ta\u010du pati tikusi cauri vien ar izb\u012bli, jo bijusi piespr\u0101dz\u0113jusies. Ksenija saka, ka negad\u012bjuma br\u012bd\u012b nav bijusi alkohola vai narkotisko vielu reibum\u0101, ta\u010du vi\u0146a atteic\u0101s veikt ekspert\u012bzi. To piepras\u012bjusi policija, kas Kseniju sastapusi jau p\u0113c negad\u012bjuma &#8211; auto \u012bpa\u0161niece tobr\u012bd jau bija pametusi notikuma vietu un tikusi l\u012bdz savam pagalmam.<\/p>\n<blockquote><p>Par atteik\u0161anos no ekspert\u012bzes Ksenija non\u0101kusi uz aps\u016bdz\u0113to sola.<\/p><\/blockquote>\n<p>&#8220;Nesapratu, k\u0101p\u0113c man to visp\u0101r pieprasa, t\u0101p\u0113c atteicos. Tobr\u012bd nezin\u0101ju, ka likumi ir main\u012bti un par to piem\u0113rojama barg\u0101k\u0101 atbild\u012bba &#8211; krimin\u0101llieta. To uzzin\u0101ju tikai policijas iecirkn\u012b,&#8221; saka Ksenija.<\/p>\n<p>&#8220;Par atteik\u0161anos p\u016bst trubi\u0146\u0101 esmu noties\u0101ta ar ties\u012bbu at\u0146em\u0161anu uz pieciem gadiem, ar prob\u0101cijas uzraudz\u012bbu uz pusotru gadu un naudas sodu ma\u0161\u012bnas v\u0113rt\u012bb\u0101 &#8211; 250 eiro. Pa da\u013c\u0101m var\u0113\u0161u to nomaks\u0101t,&#8221; st\u0101sta Ksenija un teic, ka pirm\u0101s instances l\u0113mumu p\u0101rs\u016bdz\u0113s &#8211; tam vi\u0146ai ir desmit dienas laika. \u0160is naudas sods gan ir maz\u0101ks par citu &#8211; saist\u012bb\u0101 ar \u0161o pa\u0161u av\u0101riju vi\u0146ai piespriests 300 eiro sods k\u0101 kompens\u0101cija par saboj\u0101taj\u0101m ce\u013caz\u012bm\u0113m, k\u0101 ar\u012b 25 eiro par aizbrauk\u0161anu no notikuma vietas.<\/p>\n","protected":false},"excerpt":{"rendered":"Pag\u0101ju\u0161aj\u0101 ned\u0113\u013c\u0101 tiesas priek\u0161\u0101 st\u0101j\u0101s \u0161ova Caur \u0113rk\u0161\u0137iem uz\u2026 7. sezonas spilgt\u0101k\u0101 dal\u012bbniece Ksenija \u0145e\u017eenkina, v\u0113st\u012bts Aijas Ozoli\u0146as&hellip;\n","protected":false},"author":2,"featured_media":105713,"comment_status":"","ping_status":"","sticky":false,"template":"","format":"standard","meta":{"footnotes":""},"categories":[12],"tags":[23,28,29,32,33,22,30,31,35,39,38,36,37,34,40,20,26,27,24,25,21],"class_list":{"0":"post-105712","1":"post","2":"type-post","3":"status-publish","4":"format-standard","5":"has-post-thumbnail","7":"category-latvija","8":"tag-aktualitates","9":"tag-breaking-news","10":"tag-breakingnews","11":"tag-featured-news","12":"tag-featurednews","13":"tag-headlines","14":"tag-latest-news","15":"tag-latestnews","16":"tag-latvia","17":"tag-latvian","18":"tag-latviesu","19":"tag-latviesu-valoda","20":"tag-latviesuvaloda","21":"tag-latvija","22":"tag-lv","23":"tag-news","24":"tag-popularakas-zinas","25":"tag-popularakaszinas","26":"tag-top-stories","27":"tag-topstories","28":"tag-zinas"},"share_on_mastodon":{"url":"https:\/\/pubeurope.com\/@lv\/115899806870916605","error":""},"_links":{"self":[{"href":"https:\/\/www.europesays.com\/lv\/wp-json\/wp\/v2\/posts\/105712","targetHints":{"allow":["GET"]}}],"collection":[{"href":"https:\/\/www.europesays.com\/lv\/wp-json\/wp\/v2\/posts"}],"about":[{"href":"https:\/\/www.europesays.com\/lv\/wp-json\/wp\/v2\/types\/post"}],"author":[{"embeddable":true,"href":"https:\/\/www.europesays.com\/lv\/wp-json\/wp\/v2\/users\/2"}],"replies":[{"embeddable":true,"href":"https:\/\/www.europesays.com\/lv\/wp-json\/wp\/v2\/comments?post=105712"}],"version-history":[{"count":0,"href":"https:\/\/www.europesays.com\/lv\/wp-json\/wp\/v2\/posts\/105712\/revisions"}],"wp:featuredmedia":[{"embeddable":true,"href":"https:\/\/www.europesays.com\/lv\/wp-json\/wp\/v2\/media\/105713"}],"wp:attachment":[{"href":"https:\/\/www.europesays.com\/lv\/wp-json\/wp\/v2\/media?parent=105712"}],"wp:term":[{"taxonomy":"category","embeddable":true,"href":"https:\/\/www.europesays.com\/lv\/wp-json\/wp\/v2\/categories?post=105712"},{"taxonomy":"post_tag","embeddable":true,"href":"https:\/\/www.europesays.com\/lv\/wp-json\/wp\/v2\/tags?post=105712"}],"curies":[{"name":"wp","href":"https:\/\/api.w.org\/{rel}","templated":true}]}}