{"id":105714,"date":"2026-01-15T15:24:20","date_gmt":"2026-01-15T15:24:20","guid":{"rendered":"https:\/\/www.europesays.com\/lv\/105714\/"},"modified":"2026-01-15T15:24:20","modified_gmt":"2026-01-15T15:24:20","slug":"tilts-par-zemu-un-navigacija-melo-klasiska-vieta-un-ari-situacija-klasiska","status":"publish","type":"post","link":"https:\/\/www.europesays.com\/lv\/105714\/","title":{"rendered":"Tilts par zemu un navig\u0101cija melo? Klasiska vieta un ar\u012b situ\u0101cija klasiska"},"content":{"rendered":"<p>    <img decoding=\"async\" src=\"https:\/\/www.europesays.com\/lv\/wp-content\/uploads\/2026\/01\/FotoJet-2026-01-15T090710.721-1024x683.jpg\" alt=\"&#10;Av\u0101rija pie Akmens tilta&#10;\"\/><\/p>\n<p>Av\u0101rija pie Akmens tilta<\/p>\n<p>Ekr\u0101n\u0161\u0101vi\u0146\u0161 no \u201cX\u201d @breakinglv\n<\/p>\n<p>Tre\u0161dienas p\u0113cpusdien\u0101 R\u012bg\u0101, 11. novembra krastmal\u0101 zem Akmens tilta, notika satiksmes negad\u012bjums, kur\u0101 smag\u0101 auto \u0161oferis pamat\u012bgi saboj\u0101ja savu braucamo, jo, iesp\u0113jams, laikus nebija piev\u0113rsis uzman\u012bbu ce\u013ca z\u012bm\u0113m, kas nor\u0101da tilta augstumu, par to zi\u0146o TV3 raid\u012bjums \u201c<a href=\"https:\/\/tv3.lv\/degpunkta\/degpunkta-satiksme\/tilts-par-zemu-un-navigacija-melo-fures-soferis-stasta-ka-iesprudis-zem-akmens-tilta\/\" rel=\"nofollow noopener\" target=\"_blank\">Degpunkt\u0101<\/a>\u201c.<\/p>\n<p>        Las\u012bt\u0101kie<br \/>\n        <a data-imagesrc=\"{&quot;300&quot;:&quot;https:\\\/\\\/lastatic.ams3.cdn.digitaloceanspaces.com\\\/2024\\\/04\\\/LET_24762978-1-300x199.jpg&quot;,&quot;768&quot;:&quot;https:\\\/\\\/lastatic.ams3.cdn.digitaloceanspaces.com\\\/2024\\\/04\\\/LET_24762978-1-768x510.jpg&quot;,&quot;200&quot;:&quot;https:\\\/\\\/lastatic.ams3.cdn.digitaloceanspaces.com\\\/2024\\\/04\\\/LET_24762978-1-200x133.jpg&quot;,&quot;400&quot;:&quot;https:\\\/\\\/lastatic.ams3.cdn.digitaloceanspaces.com\\\/2024\\\/04\\\/LET_24762978-1-400x266.jpg&quot;,&quot;500&quot;:&quot;https:\\\/\\\/lastatic.ams3.cdn.digitaloceanspaces.com\\\/2024\\\/04\\\/LET_24762978-1-500x332.jpg&quot;,&quot;800&quot;:&quot;https:\\\/\\\/lastatic.ams3.cdn.digitaloceanspaces.com\\\/2024\\\/04\\\/LET_24762978-1-800x531.jpg&quot;,&quot;1000&quot;:&quot;https:\\\/\\\/lastatic.ams3.cdn.digitaloceanspaces.com\\\/2024\\\/04\\\/LET_24762978-1.jpg&quot;}\" data-focuspoint=\"{&quot;x&quot;:&quot;47.38156399614123&quot;,&quot;y&quot;:&quot;33.25313680149975&quot;}\" data-p=\"2494626\" href=\"https:\/\/www.la.lv\/karmiska-vilkme-uz-lindam-pilseta-baumo-ka-hosams-abu-meri-ir-ar-jau-treso-lindu\" class=\"content-item lazy-load\" wp_automatic_readability=\"26.5\" rel=\"nofollow noopener\" target=\"_blank\"><\/p>\n<p>                                <img decoding=\"async\" src=\"\" alt=\"\" style=\"object-position: 47.38156399614123% 33.25313680149975%\" data-imageid=\"\"\/><\/p>\n<p>                                Kokteilis<\/p>\n<p>\n                                                \u201cKarmiska vilkme uz Lind\u0101m\u201d \u2013 pils\u0113t\u0101 baumo, ka Hosams Abu Meri ir ar jau tre\u0161o Lindu\n                            <\/p>\n<p><\/a><a data-imagesrc=\"{&quot;300&quot;:&quot;https:\\\/\\\/lastatic.ams3.cdn.digitaloceanspaces.com\\\/2026\\\/01\\\/afp_36n63th-300x200.jpg&quot;,&quot;1024&quot;:&quot;https:\\\/\\\/lastatic.ams3.cdn.digitaloceanspaces.com\\\/2026\\\/01\\\/afp_36n63th-1024x683.jpg&quot;,&quot;1536&quot;:&quot;https:\\\/\\\/lastatic.ams3.cdn.digitaloceanspaces.com\\\/2026\\\/01\\\/afp_36n63th-1536x1024.jpg&quot;,&quot;500&quot;:&quot;https:\\\/\\\/lastatic.ams3.cdn.digitaloceanspaces.com\\\/2026\\\/01\\\/afp_36n63th-500x333.jpg&quot;,&quot;800&quot;:&quot;https:\\\/\\\/lastatic.ams3.cdn.digitaloceanspaces.com\\\/2026\\\/01\\\/afp_36n63th-800x533.jpg&quot;,&quot;2560&quot;:&quot;https:\\\/\\\/lastatic.ams3.cdn.digitaloceanspaces.com\\\/2026\\\/01\\\/afp_36n63th-scaled.jpg&quot;}\" data-focuspoint=\"&quot;&quot;\" data-p=\"2492733\" href=\"https:\/\/www.la.lv\/tas-nav-normali-bet-ta-tas-ir-slaidins-atklaj-pratam-neaptveramas-lietas-kas-notiek-ar-rietumu-sankcijam-pret-krievijas-militaro-rupniecibu\" class=\"content-item lazy-load\" wp_automatic_readability=\"27.5\" rel=\"nofollow noopener\" target=\"_blank\"><\/p>\n<p>                                <img decoding=\"async\" src=\"\" alt=\"\" style=\"\" data-imageid=\"\"\/><\/p>\n<p>                                TV24<\/p>\n<p>                                            \u201cTas nav norm\u0101li, bet t\u0101 tas ir!\u201d Slaidi\u0146\u0161 atkl\u0101j pr\u0101tam neaptveramas lietas, kas notiek ar Rietumu sankcij\u0101m pret Krievijas milit\u0101ro r\u016bpniec\u012bbu\n                            <\/p>\n<p><\/a><a data-imagesrc=\"{&quot;300&quot;:&quot;https:\\\/\\\/lastatic.ams3.cdn.digitaloceanspaces.com\\\/2026\\\/01\\\/FotoJet-5-300x200.jpg&quot;,&quot;1024&quot;:&quot;https:\\\/\\\/lastatic.ams3.cdn.digitaloceanspaces.com\\\/2026\\\/01\\\/FotoJet-5-1024x683.jpg&quot;,&quot;1536&quot;:&quot;https:\\\/\\\/lastatic.ams3.cdn.digitaloceanspaces.com\\\/2026\\\/01\\\/FotoJet-5-1536x1024.jpg&quot;,&quot;500&quot;:&quot;https:\\\/\\\/lastatic.ams3.cdn.digitaloceanspaces.com\\\/2026\\\/01\\\/FotoJet-5-500x333.jpg&quot;,&quot;800&quot;:&quot;https:\\\/\\\/lastatic.ams3.cdn.digitaloceanspaces.com\\\/2026\\\/01\\\/FotoJet-5-800x533.jpg&quot;,&quot;1800&quot;:&quot;https:\\\/\\\/lastatic.ams3.cdn.digitaloceanspaces.com\\\/2026\\\/01\\\/FotoJet-5.jpg&quot;}\" data-focuspoint=\"&quot;&quot;\" data-p=\"2491277\" href=\"https:\/\/www.la.lv\/vecums-nav-spriedums-5-pazimes-kas-liecina-ka-jus-novecojat-loti-veiksmigi\" class=\"content-item lazy-load\" wp_automatic_readability=\"27\" rel=\"nofollow noopener\" target=\"_blank\"><\/p>\n<p>                                <img decoding=\"async\" src=\"\" alt=\"\" style=\"\" data-imageid=\"\"\/><\/p>\n<p>\n                                                Vecums nav spriedums: 5 paz\u012bmes, kas liecina, ka j\u016bs novecojat \u013coti veiksm\u012bgi\n                            <\/p>\n<p><\/a><br \/>\n        <a class=\"read-more\" href=\"https:\/\/www.la.lv\/top\" rel=\"nofollow noopener\" target=\"_blank\">Las\u012bt citas zi\u0146as<\/a><\/p>\n<p>Klasiska vieta, klasiska situ\u0101cija-t\u0101 var raksturot negad\u012bjumu, kas uz vair\u0101k\u0101m stund\u0101m atkal bija nosprostojis R\u012bgas centr\u0101 vienu no brauk\u0161anas josl\u0101m.<\/p>\n<p>\u0160oreiz \u0161\u012bs nedienas \u0161oferim uzbruku\u0161as t\u0101p\u0113c, ka tas esot uztic\u0113jies m\u016bsdienu tehnolo\u0123ij\u0101m. \u201cNavigators veda, nepiev\u0113rsu uzman\u012bbu. Esmu vain\u012bgs. Piekab\u0113 pap\u012brs,\u201d st\u0101sta f\u016bres \u0161oferis.<\/p>\n<p>    CITI \u0160OBR\u012aD LASA<\/p>\n<p>Vair\u0101k par notiku\u0161o skatieties zem\u0101k pievienotaj\u0101 video. Tikm\u0113r soct\u012bklos ar\u012b nebeidz sm\u012bk\u0146\u0101t par to, cik ilgi R\u012bgas kungiem b\u016bs j\u0101dom\u0101, k\u0101 \u0161\u0101da veida satiksmes negad\u012bjumus reizi par vis\u0101m reiz\u0113m izbeigt.<\/p>\n<blockquote class=\"twitter-tweet\" wp_automatic_readability=\"17.061889250814\">\n<p lang=\"lv\" dir=\"ltr\">Tas 3,1m ir pa vidu, tur ik pa laikam k\u0101da f\u016bre iespr\u016bst, paskat\u0101s uz aug\u0161u, tur viss noskr\u0101p\u0113ts, un dzelten\u0101 br\u012bdin\u0101juma z\u012bme, kas br\u012bdina par zemu tiltu, ir uzst\u0101d\u012bta stipri par v\u0113lu auto vad\u012bt\u0101jam, sistem\u0101tiski k\u0101da f\u016bre dod atpaka\u013cgait\u0101.<\/p>\n<p>\u2014 Aleksis (@SkanjuVecis) <a href=\"https:\/\/twitter.com\/SkanjuVecis\/status\/2011675335582962033?ref_src=twsrc%5Etfw\" rel=\"nofollow noopener\" target=\"_blank\">January 15, 2026<\/a><\/p>\n<\/blockquote>\n<blockquote class=\"twitter-tweet\" data-conversation=\"none\" wp_automatic_readability=\"9.0229007633588\">\n<p lang=\"lv\" dir=\"ltr\">Tie\u0161i tik vienk\u0101r\u0161i . Mums gan \u0161ur tur k\u0101dreiz bija ar\u012b t\u0101di k\u0101 d\u0113\u013ci iekarin\u0101t ar str\u012bp\u0101m, piem. zem dzelzce\u013ca tilta J\u016brmal\u0101 , un ir aizvien <a href=\"https:\/\/t.co\/brWL5OrHU8\" rel=\"nofollow\">https:\/\/t.co\/brWL5OrHU8<\/a> <a href=\"https:\/\/t.co\/eCcmHH2hs6\" rel=\"nofollow\">pic.twitter.com\/eCcmHH2hs6<\/a><\/p>\n<p>\u2014 Juris Flugins\ud83c\udfc1 (@JurisFlugins) <a href=\"https:\/\/twitter.com\/JurisFlugins\/status\/2011663780896211284?ref_src=twsrc%5Etfw\" rel=\"nofollow noopener\" target=\"_blank\">January 15, 2026<\/a><\/p>\n<\/blockquote>\n<p>T\u0113mas<\/p>\n<p>    SAIST\u012aTIE RAKSTI<\/p>\n<p>                            <script async src=\"https:\/\/platform.twitter.com\/widgets.js\" charset=\"utf-8\"><\/script><\/p>\n","protected":false},"excerpt":{"rendered":"Av\u0101rija pie Akmens tilta Ekr\u0101n\u0161\u0101vi\u0146\u0161 no \u201cX\u201d @breakinglv Tre\u0161dienas p\u0113cpusdien\u0101 R\u012bg\u0101, 11. novembra krastmal\u0101 zem Akmens tilta, notika&hellip;\n","protected":false},"author":2,"featured_media":105715,"comment_status":"","ping_status":"","sticky":false,"template":"","format":"standard","meta":{"footnotes":""},"categories":[5],"tags":[23,28,29,32,33,22,30,31,35,39,38,36,37,34,40,20,26,27,24,25,21],"class_list":{"0":"post-105714","1":"post","2":"type-post","3":"status-publish","4":"format-standard","5":"has-post-thumbnail","7":"category-aktualitates","8":"tag-aktualitates","9":"tag-breaking-news","10":"tag-breakingnews","11":"tag-featured-news","12":"tag-featurednews","13":"tag-headlines","14":"tag-latest-news","15":"tag-latestnews","16":"tag-latvia","17":"tag-latvian","18":"tag-latviesu","19":"tag-latviesu-valoda","20":"tag-latviesuvaloda","21":"tag-latvija","22":"tag-lv","23":"tag-news","24":"tag-popularakas-zinas","25":"tag-popularakaszinas","26":"tag-top-stories","27":"tag-topstories","28":"tag-zinas"},"share_on_mastodon":{"url":"https:\/\/pubeurope.com\/@lv\/115899811203737145","error":""},"_links":{"self":[{"href":"https:\/\/www.europesays.com\/lv\/wp-json\/wp\/v2\/posts\/105714","targetHints":{"allow":["GET"]}}],"collection":[{"href":"https:\/\/www.europesays.com\/lv\/wp-json\/wp\/v2\/posts"}],"about":[{"href":"https:\/\/www.europesays.com\/lv\/wp-json\/wp\/v2\/types\/post"}],"author":[{"embeddable":true,"href":"https:\/\/www.europesays.com\/lv\/wp-json\/wp\/v2\/users\/2"}],"replies":[{"embeddable":true,"href":"https:\/\/www.europesays.com\/lv\/wp-json\/wp\/v2\/comments?post=105714"}],"version-history":[{"count":0,"href":"https:\/\/www.europesays.com\/lv\/wp-json\/wp\/v2\/posts\/105714\/revisions"}],"wp:featuredmedia":[{"embeddable":true,"href":"https:\/\/www.europesays.com\/lv\/wp-json\/wp\/v2\/media\/105715"}],"wp:attachment":[{"href":"https:\/\/www.europesays.com\/lv\/wp-json\/wp\/v2\/media?parent=105714"}],"wp:term":[{"taxonomy":"category","embeddable":true,"href":"https:\/\/www.europesays.com\/lv\/wp-json\/wp\/v2\/categories?post=105714"},{"taxonomy":"post_tag","embeddable":true,"href":"https:\/\/www.europesays.com\/lv\/wp-json\/wp\/v2\/tags?post=105714"}],"curies":[{"name":"wp","href":"https:\/\/api.w.org\/{rel}","templated":true}]}}