{"id":105723,"date":"2026-01-15T15:30:13","date_gmt":"2026-01-15T15:30:13","guid":{"rendered":"https:\/\/www.europesays.com\/lv\/105723\/"},"modified":"2026-01-15T15:30:13","modified_gmt":"2026-01-15T15:30:13","slug":"skotija-vardarbigi-nogalinats-latvijas-pilsonis-arturs-aizdomas-turetie-tevs-un-dels","status":"publish","type":"post","link":"https:\/\/www.europesays.com\/lv\/105723\/","title":{"rendered":"Skotij\u0101 vardarb\u012bgi nogalin\u0101ts Latvijas pilsonis Art\u016brs; aizdom\u0101s tur\u0113tie \u2013 t\u0113vs un d\u0113ls"},"content":{"rendered":"<p>K\u0101 zin\u0101ms \u0161obr\u012bd, p\u0101r\u0113jie abi ievainotie v\u012brie\u0161i \u2013 t\u0113vs un d\u0113ls \u2013 tagad tiek tur\u0113ti aizdom\u0101s par Art\u016bra slepkav\u012bbu.<\/p>\n<p>Ar Skotijas policijas starpniec\u012bbu Art\u016bra \u0123imene izplat\u012bjusi pazi\u0146ojumu, kur\u0101 teikts: \u201cArt\u016brs bija \u013coti m\u012bl\u0113ts d\u0113ls, t\u0113vs un partneris, kur\u0161 \u013coti pietr\u016bks.\u201d<\/p>\n<p>Aizdom\u0101s tur\u0113tie, 38 gadus vecais t\u0113vs un vi\u0146a 21 gadus vecais d\u0113ls, \u0161oned\u0113\u013c st\u0101j\u0101s tiesas priek\u0161\u0101. Abi aps\u016bdz\u0113ti par vair\u0101ku d\u016brienu izdar\u012b\u0161anu, k\u0101 rezult\u0101t\u0101 Art\u016brs zaud\u0113ja dz\u012bv\u012bbu. Aps\u016bdz\u0113tie vainu noliedz.<\/p>\n<p>Policija turpina izmekl\u0113\u0161anu, galvenais inspektors D\u017eons Lamsdens viet\u0113jiem medijiem koment\u0113ja: \u201cEsam dom\u0101s ar miru\u0161\u0101 v\u012brie\u0161a \u0123imeni un draugiem.\u00a0Policija \u0161obr\u012bd turpina veikt pla\u0161u izmekl\u0113\u0161anu, t\u0101p\u0113c n\u0101kamaj\u0101s dien\u0101s \u0161aj\u0101 rajon\u0101 b\u016bs pastiprin\u0101ta policijas kl\u0101tb\u016btne. M\u0113s saprotam, ka \u0161is incidents viet\u0113jai kopienai var rad\u012bt ba\u017eas, un aicin\u0101m ikvienu, kam ir jaut\u0101jumi, v\u0113rsties pie viet\u0113j\u0101s policijas.\u201d<\/p>\n<p class=\"tv3-fw-500\">Zi\u0146o par k\u013c\u016bdu rakst\u0101<\/p>\n<p class=\"d-md-block d-none\">Iez\u012bm\u0113 k\u013c\u016bdaino tekstu un spied Ctrl+Enter.<\/p>\n<p class=\"d-md-none d-block\">Iez\u012bm\u0113 k\u013c\u016bdaino tekstu un zi\u0146o par to!<\/p>\n","protected":false},"excerpt":{"rendered":"K\u0101 zin\u0101ms \u0161obr\u012bd, p\u0101r\u0113jie abi ievainotie v\u012brie\u0161i \u2013 t\u0113vs un d\u0113ls \u2013 tagad tiek tur\u0113ti aizdom\u0101s par Art\u016bra&hellip;\n","protected":false},"author":2,"featured_media":105724,"comment_status":"","ping_status":"","sticky":false,"template":"","format":"standard","meta":{"footnotes":""},"categories":[5],"tags":[23,28,29,32,33,22,30,31,35,39,38,36,37,34,40,20,26,27,25310,24,25,21],"class_list":{"0":"post-105723","1":"post","2":"type-post","3":"status-publish","4":"format-standard","5":"has-post-thumbnail","7":"category-aktualitates","8":"tag-aktualitates","9":"tag-breaking-news","10":"tag-breakingnews","11":"tag-featured-news","12":"tag-featurednews","13":"tag-headlines","14":"tag-latest-news","15":"tag-latestnews","16":"tag-latvia","17":"tag-latvian","18":"tag-latviesu","19":"tag-latviesu-valoda","20":"tag-latviesuvaloda","21":"tag-latvija","22":"tag-lv","23":"tag-news","24":"tag-popularakas-zinas","25":"tag-popularakaszinas","26":"tag-skotijaslepkaviba","27":"tag-top-stories","28":"tag-topstories","29":"tag-zinas"},"share_on_mastodon":{"url":"https:\/\/pubeurope.com\/@lv\/115899834183447659","error":""},"_links":{"self":[{"href":"https:\/\/www.europesays.com\/lv\/wp-json\/wp\/v2\/posts\/105723","targetHints":{"allow":["GET"]}}],"collection":[{"href":"https:\/\/www.europesays.com\/lv\/wp-json\/wp\/v2\/posts"}],"about":[{"href":"https:\/\/www.europesays.com\/lv\/wp-json\/wp\/v2\/types\/post"}],"author":[{"embeddable":true,"href":"https:\/\/www.europesays.com\/lv\/wp-json\/wp\/v2\/users\/2"}],"replies":[{"embeddable":true,"href":"https:\/\/www.europesays.com\/lv\/wp-json\/wp\/v2\/comments?post=105723"}],"version-history":[{"count":0,"href":"https:\/\/www.europesays.com\/lv\/wp-json\/wp\/v2\/posts\/105723\/revisions"}],"wp:featuredmedia":[{"embeddable":true,"href":"https:\/\/www.europesays.com\/lv\/wp-json\/wp\/v2\/media\/105724"}],"wp:attachment":[{"href":"https:\/\/www.europesays.com\/lv\/wp-json\/wp\/v2\/media?parent=105723"}],"wp:term":[{"taxonomy":"category","embeddable":true,"href":"https:\/\/www.europesays.com\/lv\/wp-json\/wp\/v2\/categories?post=105723"},{"taxonomy":"post_tag","embeddable":true,"href":"https:\/\/www.europesays.com\/lv\/wp-json\/wp\/v2\/tags?post=105723"}],"curies":[{"name":"wp","href":"https:\/\/api.w.org\/{rel}","templated":true}]}}