{"id":105726,"date":"2026-01-15T15:35:17","date_gmt":"2026-01-15T15:35:17","guid":{"rendered":"https:\/\/www.europesays.com\/lv\/105726\/"},"modified":"2026-01-15T15:35:17","modified_gmt":"2026-01-15T15:35:17","slug":"absurds-elektriba-klus-letaka-bet-dalai-latvijas-majsaimniecibu-ta-maksas-dargak-nra","status":"publish","type":"post","link":"https:\/\/www.europesays.com\/lv\/105726\/","title":{"rendered":"Absurds? Elektr\u012bba k\u013c\u016bs l\u0113t\u0101ka, bet da\u013cai Latvijas m\u0101jsaimniec\u012bbu t\u0101 maks\u0101s d\u0101rg\u0101k &#8211; NRA"},"content":{"rendered":"<ol>\n<li><a href=\"https:\/\/news.google.com\/rss\/articles\/CBMigwFBVV95cUxNdmQtdDZuU2lIdGxjTzBPemZtbFlBelh3MDc1bEtQOE9OLXg3dHh1aDNBU0tKVnB4emhzamlJdlZpR3VILXZEYkt3bVBxQUVsVmc3dnlVWlROYUhkLXJSaUhKWXgxa001eGRVZWlFZVNtalQwNmRWVndzNVNibWdKbzFraw?oc=5\" target=\"_blank\" rel=\"nofollow noopener\">Absurds? Elektr\u012bba k\u013c\u016bs l\u0113t\u0101ka, bet da\u013cai Latvijas m\u0101jsaimniec\u012bbu t\u0101 maks\u0101s d\u0101rg\u0101k<\/a>&nbsp;&nbsp;NRA<\/li>\n<li><a href=\"https:\/\/news.google.com\/rss\/articles\/CBMioAFBVV95cUxQc3hqaTVmamFvczlJaG1odEx4dlRXRl8zZjZJLWhGNGxzRFh0eTRYeThGeDlTZUVhczhSSFQyQnJULTRCN0JQbU5xV0FNczNvNHU3MXo5YXRQc1M4cDJwRUxSX3NPOWlMN2JRaEVjTEJwNDh0Q3hEVkptQ0swLS1CTFl5TzhuRWU1MmFwa3ZvTGpNRUJ2V21PZ0RGZVJPU0tZ?oc=5\" target=\"_blank\" rel=\"nofollow noopener\">Nozares ministrs par elektr\u012bbas sad\u0101rdzin\u0101jumu: P\u0101rskatiet jaudu savos piesl\u0113gumos!<\/a>&nbsp;&nbsp;LA.LV<\/li>\n<li><a href=\"https:\/\/news.google.com\/rss\/articles\/CBMi0wFBVV95cUxNblh6dXlQUVVQcVdkb0dKVFBHczhwS3hIY1J3Vm5mMjRkMVJic2owSHVfM2xVWktHejZqMDYxbjFFQllKM3NIOFljS05zRzFZMUZsX2xsRDQ5cDNXY1FzS3h3S3h3YzJpWjZfNlEtWEFNbGZra0w5R0dsQnZBZThwUTB2UlU5TEg1R0NCOXMwSWVnaTBqc1RaYmJpM3NvQmN2NWhoX1E5c1NpdDVzQ2J0VjZlZW5RYkJ5NUJXRWpYakxOejQtM0UtZWZMWHMzWmpCWE93?oc=5\" target=\"_blank\" rel=\"nofollow noopener\">Elektroener\u0123ijas vid\u0113j\u0101 tirgus cena decembr\u012b Latvij\u0101 un Lietuv\u0101 saruka par 24%<\/a>&nbsp;&nbsp;liepajniekiem.lv<\/li>\n<li><a href=\"https:\/\/news.google.com\/rss\/articles\/CBMiuwFBVV95cUxOY2hFaFZValA5WVhsOGJ6VHdGamFkZVduYmFGVnc4d2VDQ21XWmVzemgtbmpmUmdxT2hOZ3hCMTYzazJLLWJmMTktYnhIWDRkMl9zQ29DNENTV3lvYjNxZ19OUTFXM014WkVXOGlvOGRQV19yMmctV01xa1IwRF9sWUhRUzl5Q0NTSHdVM3RqVVBVYloxVG5GODNXSXBCdmdseTBqYzhZSVhCUEtLc0FxR0Vxd0paWUpSdzVJ?oc=5\" target=\"_blank\" rel=\"nofollow noopener\">Klimata un ener\u0123\u0113tikas ministrija br\u012bdina par elektr\u012bbas cenas paaugstin\u0101\u0161anos<\/a>&nbsp;&nbsp;Santa.lv<\/li>\n<li><a href=\"https:\/\/news.google.com\/rss\/articles\/CBMihwFBVV95cUxQdmVRNVcxMW0zZ3h0czhUQmZtVTJPNzlKQnJaM2VoRUNDczRrV29ZSTVzaTluYkxZWUhVYVVYV1o4cjUyRzhHdVY3S3htTUt2dUUycTctNzV3NHVoY2wzQkpCUHppc1Y3NVhxa3l2R1MyTXZUdmEtMkpTSTU5SHdZVkhNY2IzbEk?oc=5\" target=\"_blank\" rel=\"nofollow noopener\">Aukstums dzen aug\u0161\u0101 elektr\u012bbas cenas<\/a>&nbsp;&nbsp;NRA<\/li>\n<\/ol>\n","protected":false},"excerpt":{"rendered":"Absurds? Elektr\u012bba k\u013c\u016bs l\u0113t\u0101ka, bet da\u013cai Latvijas m\u0101jsaimniec\u012bbu t\u0101 maks\u0101s d\u0101rg\u0101k&nbsp;&nbsp;NRA Nozares ministrs par elektr\u012bbas sad\u0101rdzin\u0101jumu: P\u0101rskatiet jaudu&hellip;\n","protected":false},"author":2,"featured_media":105727,"comment_status":"","ping_status":"","sticky":false,"template":"","format":"standard","meta":{"footnotes":""},"categories":[12],"tags":[23,28,29,32,33,22,30,31,35,39,38,36,37,34,40,20,26,27,24,25,21],"class_list":{"0":"post-105726","1":"post","2":"type-post","3":"status-publish","4":"format-standard","5":"has-post-thumbnail","7":"category-latvija","8":"tag-aktualitates","9":"tag-breaking-news","10":"tag-breakingnews","11":"tag-featured-news","12":"tag-featurednews","13":"tag-headlines","14":"tag-latest-news","15":"tag-latestnews","16":"tag-latvia","17":"tag-latvian","18":"tag-latviesu","19":"tag-latviesu-valoda","20":"tag-latviesuvaloda","21":"tag-latvija","22":"tag-lv","23":"tag-news","24":"tag-popularakas-zinas","25":"tag-popularakaszinas","26":"tag-top-stories","27":"tag-topstories","28":"tag-zinas"},"share_on_mastodon":{"url":"https:\/\/pubeurope.com\/@lv\/115899853894462801","error":""},"_links":{"self":[{"href":"https:\/\/www.europesays.com\/lv\/wp-json\/wp\/v2\/posts\/105726","targetHints":{"allow":["GET"]}}],"collection":[{"href":"https:\/\/www.europesays.com\/lv\/wp-json\/wp\/v2\/posts"}],"about":[{"href":"https:\/\/www.europesays.com\/lv\/wp-json\/wp\/v2\/types\/post"}],"author":[{"embeddable":true,"href":"https:\/\/www.europesays.com\/lv\/wp-json\/wp\/v2\/users\/2"}],"replies":[{"embeddable":true,"href":"https:\/\/www.europesays.com\/lv\/wp-json\/wp\/v2\/comments?post=105726"}],"version-history":[{"count":0,"href":"https:\/\/www.europesays.com\/lv\/wp-json\/wp\/v2\/posts\/105726\/revisions"}],"wp:featuredmedia":[{"embeddable":true,"href":"https:\/\/www.europesays.com\/lv\/wp-json\/wp\/v2\/media\/105727"}],"wp:attachment":[{"href":"https:\/\/www.europesays.com\/lv\/wp-json\/wp\/v2\/media?parent=105726"}],"wp:term":[{"taxonomy":"category","embeddable":true,"href":"https:\/\/www.europesays.com\/lv\/wp-json\/wp\/v2\/categories?post=105726"},{"taxonomy":"post_tag","embeddable":true,"href":"https:\/\/www.europesays.com\/lv\/wp-json\/wp\/v2\/tags?post=105726"}],"curies":[{"name":"wp","href":"https:\/\/api.w.org\/{rel}","templated":true}]}}