{"id":105730,"date":"2026-01-15T15:41:19","date_gmt":"2026-01-15T15:41:19","guid":{"rendered":"https:\/\/www.europesays.com\/lv\/105730\/"},"modified":"2026-01-15T15:41:19","modified_gmt":"2026-01-15T15:41:19","slug":"ministres-kirsu-svetki-nav-istie-dziesmu-svetki","status":"publish","type":"post","link":"https:\/\/www.europesays.com\/lv\/105730\/","title":{"rendered":"Ministres: \u0136ir\u0161u sv\u0113tki nav \u012bstie Dziesmu sv\u0113tki!"},"content":{"rendered":"<p class=\"descr\">Kult\u016bras ministre Agnese L\u0101ce (\u201cProgres\u012bvie\u201d) un izgl\u012bt\u012bbas un zin\u0101tnes ministre Dace Melb\u0101rde (\u201cJaun\u0101 vienot\u012bba\u201d) sarun\u0101 ar \u201cnra.lv\u201d strikti uzsver \u2013 \u0161\u0101 gada j\u016blij\u0101 paredz\u0113tie un bi\u013ce\u0161u tirdzniec\u012bbas aprit\u0113 redzamie \u201cRaimonda Paula dziesmu sv\u0113tki Manai Dzimtenei\u201d nav attiecin\u0101mi uz tiem m\u016bsu tautas tradicion\u0101lajiem Dziesmu sv\u0113tkiem, kuru norisi regul\u0113 Dziesmu un deju sv\u0113tku likums un kuru atbalst\u012b\u0161an\u0101 iesaist\u0101s ministrijas un valsts, pa\u0161vald\u012bbas iest\u0101des.<\/p>\n<p>No kult\u016bras ministres A. L\u0101ces pak\u013caut\u012bb\u0101 eso\u0161\u0101s tie\u0161\u0101s p\u0101rvaldes iest\u0101des Latvijas Nacion\u0101l\u0101 kult\u016bras centra (LNKC) mums sniegtaj\u0101m atbild\u0113m, k\u0101 ar\u012b no LNKC m\u0101jaslapas inform\u0101cijas noprotams: tautai netiek tirgotas bi\u013cetes uz Dziesmu sv\u0113tkiem, bet gan uz\u0146\u0113m\u0113ja un m\u016bzi\u0137a J\u0101\u0146a \u0136ir\u0161a un ar\u012b biju\u0161\u0101 SIA \u201cLatvijas koncerti\u201d vien\u012bg\u0101 valdes locek\u013ca Guntara \u0136ir\u0161a organiz\u0113tu biznesa projektu, kura nosaukum\u0101 tiek izmantots Raimonda Paula v\u0101rds bez Maestro sv\u0113t\u012bbas. Projekta autori pas\u0101kumu virz\u012bju\u0161i t\u0101, lai to var\u0113tu pab\u012bd\u012bt zem Dziesmu un deju sv\u0113tku likuma norm\u0101m, kas pas\u0101kumam paredz b\u016btisku valsts un pa\u0161vald\u012bbas atbalstu un resursu piesaisti koru ska\u0161u r\u012bko\u0161an\u0101, \u017e\u016brijas algo\u0161an\u0101, lai priv\u0101tais biznesa projekts labi izskan. Pa\u0161vald\u012bbas ar\u012b uz saviem pleciem iznes savu da\u013cu izdevumu seg\u0161anu. S\u012bk\u0101k par to lasiet<a href=\"https:\/\/nra.lv\/neatkariga\/komentari\/maris-krautmanis-3\/511282-raimonda-paula-vards-bilete-uz-miljoniem.htm\" data-item-link=\"true\" data-item-id=\"511282\" rel=\"nofollow noopener\" target=\"_blank\"> \u0161eit. <\/a><\/p>\n<p>Nek\u0101ds statuss nav pie\u0161\u0137irts <\/p>\n<p><a href=\"https:\/\/nra.lv\/birka\/agnese-lace\/\" target=\"_blank\" rel=\"noopener nofollow\">A. L\u0101ce<\/a> notieko\u0161o skaidro \u0161\u0101di: \u201cNek\u0101ds statuss jau vi\u0146iem (dom\u0101ts biznesa projekta \u201cRaimonda Paula dziesmu sv\u0113tki Manai Dzimtenei\u201d organiz\u0113t\u0101jiem) nav pie\u0161\u0137irts. Dziesmu sv\u0113tku trad\u012bcija joproj\u0101m ir viena. Par jomas virz\u012bbu un par Visp\u0101r\u0113jo dziesmu un deju sv\u0113tku organiz\u0113\u0161anu ir atbild\u012bgs Latvijas Nacion\u0101lais kult\u016bras centrs. \u0160is ir pas\u0101kums, kur\u0161 ir tapis p\u0113c priv\u0101tas iniciat\u012bvas. UNESCO ir re\u0123istr\u0113ta tikai viena Dziesmu un deju sv\u0113tku trad\u012bcija.\u201d<\/p>\n<p>Vaic\u0101ta, vai j\u016blij\u0101 paredz\u0113tais dziesmu sv\u0113tku pas\u0101kums no valsts un pa\u0161vald\u012bbu puses netiks atbalst\u012bts, k\u0101 to paredz Dziesmu un deju sv\u0113tku likums, A. L\u0101ce skaidroja: \u201cKoru kust\u012bbu, protams, atbalsta valsts, tai skait\u0101 ar m\u0113r\u0137dot\u0101ciju m\u0101ksliniecisko kolekt\u012bvu atalgojumam. Koru kust\u012bbu, protams, atbalsta ar\u012b pa\u0161vald\u012bbas, nodro\u0161inot vi\u0146iem (kolekt\u012bvu vad\u012bt\u0101jiem) pamatdarbu, ta\u010du \u012bpa\u0161s finans\u0113jums koru dal\u012bbai \u0161aj\u0101 noris\u0113 (dom\u0101ts \u0136ir\u0161u organiz\u0113tie dziesmu sv\u0113tki) nav. Valsts finans\u0113juma \u0161ai pas\u0101kuma norisei nav. Dom\u0101jot par to, k\u0101 m\u0113s uzturam un atbalst\u0101m koru kust\u012bbu, mums ar\u012b nevajadz\u0113tu teikt, ka priv\u0101tie pas\u0101kumi ir tie, kuros kori nevar\u0113tu piedal\u012bties. Kori gatavojas da\u017e\u0101d\u0101m noris\u0113m, ne tikai Dziesmu sv\u0113tkiem. Kori piedal\u0101s visda\u017e\u0101d\u0101kajos pas\u0101kumos, un \u0161aj\u0101 gad\u012bjum\u0101, no Latvijas Nacion\u0101l\u0101 kult\u016bras centra perspekt\u012bvas un ar\u012b no Kult\u016bras ministrijas perspekt\u012bvas, ir svar\u012bgi, ka m\u0113s atbalstam un turpin\u0101m atbalst\u012bt \u0161o kust\u012bbu, ka m\u0113s no valsts turpin\u0101m nodro\u0161in\u0101t finans\u0113jumu gan \u0161ai pamatdarb\u012bbai, gan dziesmu sv\u0113tku norisei, un to m\u0113s ar\u012b turpin\u0101sim dar\u012bt.\u201d <\/p>\n<p>Vaic\u0101ta, k\u0101 ministre v\u0113rt\u0113 to, ka priv\u0101t\u0101 biznesa pas\u0101kum\u0101 tiek izmantots Raimonda Paula v\u0101rds, lai gan pats Maestro saka, ka vi\u0146am ar \u0161o pas\u0101kumu nav nek\u0101das saist\u012bbas, A. L\u0101ce teica: \u201c\u0160is ir jaut\u0101jums pas\u0101kuma organizatoriem, taj\u0101 skait\u0101 par to, k\u0101 ir nok\u0101rtotas visas ar pas\u0101kumu saist\u012bt\u0101s autorties\u012bbas un licences. \u0160aj\u0101 gad\u0101 m\u0113s noteikti redz\u0113sim daudz sv\u0113tku, kuros tiks svin\u0113ta Maestro dai\u013crade. Ir svar\u012bgi, lai katrs organizators p\u0101rliecin\u0101s, ka visas formalit\u0101tes, kuras ar pas\u0101kumu ir saist\u012btas, tiek nok\u0101rtotas.\u201d <\/p>\n<p>N\u0113, tie nav Dziesmu sv\u0113tki <\/p>\n<p><a href=\"https:\/\/nra.lv\/birka\/dace-melbarde\/\" target=\"_blank\" rel=\"noopener nofollow\">D. Melb\u0101rde<\/a> uz jaut\u0101jumu, vai priv\u0101ti organiz\u0113tais pas\u0101kums \u201cRaimonda Paula dziesmu sv\u0113tki Manai Dzimtenei\u201d ir dziesmu sv\u0113tki un ir uztverams Dziesmu un deju sv\u0113tku likuma izpratn\u0113, atbild\u0113ja: \u201cN\u0113, tie nav dziesmu sv\u0113tki Dziesmu un deju sv\u0113tku likuma izpratn\u0113. T\u0101 ir interpret\u0101cija, cik es saprotu, ar labiem nodomiem godin\u0101t m\u016bsu Maestro, t\u0101p\u0113c, ka Maestro dziesmas veido lielu da\u013cu Dziesmu un deju sv\u0113tku kr\u0101juma, bet Dziesmu un deju sv\u0113tku likuma izpratn\u0113 tie nav Dziesmu sv\u0113tki. Dziesmu un deju sv\u0113tku likums skaidri pasaka, kas ir dziesmu un deju sv\u0113tku trad\u012bcija. \u0160\u012b trad\u012bcija ietver sev\u012b Visp\u0101r\u0113jos latvie\u0161u dziesmu un deju sv\u0113tkus, Skol\u0113nu dziesmu un deju sv\u0113tkus, un ir ar\u012b t\u0101di atzari k\u0101 \u201cGaudeamus\u201d &#8211; Baltijas studentu sv\u0113tki, un ir Zieme\u013cvalstu dziesmu un deju sv\u0113tki. Tas ir sasaist\u012bts ar UNESCO. To UNESCO no savas puses ir nosaucis par liel\u0101ko \u0161edevru. \u0160\u012b ir skaista sasp\u0113le un interpret\u0101cija v\u0101rdiem \u201cdziesmu sv\u0113tki\u201d, bet likuma izpratn\u0113 tie nav Dziesmu sv\u0113tki.\u201d<\/p>\n<p>Vaic\u0101ta, k\u0101 ministre v\u0113rt\u0113 to, ka Raimonda Paula v\u0101rds tiek izmantots \u0161aj\u0101 biznesa projekt\u0101, D. Melb\u0101rde teica: \u201cMan ir p\u0101r\u0101k maz inform\u0101cijas, lai es var\u0113tu dot prec\u012bzu v\u0113rt\u0113jumu. Bet vienam gan es ticu, ka tur ir labi nodomi sumin\u0101t Maestro. Man ir \u017e\u0113l, ka nav bijusi pietiekami veiksm\u012bga komunik\u0101cija un labi dom\u0101ts pas\u0101kums \u0161obr\u012bd publiskaj\u0101 telp\u0101 izskan ne tik labi, k\u0101 tam vajadz\u0113tu b\u016bt. Zinu, ka cilv\u0113ki to grib un tam \u013coti gatavojas. San\u0101cis viss \u013coti neveiksm\u012bgi. Cilv\u0113ki nav l\u012bdz galam respekt\u0113ju\u0161i Maestro \u012bpa\u0161o viedokli un iesaisti. Es zinu, ka sarunas ir biju\u0161as, bet kaut kas l\u012bdz galam tai sarun\u0101 nav noticis.\u201d <\/p>\n<p>Uz jaut\u0101jumu, k\u0101ds var\u0113tu b\u016bt risin\u0101jums \u0161ai situ\u0101cijai, D. Melb\u0101rde nor\u0101d\u012bja: \u201cJ\u0101turpina run\u0101t ar Maestro par \u0161o t\u0113mu t\u0101p\u0113c, ka cilv\u0113ki \u013coti grib \u0161o pas\u0101kumu. Cik es zinu, cilv\u0113ki laukos gatavojas un visi labpr\u0101t satiktos Lielaj\u0101 estr\u0101d\u0113 un sumin\u0101tu Maestro. Bet, protams, ka tas nedr\u012bkst notikt, ja ir Maestro pretest\u012bba.\u201d <\/p>\n<p>LNKC apmu\u013c\u0137ots vai pats apmu\u013c\u0137ojies <\/p>\n<p>LNKC m\u0101jaslap\u0101 las\u0101ma inform\u0101cija, ka \u201cLNKC sadarb\u012bb\u0101 ar novadu pa\u0161vald\u012bb\u0101m 2026. gad\u0101 no 23. marta l\u012bdz 1. maijam organiz\u0113 Latvijas amatierkoru skates. Ska\u0161u galvenais m\u0113r\u0137is ir nodro\u0161in\u0101t koru darb\u012bbas procesa nep\u0101rtraukt\u012bbu.\u202f\u0160\u012b gada noz\u012bm\u012bg\u0101kie pas\u0101kumi koru nozar\u0113 ir Latvijas sievie\u0161u un v\u012bru koru sv\u0113tki, Latvijas senioru koru sv\u0113tki, VI Virsdiri\u0123entu sv\u0113tki Aloj\u0101, Latvijas koru saiets \u201cMe\u0146\u0123e\u013cos\u201d &#8211; Jurj\u0101nu Andrejam velt\u012btais 170 gadu atceres pas\u0101kums. <\/p>\n<p>Vienlaikus skates nodro\u0161ina koprepertu\u0101ra apguvi koncertam \u201cManai dzimtenei\u201d (r\u012bkot\u0101js &#8211; SIA &#8220;<a href=\"https:\/\/nra.lv\/birka\/auss-media\/\" target=\"_blank\" rel=\"noopener nofollow\">Auss Media<\/a>&#8220;).\u201d <\/p>\n<p>No min\u0113t\u0101 noprotams, ka \u201cManai Dzimtenei\u201d r\u012bkot\u0101ji, valstij nemaks\u0101jot ne centu, ieg\u016bst repertu\u0101ru apguvu\u0161us korus. Un tas viss notiek Dziesmu un deju sv\u0113tku likuma ietvaros, kur paredz\u0113ts, ka nepiecie\u0161amie resursi Dziesmu sv\u0113tku nodro\u0161in\u0101\u0161anai g\u016bstami uz valsts un pa\u0161vald\u012bbu r\u0113\u0137ina. Par pa\u0161vald\u012bbu un pa\u0161vald\u012bbas kapit\u0101lsabiedr\u012bbu iesaisti \u201cnra.lv\u201d v\u0113l turpina p\u0113t\u012bt. <\/p>\n<p>Savuk\u0101rt LNKC atbild\u0113 \u201cnra.lv\u201d skaidro, ka \u201cManai Dzimtenei\u201d pas\u0101kums aizs\u0101cies no J\u0101\u0146a \u0136ir\u0161a \u012bpa\u0161um\u0101 eso\u0161\u0101s un p\u0101rvald\u012bt\u0101s SIA \u201cAuss Media\u201d priek\u0161likuma un faktiski atkl\u0101j ar\u012b to, ka idejas autors koncertu sasaist\u012bt ar Visp\u0101r\u0113jiem latvie\u0161u dziesmu un deju sv\u0113tkiem ir J. \u0136ir\u0161a SIA \u201cAuss Media\u201d: \u201cLNKC izv\u0113rt\u0113jot koncerta noz\u012bm\u012bgumu, lietder\u012bbu un ietekmi uz dziesmu un deju sv\u0113tku trad\u012bcijas k\u0101 Cilv\u0113ces mutv\u0101rdu un nemateri\u0101l\u0101 kult\u016bras mantojuma meistardarba saglab\u0101\u0161anu, un iev\u0113rojot LNKC pien\u0101kumu sniegt organizatorisku, informat\u012bvu un cita veida atbalstu valsts un pa\u0161vald\u012bbu instit\u016bcij\u0101m, nevalstiskaj\u0101m organiz\u0101cij\u0101m un priv\u0101tperson\u0101m, nodro\u0161in\u0101t Visp\u0101r\u0113jo latvie\u0161u dziesmu un deju sv\u0113tku sagatavo\u0161anu, \u012bsteno\u0161anu un trad\u012bcijas nep\u0101rtraukt\u012bbu dziesmu un deju sv\u0113tku starplaik\u0101, k\u0101 ar\u012b atbilsto\u0161i kompetencei sadarboties ar valsts un pa\u0161vald\u012bbu instit\u016bcij\u0101m, biedr\u012bb\u0101m un nodibin\u0101jumiem un priv\u0101tperson\u0101m atbilsto\u0161i Ministru kabineta 2012. gada 18. decembra noteikumu Nr. 931 \u201cLatvijas Nacion\u0101l\u0101 kult\u016bras centra nolikums\u201d (turpm\u0101k &#8211; noteikumi) 4.6., 4.7. un 4.8. apak\u0161punktam, atbalst\u012bja r\u012bkot\u0101ja ieceri, sniedzot informat\u012bvu atbalstu koncerta veido\u0161anas gait\u0101 un populariz\u0113\u0161an\u0101.\u201d <\/p>\n<p> Atbild\u0113 nav min\u0113ts, kas to visu v\u0113rt\u0113ja &#8211; t\u0101 bija komisija vai priek\u0161likumu vienk\u0101r\u0161i sav\u0101 galv\u0101 izv\u0113rt\u0113ja un pie\u0146\u0113ma l\u0113mumu vai prec\u012bz\u0101k J.\u202f\u0136ir\u0161a ideju k\u0101 sav\u0113jo aprija LNKC direktore Signe Puj\u0101te. <\/p>\n<p>LNKC atbalsts &#8211; tie\u0161i tas, kas koncerta r\u012bkot\u0101jiem bija vajadz\u012bgs. LNKC pat nepaman\u012bja, ka dziesmu sv\u0113tku jaut\u0101jum\u0101 tas sadarbojas nevis ar nevalstisko sektoru, k\u0101 to paredz likums, bet gan ar komersantu. <\/p>\n<p>Tom\u0113r <a href=\"https:\/\/nra.lv\/birka\/guntars-kirsis\/\" target=\"_blank\" rel=\"noopener nofollow\">Guntars \u0136irsis<\/a> priek\u0161pl\u0101n\u0101  <\/p>\n<p> LNKC mums raksta: \u201cPla\u0161sazi\u0146as l\u012bdzek\u013cos izplat\u012bt\u0101 inform\u0101cija, kur\u0101 LNKC min\u0113ts k\u0101 r\u012bkot\u0101ja sadarb\u012bbas partneris, ar LNKC netika saska\u0146ota.\u201d <\/p>\n<p> Interesanti skan apgalvojums \u201cpla\u0161sazi\u0146as l\u012bdzek\u013cos izplat\u012bt\u0101 inform\u0101cija\u201d! No kurienes tad pla\u0161sazi\u0146as l\u012bdzek\u013ci \u0146\u0113ma inform\u0101ciju, ja ne no pa\u0161as LNKC m\u0101jaslapas, kur t\u0101 bija tobr\u012bd bija public\u0113ta! Ta\u010du t\u0101 v\u0113l b\u016btu puse b\u0113das. LNKC mums raksta: \u201cLNKC mutiski l\u016bdza Guntaru \u0136irsi pla\u0161sazi\u0146as l\u012bdzek\u013cos un citos publiskajos kan\u0101los nemin\u0113t LNKC k\u0101 sadarb\u012bbas partneri, tom\u0113r LNKC r\u012bc\u012bb\u0101 eso\u0161\u0101 inform\u0101cija liecina, ka min\u0113tais l\u016bgums netika piln\u012bb\u0101 iev\u0113rots.\u201d <\/p>\n<p>\u0160is teikums ir b\u016btisks: no kurienes par\u0101d\u0101s Guntars \u0136irsis, ja s\u0101kotn\u0113j\u0101 inform\u0101cij\u0101 LNKC m\u0101jaslap\u0101 un ar\u012b atbild\u0113 \u201cnra.lv\u201d piemin\u0113ta SIA \u201cAuss Media\u201d? \u201cAuss Media\u201d vien\u012bgais \u012bpa\u0161nieks un valdes loceklis ir J\u0101nis \u0136irsis. P\u0113c atbildes konteksta sprie\u017eot, G. \u0136irsis ar LNKC var\u0113tu b\u016bt komunic\u0113jis 2025. gada pirmaj\u0101 pus\u0113 laik\u0101, kad vi\u0146\u0161 v\u0113l bija Kult\u016bras ministrijas p\u0101rraudz\u012btaj\u0101 SIA \u201cLatvijas koncerti\u201d vien\u012bg\u0101 valdes locek\u013ca amat\u0101. No LNKC m\u0113\u0123in\u0101j\u0101m g\u016bt skaidr\u012bbu, k\u0101d\u0101 tad status\u0101 G. \u0136irsis komunic\u0113jis &#8211; k\u0101 amatpersona, k\u0101 komersants vai k\u0101 vienk\u0101r\u0161s gar\u0101mg\u0101j\u0113js un koru kust\u012bbas fans? Skaidr\u012bba ne par ko nerad\u0101s. <\/p>\n<p> K\u0101d\u0113\u013c gan LNKC b\u016btu j\u0101run\u0101 tie\u0161i ar Guntaru \u0136irsi, nevis ar J\u0101ni \u0136irsi? <\/p>\n<p>Varb\u016bt t\u0101d\u0113\u013c, ka pas\u0101kuma galven\u0101 persona tom\u0113r ir Guntars, nevis J\u0101nis? T\u0101tad par pas\u0101kumu \u201cManai Dzimtenei\u201d vienai Kult\u016bras ministrijas strukt\u016brvien\u012bbai notikusi mutiska komunik\u0101cija ar citas Kult\u016bras ministrijas strukt\u016brvien\u012bbu par to, k\u0101 nosl\u0113pt no sabiedr\u012bbas valsts resursu un resoru izmanto\u0161anu priv\u0101t\u0101 pas\u0101kuma organiz\u0113\u0161an\u0101? Vai nav san\u0101cis t\u0101, ka amatpersona vienojusies ar amatpersonu par maksim\u0101li apjom\u012bga labuma g\u016b\u0161anu vienas valsts amatpersonas \u0123imenei uz valsts un pa\u0161vald\u012bbas resursu r\u0113\u0137ina? Labums var izr\u0101d\u012bties m\u0113r\u0101ms miljonos eiro, bet, k\u0101 b\u0113rnu vok\u0101lais ansamblis \u201cDzeguz\u012bte\u201d dziesm\u0101 \u201cMafija\u201d dzied\u0101ja, \u201cskaitl\u012btis miljons ir \u013coti s\u012bks..\u201d*. <\/p>\n<p>Dziesmu un deju sv\u0113tku likuma 3. panta 1. da\u013ca \u013coti prec\u012bzi defin\u0113, kas ir Dziesmu sv\u0113tki: \u201cDziesmu un deju sv\u0113tki ir unik\u0101la Latvijas kult\u016bras trad\u012bcija un latvie\u0161u nacion\u0101l\u0101s identit\u0101tes sast\u0101vda\u013ca. Dziesmu un deju sv\u0113tkus tradicion\u0101li veido Visp\u0101r\u0113jie latvie\u0161u dziesmu un deju sv\u0113tki un Latvijas Skolu jaunatnes dziesmu un deju sv\u0113tki (turpm\u0101k ar\u012b &#8211; Dziesmu un deju sv\u0113tki).\u201d <\/p>\n<p>Likuma konkr\u0113tais pants un ar\u012b citi likuma panti nenosaka, ka Visp\u0101r\u0113jie dziesmu sv\u0113tki ir J\u0101\u0146a \u0136ir\u0161a vai Guntara \u0136ir\u0161a organiz\u0113tie \u201cRaimonda Paula Dziesmu sv\u0113tki Manai Dzimtenei\u201d. Likums nenosaka, ka priv\u0101ti organiz\u0113ts koncerts var b\u016bt Dziesmu sv\u0113tki un ka J\u0101\u0146a \u0136ir\u0161a SIA \u201cAuss Media\u201d k\u0101 kapit\u0101lsabiedr\u012bba b\u016btu piel\u012bdzin\u0101ma nevalstiskai organiz\u0101cijai. <\/p>\n<p>Bet pats kurioz\u0101kais \u0161aj\u0101 sadzied\u0101\u0161an\u0101s noris\u0113, ka valsts iest\u0101des k\u0101 LNKC un pa\u0161vald\u012bbas izliekas neredzam, nedzirdam &#8211; ka neesot j\u0101p\u0101rbauda Me\u017eaparka Lielaj\u0101 estr\u0101d\u0113 r\u012bkot\u0101 koncerta nosaukuma likum\u012bba, citiem v\u0101rdiem sakot, LNKC un pa\u0161vald\u012bbas turpina atbalst\u012bt k\u0101du priv\u0101tpersonu iesp\u0113jami nelikum\u012bgas darb\u012bbas. <\/p>\n<p>Valsts un pa\u0161vald\u012bbas pasp\u0101rn\u0113 tiek apzi\u0146oti, sasaukti, inform\u0113ti koristi, r\u012bkotaj\u0101s skat\u0113s noslogota \u017e\u016brija, segta telpu noma, diri\u0123enta darba apmaksa u.c. izmaksas t\u0101da pas\u0101kuma lab\u0101, kura nosaukums ir visticam\u0101k pretlikum\u012bgs, jo Maestro nav devis at\u013cauju izmantot savu v\u0101rdu. <\/p>\n<p>Valsts un pa\u0161vald\u012bbas iest\u0101\u017eu, valsts un pa\u0161vald\u012bbas kapit\u0101lsabiedr\u012bbu pien\u0101kums ir iev\u0113rot likumu un ir aizliegts piedal\u012bties iesp\u0113jam\u0101s nelikum\u012bb\u0101s, t\u0101s atbalst\u012bt, un t\u0101m ir pien\u0101kums rea\u0123\u0113t, ja tiek paman\u012btas iesp\u0113jam\u0101s nelikum\u012bbas, nevis izlikties neredzam, nedzirdam. <\/p>\n<p>* M\u016bzikas autors: Raimonds Pauls. V\u0101rdu autors: Guntars Ra\u010ds <\/p>\n<p>\u201cMafija, mafija, mafija <\/p>\n<p>Ir balta k\u0101 brokastu kafija. <\/p>\n<p>Ikviens m\u016bsu rind\u0101s ir nevain\u012bgs <\/p>\n<p>Un skaitl\u012btis miljons ir \u013coti s\u012bks. <\/p>\n<p>Mafija, mafija, mafija&#8230;\u201d <\/p>\n<p>\t\t\t\t\t\tinfo<\/p>\n<p>Uzzini pirmais<br \/>kas interesants noticis Latvij\u0101 un pasaul\u0113,<br \/>pievienojoties mums <a href=\"https:\/\/t.me\/neatkariga\" rel=\"nofollow\">Telegram<\/a> vai <a href=\"https:\/\/whatsapp.com\/channel\/0029VaMLFUH5K3zLU5s4wm3y\" rel=\"nofollow noopener\" target=\"_blank\">Whatsapp<\/a> kan\u0101l\u0101<\/p>\n","protected":false},"excerpt":{"rendered":"Kult\u016bras ministre Agnese L\u0101ce (\u201cProgres\u012bvie\u201d) un izgl\u012bt\u012bbas un zin\u0101tnes ministre Dace Melb\u0101rde (\u201cJaun\u0101 vienot\u012bba\u201d) sarun\u0101 ar \u201cnra.lv\u201d strikti&hellip;\n","protected":false},"author":2,"featured_media":105731,"comment_status":"","ping_status":"","sticky":false,"template":"","format":"standard","meta":{"footnotes":""},"categories":[12],"tags":[23,28,29,32,33,22,30,31,35,39,38,36,37,34,40,20,26,27,24,25,21],"class_list":{"0":"post-105730","1":"post","2":"type-post","3":"status-publish","4":"format-standard","5":"has-post-thumbnail","7":"category-latvija","8":"tag-aktualitates","9":"tag-breaking-news","10":"tag-breakingnews","11":"tag-featured-news","12":"tag-featurednews","13":"tag-headlines","14":"tag-latest-news","15":"tag-latestnews","16":"tag-latvia","17":"tag-latvian","18":"tag-latviesu","19":"tag-latviesu-valoda","20":"tag-latviesuvaloda","21":"tag-latvija","22":"tag-lv","23":"tag-news","24":"tag-popularakas-zinas","25":"tag-popularakaszinas","26":"tag-top-stories","27":"tag-topstories","28":"tag-zinas"},"share_on_mastodon":{"url":"https:\/\/pubeurope.com\/@lv\/115899877498383912","error":""},"_links":{"self":[{"href":"https:\/\/www.europesays.com\/lv\/wp-json\/wp\/v2\/posts\/105730","targetHints":{"allow":["GET"]}}],"collection":[{"href":"https:\/\/www.europesays.com\/lv\/wp-json\/wp\/v2\/posts"}],"about":[{"href":"https:\/\/www.europesays.com\/lv\/wp-json\/wp\/v2\/types\/post"}],"author":[{"embeddable":true,"href":"https:\/\/www.europesays.com\/lv\/wp-json\/wp\/v2\/users\/2"}],"replies":[{"embeddable":true,"href":"https:\/\/www.europesays.com\/lv\/wp-json\/wp\/v2\/comments?post=105730"}],"version-history":[{"count":0,"href":"https:\/\/www.europesays.com\/lv\/wp-json\/wp\/v2\/posts\/105730\/revisions"}],"wp:featuredmedia":[{"embeddable":true,"href":"https:\/\/www.europesays.com\/lv\/wp-json\/wp\/v2\/media\/105731"}],"wp:attachment":[{"href":"https:\/\/www.europesays.com\/lv\/wp-json\/wp\/v2\/media?parent=105730"}],"wp:term":[{"taxonomy":"category","embeddable":true,"href":"https:\/\/www.europesays.com\/lv\/wp-json\/wp\/v2\/categories?post=105730"},{"taxonomy":"post_tag","embeddable":true,"href":"https:\/\/www.europesays.com\/lv\/wp-json\/wp\/v2\/tags?post=105730"}],"curies":[{"name":"wp","href":"https:\/\/api.w.org\/{rel}","templated":true}]}}