{"id":105732,"date":"2026-01-15T15:42:22","date_gmt":"2026-01-15T15:42:22","guid":{"rendered":"https:\/\/www.europesays.com\/lv\/105732\/"},"modified":"2026-01-15T15:42:22","modified_gmt":"2026-01-15T15:42:22","slug":"no-restoranu-muzikanta-lidz-tautas-ikonai","status":"publish","type":"post","link":"https:\/\/www.europesays.com\/lv\/105732\/","title":{"rendered":"No restor\u0101nu muzikanta l\u012bdz tautas ikonai"},"content":{"rendered":"<p>                        <img fetchpriority=\"high\" decoding=\"async\" width=\"685\" height=\"483\" src=\"https:\/\/www.europesays.com\/lv\/wp-content\/uploads\/2026\/01\/gatavs-r-pauls-1.jpg\" alt=\"\" class=\"wp-image-669685\" style=\"width:840px;height:auto\"  \/><\/p>\n<p>Kad janv\u0101ra saltums sastopas ar R\u012bgas ielu akme\u0146iem, \u0161ogad gaiss \u0161\u0137iet cit\u0101d\u0101ks. Tas ir pies\u0101tin\u0101ts ar pateic\u012bbu, ko v\u0101rdos iet\u0113rpt ir gandr\u012bz neiesp\u0113jami. Devi\u0146desmit gadu. Tas nav tikai skaitlis pas\u0113 vai nodz\u012bvoto dienu virkne. Maestro Raimondam Paulam tie ir devi\u0146desmit gadi pie melnbaltajiem tausti\u0146iem, kas k\u013cuvu\u0161i par Latvijas sirdspukstiem.<\/p>\n<p>Iedom\u0101jieties ar skat\u012bt\u0101jiem pilnu koncertz\u0101li.<\/p>\n<p>Gaismas nodziest, un, aplausiem skanot, uz skatuves l\u0113n\u0101m iziet vi\u0146\u0161 \u2013 nedaudz sal\u012bcis, ar tikai sev vien rakstur\u012bgo, pa\u0161ironisko smaidu l\u016bpu kakti\u0146\u0101. Vi\u0146\u0161 aps\u0113\u017eas pie klavier\u0113m. Taj\u0101 br\u012bd\u012b visa z\u0101le aiztur elpu. Vi\u0146a pirksti v\u0113l nepieskaras tausti\u0146iem, bet m\u0113s jau dzirdam to \u012bpa\u0161o \u201cPaula ska\u0146u\u201d. T\u0101 ir dzidra, viegla un vienlaikus smaga k\u0101 v\u0113stures nasta, ko vi\u0146\u0161 nesis cauri gadu desmitiem, nezaud\u0113jot savu st\u0101ju. Ir gr\u016bti atrast m\u0101jokli Latvij\u0101, kur\u0101 neskan\u0113tu vi\u0146a m\u016bzika. Tostarp ar\u012b man\u0113j\u0101, ar\u012b es esmu izaugusi ar Paula dziesm\u0101m. Vi\u0146a dziesmu kl\u0101sts ir milz\u012bgs \u2013 vair\u0101k nek\u0101 2000 melodiju. Maestro ir \u201cizvedis saul\u012bt\u0113\u201d tik daudz jauno solistu, t\u0101 iedodot ar\u012b balsi m\u016bsu ilg\u0101m, skumj\u0101m un priekam. \u201cM\u0113m\u0101 dziesma\u201d, \u201cKurzeme\u201d, \u201cTeic, kur zeme t\u0101\u201d, \u201cCielavi\u0146a\u201d, \u201cLaternu stund\u0101\u201d un v\u0113l, un v\u0113l\u2026 No d\u017eeza improviz\u0101cij\u0101m, kas atg\u0101din\u0101ja par br\u012bv\u012bbu padomju pel\u0113c\u012bb\u0101, l\u012bdz kora dziesm\u0101m, kas Dziesmu sv\u0113tku estr\u0101d\u0113 liek asar\u0101m saskriet ac\u012bs pat visstipr\u0101kajiem v\u012briem. Kad skan \u201cManai Dzimtenei\u201d, m\u0113s ne tikai dziedam, m\u0113s atceramies, kas m\u0113s esam. Maestro m\u016bzika visos laikos ir bijusi m\u016bsu patv\u0113rums, jo vi\u0146a rad\u012bt\u0101s m\u016bzikas smalkaj\u0101 eleganc\u0113 ir bijis apsl\u0113pts vi\u0146a patriotisms.<\/p>\n<p>Aiz spo\u017eaj\u0101m pro\u017eektoru gaism\u0101m un milz\u012bgajiem ziedu kl\u0113pjiem vienm\u0113r ir bijis Cilv\u0113ks. Cilv\u0113ks, kur\u0161 ar savu le\u0123end\u0101ro humoru sp\u0113j atbru\u0146ot jebkuru, ta\u010du sav\u0101 m\u016bzik\u0101 bie\u017ei paliek skumji vientu\u013c\u0161. \u0160ajos 90 gados vi\u0146\u0161 ir pavad\u012bjis m\u016b\u017e\u012bb\u0101 draugus, dzejniekus un laikabiedrus, savu m\u012b\u013coto sievu Lanu, ta\u010du vi\u0146a klavieres nekad nav apklusu\u0161as. T\u0101s run\u0101 par m\u012blest\u012bbu, kas nebeidzas, un par laiku, kas neizb\u0113gami rit uz priek\u0161u, bet klaus\u012bt\u0101jam vi\u0146a m\u016bzik\u0101 apst\u0101jas.<\/p>\n<p>\u0160\u012b jubileja nav tikai atskats pag\u0101tn\u0113. Tas ir apliecin\u0101jums tam, ka talants, darba tikums un uztic\u012bba savai tautai padara cilv\u0113ku nemirst\u012bgu jau dz\u012bves laik\u0101. Pauls nav tikai komponists, vi\u0146\u0161 ir m\u016bsu kult\u016bras simbols, m\u016bsu dz\u012bvais piemineklis un, k\u0101 dzird\u0113ts sarun\u0101s, savulaik vism\u012b\u013c\u0101kais \u201crestor\u0101nu muzikants\u201d, kur\u0161 izaudzis l\u012bdz pasaules m\u0113rogam, bet sird\u012b palicis uztic\u012bgs savai R\u012bgai.<\/p>\n<p>\u0160odien, kad Maestro pirksti atkal skar klavieres, m\u0113s neskait\u012bsim gadus. M\u0113s skait\u012bsim tos br\u012b\u017eus, kad ar vi\u0146a m\u016bziku turpin\u0101sim dz\u012bvot. M\u0113s teiksim paldies par katru takti, par katru ironisko joku un par to milz\u012bgo m\u012blest\u012bbu, ko vi\u0146\u0161, pats it k\u0101 paliekot \u0113n\u0101, ir d\u0101v\u0101jis mums visiem. Vesel\u012bbu, dz\u012bvesprieku un v\u0113l daudzus dzidrus akordus, Maestro!<\/p>\n","protected":false},"excerpt":{"rendered":"Kad janv\u0101ra saltums sastopas ar R\u012bgas ielu akme\u0146iem, \u0161ogad gaiss \u0161\u0137iet cit\u0101d\u0101ks. Tas ir pies\u0101tin\u0101ts ar pateic\u012bbu, ko&hellip;\n","protected":false},"author":2,"featured_media":105733,"comment_status":"","ping_status":"","sticky":false,"template":"","format":"standard","meta":{"footnotes":""},"categories":[5],"tags":[23,28,29,32,33,22,30,31,35,39,38,36,37,34,40,20,26,27,24,25,21],"class_list":{"0":"post-105732","1":"post","2":"type-post","3":"status-publish","4":"format-standard","5":"has-post-thumbnail","7":"category-aktualitates","8":"tag-aktualitates","9":"tag-breaking-news","10":"tag-breakingnews","11":"tag-featured-news","12":"tag-featurednews","13":"tag-headlines","14":"tag-latest-news","15":"tag-latestnews","16":"tag-latvia","17":"tag-latvian","18":"tag-latviesu","19":"tag-latviesu-valoda","20":"tag-latviesuvaloda","21":"tag-latvija","22":"tag-lv","23":"tag-news","24":"tag-popularakas-zinas","25":"tag-popularakaszinas","26":"tag-top-stories","27":"tag-topstories","28":"tag-zinas"},"share_on_mastodon":{"url":"https:\/\/pubeurope.com\/@lv\/115899881372184603","error":""},"_links":{"self":[{"href":"https:\/\/www.europesays.com\/lv\/wp-json\/wp\/v2\/posts\/105732","targetHints":{"allow":["GET"]}}],"collection":[{"href":"https:\/\/www.europesays.com\/lv\/wp-json\/wp\/v2\/posts"}],"about":[{"href":"https:\/\/www.europesays.com\/lv\/wp-json\/wp\/v2\/types\/post"}],"author":[{"embeddable":true,"href":"https:\/\/www.europesays.com\/lv\/wp-json\/wp\/v2\/users\/2"}],"replies":[{"embeddable":true,"href":"https:\/\/www.europesays.com\/lv\/wp-json\/wp\/v2\/comments?post=105732"}],"version-history":[{"count":0,"href":"https:\/\/www.europesays.com\/lv\/wp-json\/wp\/v2\/posts\/105732\/revisions"}],"wp:featuredmedia":[{"embeddable":true,"href":"https:\/\/www.europesays.com\/lv\/wp-json\/wp\/v2\/media\/105733"}],"wp:attachment":[{"href":"https:\/\/www.europesays.com\/lv\/wp-json\/wp\/v2\/media?parent=105732"}],"wp:term":[{"taxonomy":"category","embeddable":true,"href":"https:\/\/www.europesays.com\/lv\/wp-json\/wp\/v2\/categories?post=105732"},{"taxonomy":"post_tag","embeddable":true,"href":"https:\/\/www.europesays.com\/lv\/wp-json\/wp\/v2\/tags?post=105732"}],"curies":[{"name":"wp","href":"https:\/\/api.w.org\/{rel}","templated":true}]}}