{"id":105734,"date":"2026-01-15T15:47:21","date_gmt":"2026-01-15T15:47:21","guid":{"rendered":"https:\/\/www.europesays.com\/lv\/105734\/"},"modified":"2026-01-15T15:47:21","modified_gmt":"2026-01-15T15:47:21","slug":"cik-liela-aukstuma-skoleni-drikst-legali-neapmeklet-skolu-luk-ka-ir-patiesiba","status":"publish","type":"post","link":"https:\/\/www.europesays.com\/lv\/105734\/","title":{"rendered":"Cik liel\u0101 aukstum\u0101 skol\u0113ni dr\u012bkst leg\u0101li neapmekl\u0113t skolu? L\u016bk, k\u0101 ir paties\u012bb\u0101"},"content":{"rendered":"<p>Kas j\u0101zina skol\u0113nu un b\u0113rnud\u0101rznieku vec\u0101kiem?<\/p>\n<p>Saska\u0146\u0101 ar Ministru kabineta noteikumiem, k\u0101rt\u012bba ir sekojo\u0161a: ja gaisa temperat\u016bra ir zem\u0101ka par -20 gr\u0101diem, tad skolu neapmekl\u0113 b\u0113rni l\u012bdz 12 gadu vecumam, savuk\u0101rt, ja gaisa temperat\u016bra ir zem\u0101ka par -25 gr\u0101diem, tad skolu neapmekl\u0113 b\u0113rni s\u0101kot no 13 gadu vecuma.<\/p>\n<p>Savuk\u0101rt pirmsskolas vecuma b\u0113rnu vec\u0101kiem pa\u0161iem katr\u0101 atsevi\u0161\u0137\u0101 gad\u012bjum\u0101 j\u0101pie\u0146em l\u0113mums, vai attiec\u012bgaj\u0101 dien\u0101 b\u0113rna ve\u0161ana uz b\u0113rnud\u0101rzu nekait\u0113s vi\u0146a vesel\u012bbai. Tom\u0113r \u2013 ja gaisa temperat\u016bra ir zem\u0101ka par -10, b\u0113rniem l\u012bdz tr\u012bs gadu vecumam pastaigas svaig\u0101 gais\u0101 netiek organiz\u0113tas.<\/p>\n<p>Skola ir j\u0101inform\u0113 par neiera\u0161anos<\/p>\n<p>\u0145emot v\u0113r\u0101, ka gaisa temperat\u016bra b\u0113rna dz\u012bvesviet\u0101 un skolas atra\u0161an\u0101s viet\u0101 var at\u0161\u0137irties, vai ar\u012b, piem\u0113ram, neparedz\u0113ti biezas sniega segas d\u0113\u013c ir apgr\u016btin\u0101ta vai pat neiesp\u0113jama b\u0113rna nok\u013c\u016b\u0161ana skol\u0101, vec\u0101kiem katr\u0101 atsevi\u0161\u0137\u0101 gad\u012bjum\u0101 pa\u0161iem j\u0101pie\u0146em l\u0113mums par skolas apmekl\u0113\u0161anu.<\/p>\n<p>            <img loading=\"lazy\" decoding=\"async\" class=\"size-thumbnail wp-image-3722704 skaties-content-image\" title=\"20251227_znp_g280_010.jpg\" src=\"https:\/\/www.europesays.com\/lv\/wp-content\/uploads\/2026\/01\/f22e-6967a70d771de-672x448.jpg\" alt=\"20251227_znp_g280_010.jpg\" width=\"672\" height=\"448\"  \/><\/p>\n<p>                FOTO: Yoav Ginsburg, ZUMAPRESS.com<\/p>\n<p>\u0160aj\u0101 situ\u0101cij\u0101 vec\u0101kiem ir j\u0101inform\u0113 skola (pirmsskola) par b\u0113rna neiera\u0161an\u0101s iemesliem, un m\u0101c\u012bbu iest\u0101de, izv\u0113rt\u0113jot apst\u0101k\u013cus, pie\u0146em l\u0113mumu par kav\u0113jumu attaisno\u0161anu.<\/p>\n<p class=\"ad-desc ad-desc-main\">Saturs turpin\u0101s p\u0113c rekl\u0101mas<\/p>\n<p class=\"ad-desc ad-desc-sec\">Rekl\u0101ma<\/p>\n<p>Noteikumi ir j\u0101iev\u0113ro ar\u012b izgl\u012bt\u012bbas iest\u0101d\u0113m \u2013 gad\u012bjum\u0101, ja skol\u0101 paredz\u0113tas izmai\u0146as m\u0101c\u012bbu darba organiz\u0101cij\u0101,\u00a0par to savlaic\u012bgi j\u0101inform\u0113 skol\u0113ni un vi\u0146u vec\u0101ki. Taj\u0101 pa\u0161\u0101 laik\u0101 skol\u0101m ir j\u0101b\u016bt atv\u0113rt\u0101m un pedagogiem j\u0101nodarbina b\u0113rni, kas ir ieradu\u0161ies un j\u0101g\u0101d\u0101 par vi\u0146u dro\u0161\u012bbu.<\/p>\n<p>\u0160oned\u0113\u013c izlaist skolu aukstuma d\u0113\u013c, visticam\u0101k, neb\u016bs iemesla<\/p>\n<p>Vai tuv\u0101kaj\u0101s ned\u0113\u013cas patie\u0161\u0101m gaid\u0101ms aukstums, kas vec\u0101kiem dos iemeslu \u0161o k\u0101rt\u012bbu izmantot praks\u0113? \u201ctv3.lv\u201d uzrun\u0101ja raid\u012bjuma \u201c900 sekundes\u201d laika zi\u0146u moderatoru Martinu Berg\u0161teinu.<\/p>\n<p>Vi\u0146\u0161 nor\u0101da, ka \u0161\u012bs ned\u0113\u013cas atliku\u0161aj\u0101 da\u013c\u0101 dien\u0101s gaisa temperat\u016bra no 0\u00b0\u2026-6\u00b0C valsts rietumos, l\u012bdz -6\u00b0\u2026-14\u00b0C p\u0101r\u0113j\u0101 valst\u012b, savuk\u0101rt nakt\u012bs galvenok\u0101rt ap -6\u00b0\u2026-15\u00b0C, bet taj\u0101s viet\u0101s kur debesis noskaidrosies, lok\u0101li l\u012bdz -17\u00b0\u2026-20\u00b0C.<\/p>\n<p>            <img loading=\"lazy\" decoding=\"async\" class=\"size-thumbnail wp-image-3722706 skaties-content-image\" title=\"WEATHER-SNOW\/\" src=\"https:\/\/www.europesays.com\/lv\/wp-content\/uploads\/2026\/01\/9561-6967a72a54e0f-672x448.jpg\" alt=\"WEATHER-SNOW\/\" width=\"672\" height=\"448\"  \/><\/p>\n<p>                FOTO: Nathan Armes, Reuters<\/p>\n<p>\u201c\u0160\u0101ds sals gan b\u016bs sal\u012bdzino\u0161i lok\u0101ls, un b\u016bs nov\u0113rojams galvenok\u0101rt lauku apvidos, t\u0101p\u0113c skol\u0113niem leg\u0101la iemesla uz skolu neiet aukstuma d\u0113\u013c, visticam\u0101k, neb\u016bs, vismaz \u0161aj\u0101 ned\u0113\u013c\u0101 n\u0113,\u201d situ\u0101ciju raksturo Martins Berg\u0161teins.<\/p>\n","protected":false},"excerpt":{"rendered":"Kas j\u0101zina skol\u0113nu un b\u0113rnud\u0101rznieku vec\u0101kiem? Saska\u0146\u0101 ar Ministru kabineta noteikumiem, k\u0101rt\u012bba ir sekojo\u0161a: ja gaisa temperat\u016bra ir&hellip;\n","protected":false},"author":2,"featured_media":105735,"comment_status":"","ping_status":"","sticky":false,"template":"","format":"standard","meta":{"footnotes":""},"categories":[12],"tags":[23,25311,28,29,32,33,22,30,31,35,39,38,36,37,34,40,20,26,27,24,25,21],"class_list":{"0":"post-105734","1":"post","2":"type-post","3":"status-publish","4":"format-standard","5":"has-post-thumbnail","7":"category-latvija","8":"tag-aktualitates","9":"tag-aukstumslaika-prognozelaika-zinasmacibassalsskolenigimene","10":"tag-breaking-news","11":"tag-breakingnews","12":"tag-featured-news","13":"tag-featurednews","14":"tag-headlines","15":"tag-latest-news","16":"tag-latestnews","17":"tag-latvia","18":"tag-latvian","19":"tag-latviesu","20":"tag-latviesu-valoda","21":"tag-latviesuvaloda","22":"tag-latvija","23":"tag-lv","24":"tag-news","25":"tag-popularakas-zinas","26":"tag-popularakaszinas","27":"tag-top-stories","28":"tag-topstories","29":"tag-zinas"},"share_on_mastodon":{"url":"https:\/\/pubeurope.com\/@lv\/115899901130862220","error":""},"_links":{"self":[{"href":"https:\/\/www.europesays.com\/lv\/wp-json\/wp\/v2\/posts\/105734","targetHints":{"allow":["GET"]}}],"collection":[{"href":"https:\/\/www.europesays.com\/lv\/wp-json\/wp\/v2\/posts"}],"about":[{"href":"https:\/\/www.europesays.com\/lv\/wp-json\/wp\/v2\/types\/post"}],"author":[{"embeddable":true,"href":"https:\/\/www.europesays.com\/lv\/wp-json\/wp\/v2\/users\/2"}],"replies":[{"embeddable":true,"href":"https:\/\/www.europesays.com\/lv\/wp-json\/wp\/v2\/comments?post=105734"}],"version-history":[{"count":0,"href":"https:\/\/www.europesays.com\/lv\/wp-json\/wp\/v2\/posts\/105734\/revisions"}],"wp:featuredmedia":[{"embeddable":true,"href":"https:\/\/www.europesays.com\/lv\/wp-json\/wp\/v2\/media\/105735"}],"wp:attachment":[{"href":"https:\/\/www.europesays.com\/lv\/wp-json\/wp\/v2\/media?parent=105734"}],"wp:term":[{"taxonomy":"category","embeddable":true,"href":"https:\/\/www.europesays.com\/lv\/wp-json\/wp\/v2\/categories?post=105734"},{"taxonomy":"post_tag","embeddable":true,"href":"https:\/\/www.europesays.com\/lv\/wp-json\/wp\/v2\/tags?post=105734"}],"curies":[{"name":"wp","href":"https:\/\/api.w.org\/{rel}","templated":true}]}}