{"id":105738,"date":"2026-01-15T15:50:09","date_gmt":"2026-01-15T15:50:09","guid":{"rendered":"https:\/\/www.europesays.com\/lv\/105738\/"},"modified":"2026-01-15T15:50:09","modified_gmt":"2026-01-15T15:50:09","slug":"rastorgujevs-sak-vareni-latvijas-biatlonisti-stafeti-nosledz-arpus-desmitnieka-jauns-lv","status":"publish","type":"post","link":"https:\/\/www.europesays.com\/lv\/105738\/","title":{"rendered":"Rastorgujevs s\u0101k vareni, Latvijas biatlonisti stafeti nosl\u0113dz \u0101rpus desmitnieka &#8211; Jauns.lv"},"content":{"rendered":"<ol>\n<li><a href=\"https:\/\/news.google.com\/rss\/articles\/CBMitwFBVV95cUxOeTRhVk5NOUtjOXoxMFdyWXRBRDF6eVZ2Si0zcVowMG9pSnZVYTVLX1lJUUtiWlE3UTRpcEhFNDZEdTQ4YTVpekdla3NlY19QZTYyRUF1WG5BUTZ0YkdXbFJuM1Z3ODMxMlZOejllUmtnMWptTUd3cU1BNkNoYVViNnZKVUZtcFljNmVMcHoxZURfVmNwQnhnRnhlMXdpZncwekRYeFlBMDBGc1RMWHJ2UGtYS2JHQUU?oc=5\" target=\"_blank\" rel=\"nofollow noopener\">Rastorgujevs s\u0101k vareni, Latvijas biatlonisti stafeti nosl\u0113dz \u0101rpus desmitnieka<\/a>&nbsp;&nbsp;Jauns.lv<\/li>\n<li><a href=\"https:\/\/news.google.com\/rss\/articles\/CBMixgFBVV95cUxQR2V1UHRyeXhwTnBTc2NYNVZJekRFS0J3SVJ1OUc4UVBpOGwzaUlwTGVkYmZEOW9KdFhNaEk5WmVTMTBYN3VJRzBGLVM5TFpSZ0ctcVh0R1RZNnVuVFVueEZFcm5samthN3Q4Tm41SWk0eFFCeWUxeXVSVjBLS0JZN0YxVG1TdlBVU2pwcl9CcVNTMUtPdFZ0NkRaSElyUlJyNm5wWEw1cEpibGxqdFg3dU1hREtJMVplSWlfVXZaVmdjY1ZtaEE?oc=5\" target=\"_blank\" rel=\"nofollow noopener\">Latvijas biatlonisti c\u012bn\u0101s par pirmo desmitnieku Pasaules kausa stafet\u0113<\/a>&nbsp;&nbsp;Delfi<\/li>\n<li><a href=\"https:\/\/news.google.com\/rss\/articles\/CBMi9gFBVV95cUxOYm1aX1FNeFduM1JDaDd0emNoNklmcVRnbDFiZlVuOGNVY19OeV8zR2tNZVNza2tMU3VvWnR2bkttanhuemthVnc2b0FnLU9MWVVxNF9KdTNpa2JBczRMTk5RdFhNU2NyT09CbVRiWE9oaVIyajJTQ3JjS2o5V0JVNG4wV3U1MHRyREpZYl92V3VGU3FXR1N4WGZOVE95TUpvNDlJZ3UyVXNVMUdscklaX3lOUFRETlBINmlSdDVrd052OGNWVy1UakhYMFNwSE5YWFRrbkdUWXE4Mm1EdnByczZRclozVUI1MndsY1U3UlVRczlNRUE?oc=5\" target=\"_blank\" rel=\"nofollow noopener\">Pasaules kausa biatlona stafet\u0113 d\u0101m\u0101m Latvijas komanda tiek apdz\u012bta par apli; pirm\u0101 uzvara norv\u0113\u0123iet\u0113m<\/a>&nbsp;&nbsp;LSM<\/li>\n<li><a href=\"https:\/\/news.google.com\/rss\/articles\/CBMinwFBVV95cUxOcEs0Z3JTYXZtd1JYUmQ2Y1VwalVoY0RnQXRZbDdQY0V0QnEtUk1OQm5rMkJpUTRtQWMtWHJLSE9UdGZJWW10eFRkai15Z1ZNRlotS0w2alBUMFIxTzd2SHBwdWpTLW55U3BBZVRIdzN0bmxvSWJfXzlKZGFzbFVPc0ZWSlNlODNWeWRyLWZJOE5Tcm1nR1NNQzNjcTY4YlU?oc=5\" target=\"_blank\" rel=\"nofollow noopener\">P\u0113d\u0113j\u0101 stafete pirms olimpiskaj\u0101m sp\u0113l\u0113m, Rastorgujevs pirmaj\u0101 etap\u0101 \u2013 Ziemas sports<\/a>&nbsp;&nbsp;Sportacentrs.com<\/li>\n<li><a href=\"https:\/\/news.google.com\/rss\/articles\/CBMipAFBVV95cUxPcWdoS3ljblF2dHR0Q00tUDU3NkY1LUlfU3g0WW40NTBYLVZkS1ptd2lEQm41V25BVjZVOEhuMk5CbjBaVDFqQlg0ekJCd0dDN3hsRy1CSGNYZ1FmNVpDell0ZGEtRG1na2dXOExQWlY5T05GYjM5SVlGX3NncFJaWEdOMHlubk9rMjVxREZkdndzcTNta0tnMFhKeHFuc0I5WTl2atIBqgFBVV95cUxOQnVWUjY4VFhfeV9vWXNTc212X3Nkc3ZwRmlYYy1kdWswU2pleTVqRFdCNnh5S1hPbkNlb2tiTFVWcE1RTkRyS0g3ZFNVQm03bTkxRWtoT2taRUlxdm5NYTZHWUxKUWI2UU5sdWhNSEdVU0tPNWIyekpRX2thd1VORy1HSHV6NzRtV3pVZGRBalpTZk1RaFpybDZpbkJlRGtCQjJTbW9ZR0d2Zw?oc=5\" target=\"_blank\" rel=\"nofollow noopener\">Latvijas biatlonistes sacen\u0161as Pasaules kausa stafet\u0113<\/a>&nbsp;&nbsp;bb.lv<\/li>\n<\/ol>\n","protected":false},"excerpt":{"rendered":"Rastorgujevs s\u0101k vareni, Latvijas biatlonisti stafeti nosl\u0113dz \u0101rpus desmitnieka&nbsp;&nbsp;Jauns.lv Latvijas biatlonisti c\u012bn\u0101s par pirmo desmitnieku Pasaules kausa stafet\u0113&nbsp;&nbsp;Delfi&hellip;\n","protected":false},"author":2,"featured_media":105739,"comment_status":"","ping_status":"","sticky":false,"template":"","format":"standard","meta":{"footnotes":""},"categories":[17],"tags":[35,39,38,36,37,34,40,67],"class_list":{"0":"post-105738","1":"post","2":"type-post","3":"status-publish","4":"format-standard","5":"has-post-thumbnail","7":"category-sports","8":"tag-latvia","9":"tag-latvian","10":"tag-latviesu","11":"tag-latviesu-valoda","12":"tag-latviesuvaloda","13":"tag-latvija","14":"tag-lv","15":"tag-sports"},"share_on_mastodon":{"url":"https:\/\/pubeurope.com\/@lv\/115899912853139986","error":""},"_links":{"self":[{"href":"https:\/\/www.europesays.com\/lv\/wp-json\/wp\/v2\/posts\/105738","targetHints":{"allow":["GET"]}}],"collection":[{"href":"https:\/\/www.europesays.com\/lv\/wp-json\/wp\/v2\/posts"}],"about":[{"href":"https:\/\/www.europesays.com\/lv\/wp-json\/wp\/v2\/types\/post"}],"author":[{"embeddable":true,"href":"https:\/\/www.europesays.com\/lv\/wp-json\/wp\/v2\/users\/2"}],"replies":[{"embeddable":true,"href":"https:\/\/www.europesays.com\/lv\/wp-json\/wp\/v2\/comments?post=105738"}],"version-history":[{"count":0,"href":"https:\/\/www.europesays.com\/lv\/wp-json\/wp\/v2\/posts\/105738\/revisions"}],"wp:featuredmedia":[{"embeddable":true,"href":"https:\/\/www.europesays.com\/lv\/wp-json\/wp\/v2\/media\/105739"}],"wp:attachment":[{"href":"https:\/\/www.europesays.com\/lv\/wp-json\/wp\/v2\/media?parent=105738"}],"wp:term":[{"taxonomy":"category","embeddable":true,"href":"https:\/\/www.europesays.com\/lv\/wp-json\/wp\/v2\/categories?post=105738"},{"taxonomy":"post_tag","embeddable":true,"href":"https:\/\/www.europesays.com\/lv\/wp-json\/wp\/v2\/tags?post=105738"}],"curies":[{"name":"wp","href":"https:\/\/api.w.org\/{rel}","templated":true}]}}