{"id":105747,"date":"2026-01-15T16:19:35","date_gmt":"2026-01-15T16:19:35","guid":{"rendered":"https:\/\/www.europesays.com\/lv\/105747\/"},"modified":"2026-01-15T16:19:35","modified_gmt":"2026-01-15T16:19:35","slug":"sieva-no-visas-sirds-mani-ienida-izjukuso-laulibu-komente-dzelzs-vilks-bundzinieks-judzis-2","status":"publish","type":"post","link":"https:\/\/www.europesays.com\/lv\/105747\/","title":{"rendered":"&#8220;Sieva no visas sirds mani ien\u012bda,&#8221; izjuku\u0161o laul\u012bbu koment\u0113 &#8220;Dzelzs vilks&#8221; bundzinieks Judzis"},"content":{"rendered":"<p class=\"lead\">\n                                Biju\u0161ais grupas &#8220;Dzelzs Vilks&#8221; bundzinieks M\u0101rcis Judzis sarun\u0101 ar \u017eurn\u0101lu &#8220;Jauns OK&#8221; detaliz\u0113ti izkl\u0101st\u012bjis savu skat\u012bjumu uz sare\u017e\u0123\u012btaj\u0101m attiec\u012bb\u0101m ar biju\u0161o sievu R\u016btu. Vi\u0146\u0161 koment\u0113 publiskos apgalvojumus, ar kuriem 2023. gada nogal\u0113 soci\u0101lajos medijos n\u0101ca klaj\u0101 b\u0113rnu m\u0101te, raksturojot laul\u012bbu k\u0101 \u012bpa\u0161i smagu.\n                            <\/p>\n<p>Jud\u017ea st\u0101st\u012bjum\u0101 laul\u012bbas laik\u0101 vald\u012bjusi sp\u0113c\u012bga emocion\u0101l\u0101 spriedze. Vi\u0146\u0161 atkl\u0101j, ka k\u0101d\u0101 br\u012bd\u012b pametis \u0123imeni, jo vairs nav sp\u0113jis iztur\u0113t psiholo\u0123isko spiedienu. V\u0113l\u0101k vi\u0146\u0161 uzs\u0101cis jaunas attiec\u012bbas, kas tom\u0113r nav izveidoju\u0161\u0101s, un ilgas p\u0113c b\u0113rniem liku\u0161as atgriezties pie sievas.<\/p>\n<p>M\u016bzi\u0137is noliedz p\u0101rmetumus par neuztic\u012bbu, uzsverot, ka jaun\u0101s attiec\u012bbas s\u0101ktas laik\u0101, kad laul\u012bba jau bija p\u0101rtraukta. Vi\u0146\u0161 atceras, ka p\u0113c atgrie\u0161an\u0101s \u0123imen\u0113 attiec\u012bbu dinamika neuzlaboj\u0101s, bet gan k\u013cuva v\u0113l sasp\u012bl\u0113t\u0101ka.<\/p>\n<blockquote>\n<p>&#8220;Mana sieva mani no visas sirds ien\u012bda,&#8221;<\/p>\n<\/blockquote>\n<p>saka Judzis, piebilstot, ka naids ar laiku tikai pastiprin\u0101jies.<\/p>\n<p>Vi\u0146\u0161 atkl\u0101ti st\u0101sta par ikdienu, kur\u0101 domin\u0113ju\u0161i pazemojumi un emocion\u0101la vardarb\u012bba, k\u0101 ar\u012b saj\u016btu, ka m\u0101jas vairs nav dro\u0161a vide. &#8220;Vien\u012bgais, kas ir tav\u0101 dz\u012bv\u0113 \u012bsts, \u2013 tie ir b\u0113rni,&#8221; uzsver Judzis, nor\u0101dot, ka tie\u0161i vi\u0146i biju\u0161i galvenais iemesls, k\u0101p\u0113c vi\u0146\u0161 ilgsto\u0161i palicis \u0161aj\u0101s attiec\u012bb\u0101s.<\/p>\n<p class=\"paragraph-muted\">Vair\u0101k lasiet \u017eurn\u0101l\u0101 &#8220;Jauns OK&#8221;.<\/p>\n<p> Aptauja <\/p>\n<p> K\u0101ds ir j\u016bsu bie\u017e\u0101kais LASI.LV apmekl\u0113juma laiks? <\/p>\n<p class=\"paragraph-muted\">Izv\u0113lies savu soct\u012bklu platformu, lai sekotu LASI.LV: <a href=\"https:\/\/www.facebook.com\/portals.lasi.lv\" target=\"_blank\" rel=\"noopener noreferrer nofollow\">Facebook<\/a>, <a href=\"https:\/\/twitter.com\/lasilvportals\" target=\"_blank\" rel=\"noopener noreferrer nofollow\">X<\/a>, <a href=\"https:\/\/bsky.app\/profile\/lasilv.bsky.social\" target=\"_blank\" rel=\"noopener noreferrer nofollow\">Bluesky<\/a>, <a href=\"https:\/\/www.draugiem.lv\/lasilv\/?pg=4\" target=\"_blank\" rel=\"noopener noreferrer nofollow\">Draugiem<\/a>, <a href=\"https:\/\/www.threads.com\/@lasilv_zinas\" rel=\"nofollow noopener\" target=\"_blank\">Threads<\/a> vai ar\u012b <a href=\"https:\/\/www.instagram.com\/lasilv_zinas\/\" target=\"_blank\" rel=\"noopener noreferrer nofollow\">Instagram<\/a>. Pievienojies m\u016bsu las\u012bt\u0101ju pulkam, lai sa\u0146emtu \u012bpa\u0161i tev atlas\u012btu noder\u012bgu, praktisku un aktu\u0101lu saturu.\u00a0<\/p>\n<p style=\"margin-left:auto;\">Pieraksties LASI.LV redaktora v\u0113stkopai <a href=\"https:\/\/lasi.lv\/vestkopa\/lasi-lv-galvena-redaktora-vestkopa\" rel=\"nofollow noopener\" target=\"_blank\">\u0161eit<\/a>.<\/p>\n<p>Pieraksties v\u0113stkopai un divas reizes ned\u0113\u013c\u0101 sa\u0146em padzi\u013cin\u0101tu LASI.LV galven\u0101 redaktora aktu\u0101lo zi\u0146u, kompetentu viedok\u013cu un interesant\u0101ko interviju apkopojumu.<\/p>\n<p>Ko tu sa\u0146emsi:<\/p>\n<ul>\n<li>Daudzveid\u012bgus koment\u0101rus un kompetentus Latvijas Mediju \u017eurn\u0101listu un autoru viedok\u013cus par aktu\u0101lo<\/li>\n<li>Ekspertu koment\u0101rus par da\u017e\u0101diem praktiskiem, noder\u012bgiem tematiem<\/li>\n<li>Aizraujo\u0161us materi\u0101lus par v\u0113sturi, psiholo\u0123iju, kult\u016bru<\/li>\n<li>Gata \u0160\u013c\u016bkas karikat\u016bru<\/li>\n<li>Tav\u0101 e-pasta kast\u012bt\u0113 katru ceturtdienu<\/li>\n<\/ul>\n<p style=\"margin-left:auto;\">\u00a0<\/p>\n<p><script async src=\"https:\/\/platform.twitter.com\/widgets.js\" charset=\"utf-8\"><\/script><script async src=\"\/\/www.instagram.com\/embed.js\"><\/script><\/p>\n","protected":false},"excerpt":{"rendered":"Biju\u0161ais grupas &#8220;Dzelzs Vilks&#8221; bundzinieks M\u0101rcis Judzis sarun\u0101 ar \u017eurn\u0101lu &#8220;Jauns OK&#8221; detaliz\u0113ti izkl\u0101st\u012bjis savu skat\u012bjumu uz sare\u017e\u0123\u012btaj\u0101m&hellip;\n","protected":false},"author":2,"featured_media":103965,"comment_status":"","ping_status":"","sticky":false,"template":"","format":"standard","meta":{"footnotes":""},"categories":[19],"tags":[89,90,35,39,38,36,37,34,40],"class_list":{"0":"post-105747","1":"post","2":"type-post","3":"status-publish","4":"format-standard","5":"has-post-thumbnail","7":"category-izklaide","8":"tag-entertainment","9":"tag-izklaide","10":"tag-latvia","11":"tag-latvian","12":"tag-latviesu","13":"tag-latviesu-valoda","14":"tag-latviesuvaloda","15":"tag-latvija","16":"tag-lv"},"share_on_mastodon":{"url":"https:\/\/pubeurope.com\/@lv\/115900026893580480","error":""},"_links":{"self":[{"href":"https:\/\/www.europesays.com\/lv\/wp-json\/wp\/v2\/posts\/105747","targetHints":{"allow":["GET"]}}],"collection":[{"href":"https:\/\/www.europesays.com\/lv\/wp-json\/wp\/v2\/posts"}],"about":[{"href":"https:\/\/www.europesays.com\/lv\/wp-json\/wp\/v2\/types\/post"}],"author":[{"embeddable":true,"href":"https:\/\/www.europesays.com\/lv\/wp-json\/wp\/v2\/users\/2"}],"replies":[{"embeddable":true,"href":"https:\/\/www.europesays.com\/lv\/wp-json\/wp\/v2\/comments?post=105747"}],"version-history":[{"count":0,"href":"https:\/\/www.europesays.com\/lv\/wp-json\/wp\/v2\/posts\/105747\/revisions"}],"wp:featuredmedia":[{"embeddable":true,"href":"https:\/\/www.europesays.com\/lv\/wp-json\/wp\/v2\/media\/103965"}],"wp:attachment":[{"href":"https:\/\/www.europesays.com\/lv\/wp-json\/wp\/v2\/media?parent=105747"}],"wp:term":[{"taxonomy":"category","embeddable":true,"href":"https:\/\/www.europesays.com\/lv\/wp-json\/wp\/v2\/categories?post=105747"},{"taxonomy":"post_tag","embeddable":true,"href":"https:\/\/www.europesays.com\/lv\/wp-json\/wp\/v2\/tags?post=105747"}],"curies":[{"name":"wp","href":"https:\/\/api.w.org\/{rel}","templated":true}]}}