{"id":105748,"date":"2026-01-15T16:29:09","date_gmt":"2026-01-15T16:29:09","guid":{"rendered":"https:\/\/www.europesays.com\/lv\/105748\/"},"modified":"2026-01-15T16:29:09","modified_gmt":"2026-01-15T16:29:09","slug":"b-braze-un-z-n-baro-musu-kopiga-prioritate-ir-panakt-ilgtspejigu-un-taisnigu-mieru-ukraina-un-ierobezot-krieviju-ta-bus-vislabaka-drosibas-garantija-eiropai-un-visai-eiroatlantiskajai-te","status":"publish","type":"post","link":"https:\/\/www.europesays.com\/lv\/105748\/","title":{"rendered":"B. Bra\u017ee un \u017d. N. Baro: m\u016bsu kop\u012bga priorit\u0101te ir pan\u0101kt ilgtsp\u0113j\u012bgu un taisn\u012bgu mieru Ukrain\u0101 un ierobe\u017eot Krieviju \u2013 t\u0101 b\u016bs vislab\u0101k\u0101 dro\u0161\u012bbas garantija Eiropai un visai eiroatlantiskajai telpai"},"content":{"rendered":"<p class=\"text-align-justify\">Ceturtdien, 2026. gada 15. janv\u0101r\u012b,\u00a0\u0101rlietu ministre Baiba Bra\u017ee darba viz\u012bt\u0113 uz\u0146\u0113ma Francijas Eiropas un \u0101rlietu ministru \u017danu Noelu Baro (Jean-No\u00ebl Barrot), kuram \u0161\u012b ir pirm\u0101 viz\u012bte Latvij\u0101. Ministri p\u0101rrun\u0101ja eiroatlantisk\u0101s telpas dro\u0161\u012bbu un aizsardz\u012bbu, sadarb\u012bbu ES un NATO, atbalstu Ukrainas pa\u0161aizsardz\u012bbai un spiedienu pret Krieviju, ES un NATO \u0101r\u0113j\u0101s robe\u017eas stiprin\u0101\u0161anu, ES daudzgadu bud\u017eeta priorit\u0101tes un ES papla\u0161in\u0101\u0161anos.<\/p>\n<p class=\"text-align-justify\">\u0100rlietu ministre uzsv\u0113ra, ka <a name=\"_Hlk219311852\" id=\"_Hlk219311852\">\u0161om\u0113nes atz\u012bm\u0113sim 105 gadus kop\u0161 Latvijas starptautisk\u0101s atz\u012b\u0161anas de iure. Taj\u0101 nenov\u0113rt\u0113jama loma ir toreiz\u0113jam Francijas Ministru padomes prezidentam un \u0101rlietu ministram Arist\u012bdam Bri\u0101nam. Francija nekad nav atzinusi Padomju savien\u012bbas \u012bstenoto Latvijas okup\u0101ciju. <\/a><\/p>\n<p class=\"text-align-justify\">\u0100rlietu ministre Baiba Bra\u017ee: <\/p>\n<blockquote>\n<p class=\"text-align-justify\">\u201cEsmu priec\u012bga un pagodin\u0101ta, ka \u0161aj\u0101 noz\u012bm\u012bgaj\u0101 br\u012bd\u012b darba viz\u012bt\u0113 Latvij\u0101 ieradies mans draugs un kol\u0113\u0123is \u2013 \u017dans Noels. Francija ir Latvijas uzticams draugs un strat\u0113\u0123isks sabiedrotais. Mums ir izcila sadarb\u012bba gan divpus\u0113ji, gan ES un NATO ietvaros, gan ANO Dro\u0161\u012bbas padom\u0113. <\/p>\n<p class=\"text-align-justify\">Pateicos Francijai par noz\u012bm\u012bgo ieguld\u012bjumu NATO Austrumu flanga stiprin\u0101\u0161an\u0101 \u2013 par Francijas karav\u012bru kl\u0101tb\u016btni NATO daudznacion\u0101laj\u0101 brig\u0101d\u0113 Igaunij\u0101, \u201cAustrumu sardz\u0113\u201d Polij\u0101 un par regul\u0101ru dal\u012bbu NATO gaisa telpas patrul\u0113\u0161anas misij\u0101 Baltij\u0101. T\u0101pat pateicos par Francijas atbalstu Ukrainai, tostarp par l\u012bder\u012bbu Lab\u0101s gribas koal\u012bcij\u0101. M\u016bsu kop\u012bga priorit\u0101te ir pan\u0101kt ilgtsp\u0113j\u012bgu un taisn\u012bgu mieru Ukrain\u0101 un ierobe\u017eot Krieviju, tostarp stiprinot m\u0113r\u0137\u0113tas sankcijas. T\u0101 b\u016bs vislab\u0101k\u0101 dro\u0161\u012bbas garantija Eiropai un visai eiroatlantiskajai telpai. Esam vienispr\u0101tis, ka transatlantisk\u0101 sadarb\u012bba ir noz\u012bm\u012bga Eiropas ilgtermi\u0146a dro\u0161\u012bbai un labkl\u0101j\u012bbai. <\/p>\n<p class=\"text-align-justify\">Vienlaic\u012bgi \u2013 Eiropai v\u0113l vair\u0101k j\u0101stiprina aizsardz\u012bbas un attur\u0113\u0161anas sp\u0113jas un j\u0101uz\u0146emas l\u012bder\u012bba par savas dro\u0161\u012bbas stiprin\u0101\u0161anu. Svar\u012bgi visiem sabiedrotajiem strauji ieviest NATO samita H\u0101g\u0101 v\u0113sturisko l\u0113mumu par aizsardz\u012bbas izdevumu palielin\u0101\u0161anu l\u012bdz 5 % no IKP. Latvija\u00a02026. gad\u0101 aizsardz\u012bbai novirz\u012bs 4,91 % no IKP, savuk\u0101rt Ukrainas milit\u0101rajam atbalstam \u2013 vismaz 0,25 % no IKP.\u201d<\/p>\n<\/blockquote>\n<p class=\"text-align-justify\">B. Bra\u017ee augstu nov\u0113rt\u0113ja Francijas dal\u012bbu Latvijas un Lielbrit\u0101nijas vad\u012bt\u0101j\u0101 Dronu koal\u012bcij\u0101 un uzsv\u0113ra, ka gaid\u012bs Francijas p\u0101rst\u0101vjus Dronu samit\u0101 R\u012bg\u0101 \u0161opavasar \u2013 samits norisin\u0101sies jau otro reizi.\u00a0\u00a0 <\/p>\n<p class=\"text-align-justify\">Ministri p\u0101rrun\u0101ja Latvijas un Francijas sadarb\u012bbu ANO Dro\u0161\u012bbas padom\u0113 \u2013 tai skait\u0101 Latvijas \u0161oned\u0113\u013c sasaukto \u0101rk\u0101rtas san\u0101ksmi, lai izgaismotu Krievijas barbariskos uzbrukumus Ukrainai, tostarp izmantojot ballistisko ra\u0137eti, k\u0101 ar\u012b \u0161odien sasaukto \u0101rk\u0101rtas san\u0101ksmi par Ir\u0101nas re\u017e\u012bma v\u0113r\u0161anos pret Ir\u0101nas tautu, nogalinot t\u016bksto\u0161iem nevain\u012bgu civiliedz\u012bvot\u0101ju. T\u0101pat ministri p\u0101rrun\u0101ja situ\u0101ciju Ir\u0101n\u0101, S\u0101hela re\u0123ion\u0101, tostarp Sud\u0101n\u0101 u.c. <\/p>\n<p class=\"text-align-justify\">Latvijai un Francijai ir veiksm\u012bga sadarb\u012bba un labas, praktiskas iestr\u0101des milit\u0101raj\u0101 industrij\u0101, tostarp dronu tehnolo\u0123iju jom\u0101. Piem\u0113ram, uz\u0146\u0113mums \u201cEdge Autonomy\u201d, kas ir viens no pasaules l\u012bderiem bezpilota sist\u0113mu tehnolo\u0123iju jom\u0101 ar ra\u017eo\u0161anas un lidojumu oper\u0101ciju centriem gan Latvij\u0101, gan ASV, 2024. gad\u0101 kop\u0101 ar Francijas uz\u0146\u0113mumu \u201cSafran\u201d prezent\u0113ja Francijas bru\u0146oto sp\u0113ku vajadz\u012bb\u0101m izstr\u0101d\u0101to kop\u012bgo dronu \u201cLanner\u201d. Testa partiju jau ieg\u0101d\u0101jusies Francijas Aizsardz\u012bbas ministrija. \u0160is ir izcils piem\u0113rs transatlantiskai sadarb\u012bbai milit\u0101raj\u0101 jom\u0101 ar kop\u012bgu m\u0113r\u0137i \u2013 paaugstin\u0101tu Eiropas un visas eiroatlantisk\u0101s telpas aizsardz\u012bbas un attur\u0113\u0161anas sp\u0113jas. <\/p>\n<p class=\"text-align-justify\">\u0100rlietu ministre pateic\u0101s par Francijas ieguld\u012bjumu, nodro\u0161inot fran\u010du valodas apguves un profesion\u0101l\u0101s pilnveides iesp\u0113jas m\u016bsu skolot\u0101jiem \u2013 2024. gad\u0101 s\u0101kta programma \u201cBonjour fran\u010du valodai\u201d, un pa\u0161laik to apg\u016bst vair\u0101k nek\u0101 40 pedagogi.\u00a0\u00a0\u00a0 <\/p>\n<p class=\"text-align-justify\"><a name=\"_Hlk219383755\" id=\"_Hlk219383755\">Abas valstis v\u0113las padzi\u013cin\u0101t sadarb\u012bbu ekonomik\u0101, aizsardz\u012bb\u0101 un inform\u0101cijas integrit\u0101tes jom\u0101. <\/a><a name=\"_Hlk219377480\" id=\"_Hlk219377480\">Francija ir 13. liel\u0101kais Latvijas \u0101r\u0113j\u0101s tirdzniec\u012bbas partneris. <\/a>2025. gada 9 m\u0113ne\u0161os Latvijas kop\u0113jais \u0101r\u0113j\u0101s tirdzniec\u012bbas apgroz\u012bjums ar Franciju bija 991,9 milj. eiro. Kop\u0113jais pre\u010du un pakalpojumu eksports uz Franciju bija 602,7 milj. eiro, palielinoties par 7,23 % sal\u012bdzin\u0101jum\u0101 ar 2024. gada 9 m\u0113ne\u0161iem. P\u0113c \u0101rvalstu ieguld\u012bjumiem Latvij\u0101 re\u0123istr\u0113to uz\u0146\u0113mumu pamatkapit\u0101l\u0101 Francija ierindojas 18. viet\u0101 ar kop\u0113jo ieguld\u012bjumu 125 milj. eiro un 272 uz\u0146\u0113mumiem (2026. gada 7. janv\u0101ra dati).<\/p>\n","protected":false},"excerpt":{"rendered":"Ceturtdien, 2026. gada 15. janv\u0101r\u012b,\u00a0\u0101rlietu ministre Baiba Bra\u017ee darba viz\u012bt\u0113 uz\u0146\u0113ma Francijas Eiropas un \u0101rlietu ministru \u017danu Noelu&hellip;\n","protected":false},"author":2,"featured_media":105749,"comment_status":"","ping_status":"","sticky":false,"template":"","format":"standard","meta":{"footnotes":""},"categories":[12],"tags":[23,28,29,32,33,22,30,31,35,39,38,36,37,34,40,20,26,27,24,25,21],"class_list":{"0":"post-105748","1":"post","2":"type-post","3":"status-publish","4":"format-standard","5":"has-post-thumbnail","7":"category-latvija","8":"tag-aktualitates","9":"tag-breaking-news","10":"tag-breakingnews","11":"tag-featured-news","12":"tag-featurednews","13":"tag-headlines","14":"tag-latest-news","15":"tag-latestnews","16":"tag-latvia","17":"tag-latvian","18":"tag-latviesu","19":"tag-latviesu-valoda","20":"tag-latviesuvaloda","21":"tag-latvija","22":"tag-lv","23":"tag-news","24":"tag-popularakas-zinas","25":"tag-popularakaszinas","26":"tag-top-stories","27":"tag-topstories","28":"tag-zinas"},"share_on_mastodon":{"url":"https:\/\/pubeurope.com\/@lv\/115900066205788090","error":""},"_links":{"self":[{"href":"https:\/\/www.europesays.com\/lv\/wp-json\/wp\/v2\/posts\/105748","targetHints":{"allow":["GET"]}}],"collection":[{"href":"https:\/\/www.europesays.com\/lv\/wp-json\/wp\/v2\/posts"}],"about":[{"href":"https:\/\/www.europesays.com\/lv\/wp-json\/wp\/v2\/types\/post"}],"author":[{"embeddable":true,"href":"https:\/\/www.europesays.com\/lv\/wp-json\/wp\/v2\/users\/2"}],"replies":[{"embeddable":true,"href":"https:\/\/www.europesays.com\/lv\/wp-json\/wp\/v2\/comments?post=105748"}],"version-history":[{"count":0,"href":"https:\/\/www.europesays.com\/lv\/wp-json\/wp\/v2\/posts\/105748\/revisions"}],"wp:featuredmedia":[{"embeddable":true,"href":"https:\/\/www.europesays.com\/lv\/wp-json\/wp\/v2\/media\/105749"}],"wp:attachment":[{"href":"https:\/\/www.europesays.com\/lv\/wp-json\/wp\/v2\/media?parent=105748"}],"wp:term":[{"taxonomy":"category","embeddable":true,"href":"https:\/\/www.europesays.com\/lv\/wp-json\/wp\/v2\/categories?post=105748"},{"taxonomy":"post_tag","embeddable":true,"href":"https:\/\/www.europesays.com\/lv\/wp-json\/wp\/v2\/tags?post=105748"}],"curies":[{"name":"wp","href":"https:\/\/api.w.org\/{rel}","templated":true}]}}