{"id":105750,"date":"2026-01-15T16:44:09","date_gmt":"2026-01-15T16:44:09","guid":{"rendered":"https:\/\/www.europesays.com\/lv\/105750\/"},"modified":"2026-01-15T16:44:09","modified_gmt":"2026-01-15T16:44:09","slug":"grantins-ar-kaufmani-bobsleja-divnieku-sacensibas-izcina-sesto-vietu-eiropas-kausa-posma-visu-pjedestalu-ienem-vaciesi-jauns-lv","status":"publish","type":"post","link":"https:\/\/www.europesays.com\/lv\/105750\/","title":{"rendered":"Granti\u0146\u0161 ar Kaufmani bobsleja divnieku sacens\u012bb\u0101s izc\u012bna sesto vietu Eiropas kausa posm\u0101, visu pjedest\u0101lu ie\u0146em v\u0101cie\u0161i &#8211; Jauns.lv"},"content":{"rendered":"<ol>\n<li><a href=\"https:\/\/news.google.com\/rss\/articles\/CBMi7AFBVV95cUxPRjRNZk5JdF8zbG53cFRLRW9SazB3V3NYMmw3NzdQamRYLTJGRmFHRWk2T0p6Qk8xM0xLeGItZ0VBbHF2Y0w5UThReng0YWF5M1hELUJuVk9rek0tM2lzbEFnWnowbjY0MEgtck5NRkU3eEtnS0pMNEJFTExiS1VmSTk1eGpoWTZEN29rLXJ5b25JaHN0M1JNaVUwS21HRy05SHUxdDJ2OVpqVnYxYzNPOWVHUDdRX2dmeWNVdDBuN2hjSnRFTDh4LTBlVHh1aVg4R0xocGc0bjEtLXl3VzlNRnJQWTBvTWVodTYydQ?oc=5\" target=\"_blank\" rel=\"nofollow noopener\">Granti\u0146\u0161 ar Kaufmani bobsleja divnieku sacens\u012bb\u0101s izc\u012bna sesto vietu Eiropas kausa posm\u0101, visu pjedest\u0101lu ie\u0146em v\u0101cie\u0161i<\/a>&nbsp;&nbsp;Jauns.lv<\/li>\n<li><a href=\"https:\/\/news.google.com\/rss\/articles\/CBMinwFBVV95cUxPYUtHWFM2N3Z1MEh6Q0pmWktMRUIzMW9sbkFjalJ3YzA3NWpvTVExOE5PTDhRNzJPLUxQaTFyVi10YzUyQ1hjRW5hNURRWkhta284blNfZDZOclBlUjJrSU9OaTZEQTNaUlRhMG5OMmFiRlJKa0ZkSnlubWwxcG9xbndZMElJeGxkSk43NUNWZl9wbldkcXhjRTFnN2ZjNjQ?oc=5\" target=\"_blank\" rel=\"nofollow noopener\">Granti\u0146a divniekam v\u0113l viens labs posms Eiropas kaus\u0101, domin\u0113 v\u0101cie\u0161i \u2013 Ziemas sports<\/a>&nbsp;&nbsp;Sportacentrs.com<\/li>\n<li><a href=\"https:\/\/news.google.com\/rss\/articles\/CBMiwAFBVV95cUxQUG5paDc1VFZoVWNtZDN0ZUpoQU9yNHB2cWltOGJOTnBYLU45OEt0alYzVlpuUVlSd0FSam95SVlINFNydHBoc3ZoOWp2WHRoZUpQT25EbmF0dWwxMzljQ0VBQm45ODJSeTVwTTA1d2J1NV9JdzhXUkkwQUZyUzlHSGhJcTVLRFZ4S2wtR0lGTEpMNkt0aE5HNjJkUG5lZ1BhZkV2Vjd1clVaMW9sNGYxRE1WeXg1Q0haZVlKdy02clU?oc=5\" target=\"_blank\" rel=\"nofollow noopener\">Granti\u0146\u0161 ar st\u016bm\u0113ju Kaufmani Insbruk\u0101 ie\u0146em dal\u012btu tre\u0161o vietu Eiropas kaus\u0101<\/a>&nbsp;&nbsp;tv3.lv<\/li>\n<li><a href=\"https:\/\/news.google.com\/rss\/articles\/CBMinwFBVV95cUxObzBmVEUtejRySmlZVTJRX0xXRmJUMUZMZDF6UzA3VXFscEgtdENJYi1fV3dheGJRWUh1a1JmS1hYdnE1Qlc2c2lFS25iRXdXRXMySmJ4U3YxM1dSdDZqRVVYUlJCSkh2dWdBUEctbWc5OFY5QmozeHJzZW5BU2VtQVNKZndKUGQyUUs1WFdkT1hIZXhST1hVMkRxcUN0RjA?oc=5\" target=\"_blank\" rel=\"nofollow noopener\">Granti\u0146a divnieks par simtda\u013cu apsteidz piekto vietu un iebrauc meda\u013c\u0101s Insbruk\u0101 \u2013 Ziemas sports<\/a>&nbsp;&nbsp;Sportacentrs.com<\/li>\n<\/ol>\n","protected":false},"excerpt":{"rendered":"Granti\u0146\u0161 ar Kaufmani bobsleja divnieku sacens\u012bb\u0101s izc\u012bna sesto vietu Eiropas kausa posm\u0101, visu pjedest\u0101lu ie\u0146em v\u0101cie\u0161i&nbsp;&nbsp;Jauns.lv Granti\u0146a divniekam&hellip;\n","protected":false},"author":2,"featured_media":105751,"comment_status":"","ping_status":"","sticky":false,"template":"","format":"standard","meta":{"footnotes":""},"categories":[17],"tags":[35,39,38,36,37,34,40,67],"class_list":{"0":"post-105750","1":"post","2":"type-post","3":"status-publish","4":"format-standard","5":"has-post-thumbnail","7":"category-sports","8":"tag-latvia","9":"tag-latvian","10":"tag-latviesu","11":"tag-latviesu-valoda","12":"tag-latviesuvaloda","13":"tag-latvija","14":"tag-lv","15":"tag-sports"},"share_on_mastodon":{"url":"https:\/\/pubeurope.com\/@lv\/115900125180118169","error":""},"_links":{"self":[{"href":"https:\/\/www.europesays.com\/lv\/wp-json\/wp\/v2\/posts\/105750","targetHints":{"allow":["GET"]}}],"collection":[{"href":"https:\/\/www.europesays.com\/lv\/wp-json\/wp\/v2\/posts"}],"about":[{"href":"https:\/\/www.europesays.com\/lv\/wp-json\/wp\/v2\/types\/post"}],"author":[{"embeddable":true,"href":"https:\/\/www.europesays.com\/lv\/wp-json\/wp\/v2\/users\/2"}],"replies":[{"embeddable":true,"href":"https:\/\/www.europesays.com\/lv\/wp-json\/wp\/v2\/comments?post=105750"}],"version-history":[{"count":0,"href":"https:\/\/www.europesays.com\/lv\/wp-json\/wp\/v2\/posts\/105750\/revisions"}],"wp:featuredmedia":[{"embeddable":true,"href":"https:\/\/www.europesays.com\/lv\/wp-json\/wp\/v2\/media\/105751"}],"wp:attachment":[{"href":"https:\/\/www.europesays.com\/lv\/wp-json\/wp\/v2\/media?parent=105750"}],"wp:term":[{"taxonomy":"category","embeddable":true,"href":"https:\/\/www.europesays.com\/lv\/wp-json\/wp\/v2\/categories?post=105750"},{"taxonomy":"post_tag","embeddable":true,"href":"https:\/\/www.europesays.com\/lv\/wp-json\/wp\/v2\/tags?post=105750"}],"curies":[{"name":"wp","href":"https:\/\/api.w.org\/{rel}","templated":true}]}}