{"id":105754,"date":"2026-01-15T16:48:08","date_gmt":"2026-01-15T16:48:08","guid":{"rendered":"https:\/\/www.europesays.com\/lv\/105754\/"},"modified":"2026-01-15T16:48:08","modified_gmt":"2026-01-15T16:48:08","slug":"es-nevaru-tam-noticet-skotija-nezeligi-nogalinats-latvijas-pilsonis","status":"publish","type":"post","link":"https:\/\/www.europesays.com\/lv\/105754\/","title":{"rendered":"\u201cEs nevaru tam notic\u0113t.\u201d Skotij\u0101 ne\u017e\u0113l\u012bgi nogalin\u0101ts Latvijas pilsonis"},"content":{"rendered":"<p>    <img decoding=\"async\" src=\"https:\/\/www.europesays.com\/lv\/wp-content\/uploads\/2026\/01\/615460122_1292173356285311_2284995007748765452_n-1-2k5mufkez-e1768379465612-1024x615.jpg\" alt=\"&#10;\"\/><\/p>\n<p>Foto: Skotijas policija\n<\/p>\n<p>16:53, 15. janv\u0101ris 2026<\/p>\n<p>Art\u016brs Ju\u0161kins, 42 gadus vecs v\u012brietis no Latvijas, n\u0101v\u0113jo\u0161i tika sadurts pie k\u0101da \u012bpa\u0161uma Invernes\u0101 9. janv\u0101ra r\u012bt\u0101. BBC zi\u0146o, ka aps\u016bdz\u0113tie vair\u0101kk\u0101rt d\u016bra Art\u016bram pa kaklu un \u0137ermeni ar nazi. <\/p>\n<p>        Las\u012bt\u0101kie<br \/>\n        <a data-imagesrc=\"{&quot;300&quot;:&quot;https:\\\/\\\/lastatic.ams3.cdn.digitaloceanspaces.com\\\/2024\\\/04\\\/LET_24762978-1-300x199.jpg&quot;,&quot;768&quot;:&quot;https:\\\/\\\/lastatic.ams3.cdn.digitaloceanspaces.com\\\/2024\\\/04\\\/LET_24762978-1-768x510.jpg&quot;,&quot;200&quot;:&quot;https:\\\/\\\/lastatic.ams3.cdn.digitaloceanspaces.com\\\/2024\\\/04\\\/LET_24762978-1-200x133.jpg&quot;,&quot;400&quot;:&quot;https:\\\/\\\/lastatic.ams3.cdn.digitaloceanspaces.com\\\/2024\\\/04\\\/LET_24762978-1-400x266.jpg&quot;,&quot;500&quot;:&quot;https:\\\/\\\/lastatic.ams3.cdn.digitaloceanspaces.com\\\/2024\\\/04\\\/LET_24762978-1-500x332.jpg&quot;,&quot;800&quot;:&quot;https:\\\/\\\/lastatic.ams3.cdn.digitaloceanspaces.com\\\/2024\\\/04\\\/LET_24762978-1-800x531.jpg&quot;,&quot;1000&quot;:&quot;https:\\\/\\\/lastatic.ams3.cdn.digitaloceanspaces.com\\\/2024\\\/04\\\/LET_24762978-1.jpg&quot;}\" data-focuspoint=\"{&quot;x&quot;:&quot;47.38156399614123&quot;,&quot;y&quot;:&quot;33.25313680149975&quot;}\" data-p=\"2494626\" href=\"https:\/\/www.la.lv\/karmiska-vilkme-uz-lindam-pilseta-baumo-ka-hosams-abu-meri-ir-ar-jau-treso-lindu\" class=\"content-item lazy-load\" wp_automatic_readability=\"26.5\" rel=\"nofollow noopener\" target=\"_blank\"><\/p>\n<p>                                <img decoding=\"async\" src=\"\" alt=\"\" style=\"object-position: 47.38156399614123% 33.25313680149975%\" data-imageid=\"\"\/><\/p>\n<p>                                Kokteilis<\/p>\n<p>\n                                                \u201cKarmiska vilkme uz Lind\u0101m\u201d \u2013 pils\u0113t\u0101 baumo, ka Hosams Abu Meri ir ar jau tre\u0161o Lindu\n                            <\/p>\n<p><\/a><a data-imagesrc=\"{&quot;300&quot;:&quot;https:\\\/\\\/lastatic.ams3.cdn.digitaloceanspaces.com\\\/2026\\\/01\\\/605776010_25728478443453459_7214339360245089926_n-300x200.jpg&quot;,&quot;1024&quot;:&quot;https:\\\/\\\/lastatic.ams3.cdn.digitaloceanspaces.com\\\/2026\\\/01\\\/605776010_25728478443453459_7214339360245089926_n-1024x683.jpg&quot;,&quot;1536&quot;:&quot;https:\\\/\\\/lastatic.ams3.cdn.digitaloceanspaces.com\\\/2026\\\/01\\\/605776010_25728478443453459_7214339360245089926_n-1536x1024.jpg&quot;,&quot;500&quot;:&quot;https:\\\/\\\/lastatic.ams3.cdn.digitaloceanspaces.com\\\/2026\\\/01\\\/605776010_25728478443453459_7214339360245089926_n-500x333.jpg&quot;,&quot;800&quot;:&quot;https:\\\/\\\/lastatic.ams3.cdn.digitaloceanspaces.com\\\/2026\\\/01\\\/605776010_25728478443453459_7214339360245089926_n-800x534.jpg&quot;,&quot;1600&quot;:&quot;https:\\\/\\\/lastatic.ams3.cdn.digitaloceanspaces.com\\\/2026\\\/01\\\/605776010_25728478443453459_7214339360245089926_n.jpg&quot;}\" data-focuspoint=\"&quot;&quot;\" data-p=\"2494703\" href=\"https:\/\/www.la.lv\/foto-vaira-vike-freberga-aicina-neuzkerties-un-bridina-par-loti-cinisku-krapnieku-gajienu\" class=\"content-item lazy-load\" wp_automatic_readability=\"26\" rel=\"nofollow noopener\" target=\"_blank\"><\/p>\n<p>                                <img decoding=\"async\" src=\"\" alt=\"\" style=\"\" data-imageid=\"\"\/><\/p>\n<p>                                            FOTO. Vaira V\u012b\u0137e-Freiberga aicina neuz\u0137erties un br\u012bdina par \u013coti cinisku kr\u0101pnieku g\u0101jienu\n                            <\/p>\n<p><\/a><a data-imagesrc=\"{&quot;300&quot;:&quot;https:\\\/\\\/lastatic.ams3.cdn.digitaloceanspaces.com\\\/2023\\\/06\\\/afp_33d326p1-300x200.jpg&quot;,&quot;768&quot;:&quot;https:\\\/\\\/lastatic.ams3.cdn.digitaloceanspaces.com\\\/2023\\\/06\\\/afp_33d326p1-768x512.jpg&quot;,&quot;200&quot;:&quot;https:\\\/\\\/lastatic.ams3.cdn.digitaloceanspaces.com\\\/2023\\\/06\\\/afp_33d326p1-200x133.jpg&quot;,&quot;400&quot;:&quot;https:\\\/\\\/lastatic.ams3.cdn.digitaloceanspaces.com\\\/2023\\\/06\\\/afp_33d326p1-400x267.jpg&quot;,&quot;500&quot;:&quot;https:\\\/\\\/lastatic.ams3.cdn.digitaloceanspaces.com\\\/2023\\\/06\\\/afp_33d326p1-500x334.jpg&quot;,&quot;800&quot;:&quot;https:\\\/\\\/lastatic.ams3.cdn.digitaloceanspaces.com\\\/2023\\\/06\\\/afp_33d326p1-800x534.jpg&quot;,&quot;1000&quot;:&quot;https:\\\/\\\/lastatic.ams3.cdn.digitaloceanspaces.com\\\/2023\\\/06\\\/afp_33d326p1.jpg&quot;}\" data-focuspoint=\"&quot;&quot;\" data-p=\"2492306\" href=\"https:\/\/www.la.lv\/10-lietas-kas-skolas-laika-skita-pilnigi-patiesas-tacu-velak-izradijas-aplamas\" class=\"content-item lazy-load\" wp_automatic_readability=\"27\" rel=\"nofollow noopener\" target=\"_blank\"><\/p>\n<p>                                <img decoding=\"async\" src=\"\" alt=\"\" style=\"\" data-imageid=\"\"\/><\/p>\n<p>                                Kokteilis<\/p>\n<p>\n                                                10 lietas, kas skolas laik\u0101 \u0161\u0137ita piln\u012bgi patiesas, ta\u010du v\u0113l\u0101k izr\u0101d\u012bj\u0101s aplamas\n                            <\/p>\n<p><\/a><br \/>\n        <a class=\"read-more\" href=\"https:\/\/www.la.lv\/top\" rel=\"nofollow noopener\" target=\"_blank\">Las\u012bt citas zi\u0146as<\/a><\/p>\n<p>9. janv\u0101r\u012b ap pulksten 8.25 Skotijas policija sa\u0146\u0113ma inform\u0101ciju par trim v\u012brie\u0161iem, kas guvu\u0161i ievainojumus pie k\u0101da \u012bpa\u0161uma. Viens no vi\u0146iem bija Latvijas pilsonis Art\u016brs Ju\u0161kins, kur\u0161 nomira ce\u013c\u0101 uz slimn\u012bcu.  <\/p>\n<p>Ju\u0161kina \u0123imene teica: \u201cArt\u016brs bija \u013coti m\u012bl\u0113ts d\u0113ls, t\u0113vs un partneris, kura \u013coti pietr\u016bks.\u201d Vi\u0146a m\u012b\u013cot\u0101 sieviete Tesa Vinsenta, ar kuru Art\u016brs bija kop\u0101 tr\u012bs gadus, savu m\u012b\u013coto raksturoja k\u0101 \u201cvisjauk\u0101ko, laipn\u0101ko un m\u012blo\u0161\u0101ko dv\u0113seli\u201d.<\/p>\n<p>    CITI \u0160OBR\u012aD LASA<\/p>\n<p>\u201cEs vienk\u0101r\u0161i nevaru notic\u0113t, ka nekad vi\u0146u vairs neredz\u0113\u0161u \u2013 es vienk\u0101r\u0161i nevaru tam notic\u0113t. Vi\u0146\u0161 ir visjauk\u0101k\u0101, laipn\u0101k\u0101 un m\u012blo\u0161\u0101k\u0101 dv\u0113sele. Vi\u0146\u0161 iztur\u0113j\u0101s pret mani tik labi un bija mans dv\u0113seles radinieks, mans absol\u016btais dv\u0113seles radinieks,\u201d sac\u012bja Tesa. <\/p>\n<p>Abi p\u0101r\u0113jie v\u012brie\u0161i bija t\u0113vs un d\u0113ls \u2013 21 un 38 gadus veci. P\u0113c notiku\u0161\u0101 vi\u0146i tika arest\u0113ti un aps\u016bdz\u0113ti Art\u016bra slepkav\u012bb\u0101. Abi \u0161oned\u0113\u013c st\u0101j\u0101s Invernesas tiesas priek\u0161\u0101. Aps\u016bdz\u0113tie vainu noliedz.<\/p>\n<p>\u201cEsam dom\u0101s ar miru\u0161\u0101 v\u012brie\u0161a \u0123imeni un draugiem. Policija \u0161obr\u012bd turpina veikt pla\u0161u izmekl\u0113\u0161anu, t\u0101p\u0113c n\u0101kamaj\u0101s dien\u0101s \u0161aj\u0101 rajon\u0101 b\u016bs pastiprin\u0101ta policijas kl\u0101tb\u016btne. M\u0113s saprotam, ka \u0161is incidents viet\u0113jai kopienai var rad\u012bt ba\u017eas, un aicin\u0101m ikvienu, kam ir jaut\u0101jumi, v\u0113rsties pie viet\u0113j\u0101s policijas,\u201d viet\u0113jiem medijiem izteic\u0101s galvenais inspektors D\u017eons Lamsdens.  <\/p>\n<p>T\u0113mas<\/p>\n<p>    SAIST\u012aTIE RAKSTI<\/p>\n","protected":false},"excerpt":{"rendered":"Foto: Skotijas policija 16:53, 15. janv\u0101ris 2026 Art\u016brs Ju\u0161kins, 42 gadus vecs v\u012brietis no Latvijas, n\u0101v\u0113jo\u0161i tika sadurts&hellip;\n","protected":false},"author":2,"featured_media":105755,"comment_status":"","ping_status":"","sticky":false,"template":"","format":"standard","meta":{"footnotes":""},"categories":[5],"tags":[23,28,29,32,33,22,30,31,35,39,38,36,37,34,40,20,26,27,24,25,21],"class_list":{"0":"post-105754","1":"post","2":"type-post","3":"status-publish","4":"format-standard","5":"has-post-thumbnail","7":"category-aktualitates","8":"tag-aktualitates","9":"tag-breaking-news","10":"tag-breakingnews","11":"tag-featured-news","12":"tag-featurednews","13":"tag-headlines","14":"tag-latest-news","15":"tag-latestnews","16":"tag-latvia","17":"tag-latvian","18":"tag-latviesu","19":"tag-latviesu-valoda","20":"tag-latviesuvaloda","21":"tag-latvija","22":"tag-lv","23":"tag-news","24":"tag-popularakas-zinas","25":"tag-popularakaszinas","26":"tag-top-stories","27":"tag-topstories","28":"tag-zinas"},"share_on_mastodon":{"url":"https:\/\/pubeurope.com\/@lv\/115900140904359389","error":""},"_links":{"self":[{"href":"https:\/\/www.europesays.com\/lv\/wp-json\/wp\/v2\/posts\/105754","targetHints":{"allow":["GET"]}}],"collection":[{"href":"https:\/\/www.europesays.com\/lv\/wp-json\/wp\/v2\/posts"}],"about":[{"href":"https:\/\/www.europesays.com\/lv\/wp-json\/wp\/v2\/types\/post"}],"author":[{"embeddable":true,"href":"https:\/\/www.europesays.com\/lv\/wp-json\/wp\/v2\/users\/2"}],"replies":[{"embeddable":true,"href":"https:\/\/www.europesays.com\/lv\/wp-json\/wp\/v2\/comments?post=105754"}],"version-history":[{"count":0,"href":"https:\/\/www.europesays.com\/lv\/wp-json\/wp\/v2\/posts\/105754\/revisions"}],"wp:featuredmedia":[{"embeddable":true,"href":"https:\/\/www.europesays.com\/lv\/wp-json\/wp\/v2\/media\/105755"}],"wp:attachment":[{"href":"https:\/\/www.europesays.com\/lv\/wp-json\/wp\/v2\/media?parent=105754"}],"wp:term":[{"taxonomy":"category","embeddable":true,"href":"https:\/\/www.europesays.com\/lv\/wp-json\/wp\/v2\/categories?post=105754"},{"taxonomy":"post_tag","embeddable":true,"href":"https:\/\/www.europesays.com\/lv\/wp-json\/wp\/v2\/tags?post=105754"}],"curies":[{"name":"wp","href":"https:\/\/api.w.org\/{rel}","templated":true}]}}