{"id":105756,"date":"2026-01-15T16:52:29","date_gmt":"2026-01-15T16:52:29","guid":{"rendered":"https:\/\/www.europesays.com\/lv\/105756\/"},"modified":"2026-01-15T16:52:29","modified_gmt":"2026-01-15T16:52:29","slug":"preses-konference-prezentes-eiropas-komisijas-priekslikumus-finansu-atbalstam-ukrainai-2026-2027-gada-2","status":"publish","type":"post","link":"https:\/\/www.europesays.com\/lv\/105756\/","title":{"rendered":"Preses konferenc\u0113 prezent\u0113s Eiropas Komisijas priek\u0161likumus finan\u0161u atbalstam Ukrainai 2026.\u20132027. gad\u0101"},"content":{"rendered":"<p>\u0160odien p\u0113c ES komis\u0101ru ikned\u0113\u013cas san\u0101ksmes Komisijas priek\u0161s\u0113d\u0113t\u0101ja\u00a0Urzula fon der Leiena, ekonomikas un produktivit\u0101tes komis\u0101rs\u00a0Valdis Dombrovskis, k\u0101 ar\u012b par papla\u0161in\u0101\u0161anos atbild\u012bga komis\u0101re\u00a0Marta Kosa\u00a0preses konferenc\u0113 prezent\u0113s\u00a0Eiropas Komisijas priek\u0161likumus finan\u0161u atbalstam Ukrainai 2026.\u20132027. gad\u0101.<\/p>\n<p>Preses konferencei iesp\u0113jams sekot l\u012bdzi tie\u0161raid\u0113 <a href=\"https:\/\/audiovisual.ec.europa.eu\/en\/ebs\/grid?ebs=yes&amp;ebsplus=no&amp;date=20260114\" target=\"_blank\" title=\"https:\/\/audiovisual.ec.europa.eu\/en\/ebs\/grid?ebs=yes&amp;ebsplus=no&amp;date=20260114\" data-auth=\"NotApplicable\" data-linkindex=\"0\" rel=\"nofollow noopener\">EBS platform\u0101<\/a>.<\/p>\n<p>Tiks nodro\u0161in\u0101ts ar\u012b tulkojums latvie\u0161u valod\u0101.<\/p>\n<p>          <img decoding=\"async\" src=\"https:\/\/www.europesays.com\/lv\/wp-content\/uploads\/2026\/01\/1768467666_223_logo-lv.png\" alt=\"\"\/><\/p>\n<p>                  \u0160\u012b inform\u0101cija ir publisks pazi\u0146ojums un neatspogu\u013co LV port\u0101la viedokli. Par t\u0101s saturu atbild ies\u016bt\u012bt\u0101js. <a data-popup=\"rules\">Public\u0113\u0161anas noteikumi<\/a><\/p>\n","protected":false},"excerpt":{"rendered":"\u0160odien p\u0113c ES komis\u0101ru ikned\u0113\u013cas san\u0101ksmes Komisijas priek\u0161s\u0113d\u0113t\u0101ja\u00a0Urzula fon der Leiena, ekonomikas un produktivit\u0101tes komis\u0101rs\u00a0Valdis Dombrovskis, k\u0101 ar\u012b&hellip;\n","protected":false},"author":2,"featured_media":95583,"comment_status":"","ping_status":"","sticky":false,"template":"","format":"standard","meta":{"footnotes":""},"categories":[14],"tags":[23,57,28,29,32,33,22,30,31,35,39,38,36,37,34,40,20,26,27,24,25,54,55,56,21,58],"class_list":{"0":"post-105756","1":"post","2":"type-post","3":"status-publish","4":"format-standard","5":"has-post-thumbnail","7":"category-zinas-no-arvalstim","8":"tag-aktualitates","9":"tag-arvalstim","10":"tag-breaking-news","11":"tag-breakingnews","12":"tag-featured-news","13":"tag-featurednews","14":"tag-headlines","15":"tag-latest-news","16":"tag-latestnews","17":"tag-latvia","18":"tag-latvian","19":"tag-latviesu","20":"tag-latviesu-valoda","21":"tag-latviesuvaloda","22":"tag-latvija","23":"tag-lv","24":"tag-news","25":"tag-popularakas-zinas","26":"tag-popularakaszinas","27":"tag-top-stories","28":"tag-topstories","29":"tag-world","30":"tag-world-news","31":"tag-worldnews","32":"tag-zinas","33":"tag-zinas-no-arvalstim"},"share_on_mastodon":{"url":"https:\/\/pubeurope.com\/@lv\/115900156639736050","error":""},"_links":{"self":[{"href":"https:\/\/www.europesays.com\/lv\/wp-json\/wp\/v2\/posts\/105756","targetHints":{"allow":["GET"]}}],"collection":[{"href":"https:\/\/www.europesays.com\/lv\/wp-json\/wp\/v2\/posts"}],"about":[{"href":"https:\/\/www.europesays.com\/lv\/wp-json\/wp\/v2\/types\/post"}],"author":[{"embeddable":true,"href":"https:\/\/www.europesays.com\/lv\/wp-json\/wp\/v2\/users\/2"}],"replies":[{"embeddable":true,"href":"https:\/\/www.europesays.com\/lv\/wp-json\/wp\/v2\/comments?post=105756"}],"version-history":[{"count":0,"href":"https:\/\/www.europesays.com\/lv\/wp-json\/wp\/v2\/posts\/105756\/revisions"}],"wp:featuredmedia":[{"embeddable":true,"href":"https:\/\/www.europesays.com\/lv\/wp-json\/wp\/v2\/media\/95583"}],"wp:attachment":[{"href":"https:\/\/www.europesays.com\/lv\/wp-json\/wp\/v2\/media?parent=105756"}],"wp:term":[{"taxonomy":"category","embeddable":true,"href":"https:\/\/www.europesays.com\/lv\/wp-json\/wp\/v2\/categories?post=105756"},{"taxonomy":"post_tag","embeddable":true,"href":"https:\/\/www.europesays.com\/lv\/wp-json\/wp\/v2\/tags?post=105756"}],"curies":[{"name":"wp","href":"https:\/\/api.w.org\/{rel}","templated":true}]}}