{"id":105757,"date":"2026-01-15T16:54:12","date_gmt":"2026-01-15T16:54:12","guid":{"rendered":"https:\/\/www.europesays.com\/lv\/105757\/"},"modified":"2026-01-15T16:54:12","modified_gmt":"2026-01-15T16:54:12","slug":"uz-kijivu-devusies-saeimas-priekssedetajas-vadita-delegacija","status":"publish","type":"post","link":"https:\/\/www.europesays.com\/lv\/105757\/","title":{"rendered":"Uz Kijivu devusies Saeimas priek\u0161s\u0113d\u0113t\u0101jas vad\u012bt\u0101 deleg\u0101cija"},"content":{"rendered":"<p>Mieri\u0146a nor\u0101da, ka tie\u0161i gada aukst\u0101kajos m\u0113ne\u0161os Ukrainas tauta turpina piedz\u012bvot smagus agresora uzbrukumus, t\u016bksto\u0161iem cilv\u0113ku atst\u0101ti bez elektr\u012bbas, \u016bdens un siltuma.<\/p>\n<p>&#8220;Nav pie\u013caujams, ka Eirop\u0101 zi\u0146as par Ukrainu tiek atst\u0101tas otraj\u0101 pl\u0101n\u0101,&#8221; nor\u0101da Mieri\u0146a, sakot, ka katra starptautisko l\u012bderu viz\u012bte Ukrain\u0101 ir apliecin\u0101jums ukrai\u0146iem, ka vi\u0146i nepaliks vieni un tiks dar\u012bts viss, lai pan\u0101ktu taisn\u012bgu mieru.<\/p>\n<p>Saeimas priek\u0161s\u0113d\u0113t\u0101jas vad\u012btaj\u0101 deleg\u0101cij\u0101 Kijiv\u0101 ieradusies ar\u012b Saeimas priek\u0161s\u0113d\u0113t\u0101jas biedre Anto\u0146ina \u0145ena\u0161eva (P), Saeimas \u0100rlietu komisijas priek\u0161s\u0113d\u0113t\u0101ja In\u0101ra M\u016brniece (NA), Saeimas Aizsardz\u012bbas, iek\u0161lietu un korupcijas nov\u0113r\u0161anas komisijas priek\u0161s\u0113d\u0113t\u0101js Raimonds Bergmanis (AS), Saeimas deput\u0101tu grupas sadarb\u012bbas veicin\u0101\u0161anai ar Ukrainas parlamentu vad\u012bt\u0101js J\u0101nis Skrasti\u0146\u0161 (JV), k\u0101 ar\u012b grupas locekle Linda Liepi\u0146a (LPV).<\/p>\n<p>Saeimas deleg\u0101cija Ukrain\u0101 tiksies ar valsts augst\u0101kaj\u0101m amatperson\u0101m, lai apliecin\u0101tu savu atbalstu un solidarit\u0101ti.<\/p>\n<p>Krievijas pilna m\u0113roga iebrukums Ukrain\u0101 s\u0101k\u0101s 2022. gada 24. febru\u0101r\u012b, un ik gadu janv\u0101r\u012b Saeimas deleg\u0101cija ir apmekl\u0113jusi Ukrainu.<\/p>\n<ul class=\"d-inline-block list-inline\">\n<li class=\"list-inline-item\"><a href=\"https:\/\/lat.press.lv\/\" rel=\"nofollow noopener\" target=\"_blank\"><img decoding=\"async\" style=\"max-height: 35px;\" src=\"https:\/\/lat.press.lv\/themes\/press\/assets\/lat_press_logo.svg\" alt=\"Press.lv - \u041d\u043e\u0432\u043e\u0441\u0442\u0438, \u043a\u043e\u0442\u043e\u0440\u044b\u0435 \u043a\u0430\u0441\u0430\u044e\u0442\u0441\u044f \u0412\u0430\u0441!\"\/><\/a><\/li>\n<\/ul>\n","protected":false},"excerpt":{"rendered":"Mieri\u0146a nor\u0101da, ka tie\u0161i gada aukst\u0101kajos m\u0113ne\u0161os Ukrainas tauta turpina piedz\u012bvot smagus agresora uzbrukumus, t\u016bksto\u0161iem cilv\u0113ku atst\u0101ti bez&hellip;\n","protected":false},"author":2,"featured_media":105758,"comment_status":"","ping_status":"","sticky":false,"template":"","format":"standard","meta":{"footnotes":""},"categories":[5],"tags":[23,28,29,32,33,22,30,31,35,39,38,36,37,34,40,20,26,27,24,25,21],"class_list":{"0":"post-105757","1":"post","2":"type-post","3":"status-publish","4":"format-standard","5":"has-post-thumbnail","7":"category-aktualitates","8":"tag-aktualitates","9":"tag-breaking-news","10":"tag-breakingnews","11":"tag-featured-news","12":"tag-featurednews","13":"tag-headlines","14":"tag-latest-news","15":"tag-latestnews","16":"tag-latvia","17":"tag-latvian","18":"tag-latviesu","19":"tag-latviesu-valoda","20":"tag-latviesuvaloda","21":"tag-latvija","22":"tag-lv","23":"tag-news","24":"tag-popularakas-zinas","25":"tag-popularakaszinas","26":"tag-top-stories","27":"tag-topstories","28":"tag-zinas"},"share_on_mastodon":{"url":"https:\/\/pubeurope.com\/@lv\/115900164498664413","error":""},"_links":{"self":[{"href":"https:\/\/www.europesays.com\/lv\/wp-json\/wp\/v2\/posts\/105757","targetHints":{"allow":["GET"]}}],"collection":[{"href":"https:\/\/www.europesays.com\/lv\/wp-json\/wp\/v2\/posts"}],"about":[{"href":"https:\/\/www.europesays.com\/lv\/wp-json\/wp\/v2\/types\/post"}],"author":[{"embeddable":true,"href":"https:\/\/www.europesays.com\/lv\/wp-json\/wp\/v2\/users\/2"}],"replies":[{"embeddable":true,"href":"https:\/\/www.europesays.com\/lv\/wp-json\/wp\/v2\/comments?post=105757"}],"version-history":[{"count":0,"href":"https:\/\/www.europesays.com\/lv\/wp-json\/wp\/v2\/posts\/105757\/revisions"}],"wp:featuredmedia":[{"embeddable":true,"href":"https:\/\/www.europesays.com\/lv\/wp-json\/wp\/v2\/media\/105758"}],"wp:attachment":[{"href":"https:\/\/www.europesays.com\/lv\/wp-json\/wp\/v2\/media?parent=105757"}],"wp:term":[{"taxonomy":"category","embeddable":true,"href":"https:\/\/www.europesays.com\/lv\/wp-json\/wp\/v2\/categories?post=105757"},{"taxonomy":"post_tag","embeddable":true,"href":"https:\/\/www.europesays.com\/lv\/wp-json\/wp\/v2\/tags?post=105757"}],"curies":[{"name":"wp","href":"https:\/\/api.w.org\/{rel}","templated":true}]}}