{"id":105759,"date":"2026-01-15T17:00:08","date_gmt":"2026-01-15T17:00:08","guid":{"rendered":"https:\/\/www.europesays.com\/lv\/105759\/"},"modified":"2026-01-15T17:00:08","modified_gmt":"2026-01-15T17:00:08","slug":"latvijas-biatlonisti-rupoldinga-ierindojas-13-pozicija-stafete","status":"publish","type":"post","link":"https:\/\/www.europesays.com\/lv\/105759\/","title":{"rendered":"Latvijas biatlonisti R\u016bpolding\u0101 ierindojas 13. poz\u012bcij\u0101 stafet\u0113"},"content":{"rendered":"<p>Francija k\u013cuva par l\u012bderi p\u0113c p\u0113d\u0113j\u0101s \u0161au\u0161anas, kad Pero sa\u0161\u0101va visus m\u0113r\u0137us, kam\u0113r tuv\u0101kajiem sekot\u0101jiem bija nepiecie\u0161ama vismaz viena rezerves patrona.<\/p>\n<p>Vi\u0146\u0161 atgriez\u0101s tras\u0113 pirmais un iekr\u0101ja uzreiz septi\u0146u sekun\u017eu p\u0101rsvaru.<\/p>\n<p>Otrie, zaud\u0113jot 6,2 sekundes, bija Norv\u0113\u0123ijas biatlonisti ar septi\u0146\u0101m rezerves patron\u0101m, bet V\u0101cijas kvartets ar izmantot\u0101m piec\u0101m rezerves patron\u0101m piek\u0101p\u0101s 7,9 sekundes un nosl\u0113dza lab\u0101ko trijnieku.<\/p>\n<p>Latvijas biatlonisti kop\u0101 izmantoja 12 rezerves patronas un fini\u0161\u0101 zaud\u0113ja uzvar\u0113t\u0101jiem divas min\u016btes un 58,9 sekundes.<\/p>\n<p>Rastorgujevs pirmaj\u0101 ugunsl\u012bnij\u0101 aizv\u0113ra visus m\u0113r\u0137us un otraj\u0101 \u0161au\u0161an\u0101 ierad\u0101s k\u0101 otrais.<\/p>\n<p>\u0160au\u0161an\u0101 st\u0101vus vi\u0146am vajadz\u0113ja divas rezerves patronas, un p\u0113c tam Latvijas biatlonists atgriez\u0101s tras\u0113 dev\u012btaj\u0101 viet\u0101, nododot stafeti p\u0113c tam 11. poz\u012bcij\u0101. P\u0113c pirm\u0101 etapa pirmie 12 biatlonisti bija desmit sekun\u017eu robe\u017e\u0101s.<\/p>\n<p>Otraj\u0101 etap\u0101 Birkent\u0101ls \u0161au\u0161an\u0101 gu\u013cus izmantoja divas rezerves patronas, bet \u0161au\u0161an\u0101 st\u0101vus vi\u0146am vajadz\u0113ja v\u0113l divas rezerves patronas, Latvijas sportistam p\u0113c tam atgrie\u017eoties tras\u0113 desmitaj\u0101 viet\u0101.<\/p>\n<p>L\u012bdz stafetes nodo\u0161anai Birkent\u0101ls atguva tr\u012bs poz\u012bcijas, un Patrijuks tre\u0161o posmu s\u0101ka k\u0101 sept\u012btais.<\/p>\n<p>Patrijuks tre\u0161aj\u0101 etap\u0101 ab\u0101s ugunsl\u012bnij\u0101s izmantoja pa div\u0101m rezerves patron\u0101m, p\u0113c \u0161au\u0161anas st\u0101vus atgrie\u017eoties tras\u0113 astotaj\u0101 viet\u0101 un atpaliekot no l\u012bdera 33 sekundes. Vi\u0146\u0161 nodeva stafeti Misem 12. viet\u0101.<\/p>\n<p class=\"ad-desc ad-desc-main\">Saturs turpin\u0101s p\u0113c rekl\u0101mas<\/p>\n<p class=\"ad-desc ad-desc-sec\">Rekl\u0101ma<\/p>\n<p>Nosl\u0113dzo\u0161aj\u0101 posm\u0101 Mise \u0161au\u0161an\u0101 gu\u013cus aizv\u0113ra visus m\u0113r\u0137us, bet \u0161au\u0161an\u0101 st\u0101vus vi\u0146\u0161 zaud\u0113ja vienu poz\u012bciju, kam\u0113r l\u016bdza tiesne\u0161iem rezerves patronas, un p\u0113c izmantot\u0101m div\u0101m rezerves patron\u0101m atgriez\u0101s tras\u0113 13. viet\u0101, saglab\u0101jot to l\u012bdz fini\u0161am.<\/p>\n<p>Kopv\u0113rt\u0113jum\u0101 l\u012bderpoz\u012bciju saglab\u0101 Norv\u0113\u0123ija, kas \u0161osezon uzvar\u0113jusi trij\u0101s no \u010detr\u0101m stafet\u0113m un iekr\u0101jusi 345 punktus.<\/p>\n<p>Otr\u0101 ar 315 punktiem ir Francija un tre\u0161\u0101 ar 250 \u2013 Zviedrija. Latvija, kas nestart\u0113ja sezonas pirmaj\u0101 stafet\u0113, ar 76 punktiem ir 21. viet\u0101.<\/p>\n<p class=\"tv3-fw-500\">Zi\u0146o par k\u013c\u016bdu rakst\u0101<\/p>\n<p class=\"d-md-block d-none\">Iez\u012bm\u0113 k\u013c\u016bdaino tekstu un spied Ctrl+Enter.<\/p>\n<p class=\"d-md-none d-block\">Iez\u012bm\u0113 k\u013c\u016bdaino tekstu un zi\u0146o par to!<\/p>\n","protected":false},"excerpt":{"rendered":"Francija k\u013cuva par l\u012bderi p\u0113c p\u0113d\u0113j\u0101s \u0161au\u0161anas, kad Pero sa\u0161\u0101va visus m\u0113r\u0137us, kam\u0113r tuv\u0101kajiem sekot\u0101jiem bija nepiecie\u0161ama vismaz&hellip;\n","protected":false},"author":2,"featured_media":105760,"comment_status":"","ping_status":"","sticky":false,"template":"","format":"standard","meta":{"footnotes":""},"categories":[5],"tags":[23,25312,28,29,32,33,22,30,31,35,39,38,36,37,34,40,20,26,27,24,25,21],"class_list":{"0":"post-105759","1":"post","2":"type-post","3":"status-publish","4":"format-standard","5":"has-post-thumbnail","7":"category-aktualitates","8":"tag-aktualitates","9":"tag-aleksandrs-patrijuksandrejs-rastorgujevsbiatlonsedgars-miserenars-birkentals","10":"tag-breaking-news","11":"tag-breakingnews","12":"tag-featured-news","13":"tag-featurednews","14":"tag-headlines","15":"tag-latest-news","16":"tag-latestnews","17":"tag-latvia","18":"tag-latvian","19":"tag-latviesu","20":"tag-latviesu-valoda","21":"tag-latviesuvaloda","22":"tag-latvija","23":"tag-lv","24":"tag-news","25":"tag-popularakas-zinas","26":"tag-popularakaszinas","27":"tag-top-stories","28":"tag-topstories","29":"tag-zinas"},"share_on_mastodon":{"url":"https:\/\/pubeurope.com\/@lv\/115900188064717659","error":""},"_links":{"self":[{"href":"https:\/\/www.europesays.com\/lv\/wp-json\/wp\/v2\/posts\/105759","targetHints":{"allow":["GET"]}}],"collection":[{"href":"https:\/\/www.europesays.com\/lv\/wp-json\/wp\/v2\/posts"}],"about":[{"href":"https:\/\/www.europesays.com\/lv\/wp-json\/wp\/v2\/types\/post"}],"author":[{"embeddable":true,"href":"https:\/\/www.europesays.com\/lv\/wp-json\/wp\/v2\/users\/2"}],"replies":[{"embeddable":true,"href":"https:\/\/www.europesays.com\/lv\/wp-json\/wp\/v2\/comments?post=105759"}],"version-history":[{"count":0,"href":"https:\/\/www.europesays.com\/lv\/wp-json\/wp\/v2\/posts\/105759\/revisions"}],"wp:featuredmedia":[{"embeddable":true,"href":"https:\/\/www.europesays.com\/lv\/wp-json\/wp\/v2\/media\/105760"}],"wp:attachment":[{"href":"https:\/\/www.europesays.com\/lv\/wp-json\/wp\/v2\/media?parent=105759"}],"wp:term":[{"taxonomy":"category","embeddable":true,"href":"https:\/\/www.europesays.com\/lv\/wp-json\/wp\/v2\/categories?post=105759"},{"taxonomy":"post_tag","embeddable":true,"href":"https:\/\/www.europesays.com\/lv\/wp-json\/wp\/v2\/tags?post=105759"}],"curies":[{"name":"wp","href":"https:\/\/api.w.org\/{rel}","templated":true}]}}