{"id":105761,"date":"2026-01-15T17:05:08","date_gmt":"2026-01-15T17:05:08","guid":{"rendered":"https:\/\/www.europesays.com\/lv\/105761\/"},"modified":"2026-01-15T17:05:08","modified_gmt":"2026-01-15T17:05:08","slug":"daiga-mierina-kijiva-ukraina-ir-pelnijusi-but-eiropas-savieniba","status":"publish","type":"post","link":"https:\/\/www.europesays.com\/lv\/105761\/","title":{"rendered":"Daiga Mieri\u0146a Kijiv\u0101: Ukraina ir peln\u012bjusi b\u016bt Eiropas Savien\u012bb\u0101"},"content":{"rendered":"<p>\t\t\t(15.01.2026.)\n\t\t<\/p>\n<p>\t\t\t\t\t<img decoding=\"async\" src=\"https:\/\/www.europesays.com\/lv\/wp-content\/uploads\/2026\/01\/RmbNru.jpg\" alt=\"\"\/>\t\t\t\t<\/p>\n<p>Saeimas priek\u0161s\u0113d\u0113t\u0101ja Daiga Mieri\u0146a un vi\u0146as vad\u012bt\u0101 deleg\u0101cija ceturtdien, 15.janv\u0101r\u012b, Kijiv\u0101 tik\u0101s ar Ukrainas parlamenta \u2013 Augst\u0101k\u0101s Radas \u2013 priek\u0161s\u0113d\u0113t\u0101ju Ruslanu Stefan\u010duku (Ruslan Stefanchuk), kur\u0161 pateic\u0101s Latvijai par nelok\u0101mo atbalstu.<\/p>\n<p>K\u0101 akcent\u0113ja Saeimas priek\u0161s\u0113d\u0113t\u0101ja, Latvija ik dienas seko un turpin\u0101s sekot Ukrain\u0101 notieko\u0161ajam. M\u0113s iest\u0101jamies par taisn\u012bgu mieru, kam ir j\u0101garant\u0113 Ukrainas neatkar\u012bba, suverenit\u0101te, teritori\u0101l\u0101 integrit\u0101te un t\u0101s \u0101rpolitisk\u0101s izv\u0113les. Krievija ir j\u0101s\u0113dina pie sarunu galda, uzsv\u0113ra D.Mieri\u0146a.<\/p>\n<p>\u201cM\u0113s nekad neatz\u012bsim Krievijas \u012bstenoto nelikum\u012bgo aneksiju, un agresoram b\u016bs j\u0101samaks\u0101 par saviem noziegumiem,\u201d sac\u012bja Saeimas priek\u0161s\u0113d\u0113t\u0101ja, pus\u0113m p\u0101rrun\u0101jot jaut\u0101jumu ar\u012b par sankciju politiku. D.Mieri\u0146a akcent\u0113ja, ka sankciju politika ir j\u0101turpina, jo t\u0101 str\u0101d\u0101, un Ukraina gaida n\u0101kam\u0101s sankciju paketes.<\/p>\n<p>T\u0101pat Saeimas priek\u0161s\u0113d\u0113t\u0101ja apliecin\u0101ja, ka Latvija ir gatava sniegt Ukrainai dro\u0161\u012bbas garantijas, ta\u010du deta\u013cas v\u0113l ir j\u0101preciz\u0113.<\/p>\n<p>\u201cUkraina ir civiliz\u0113ta, moderna valsts, un m\u0113s skaidri redzam Ukrainas vietu Eiropas Savien\u012bb\u0101. \u0160\u012b dal\u012bba b\u016bs vispirms t\u0101p\u0113c, ka Ukraina to b\u016bs nopeln\u012bjusi ar paveikto darbu un reform\u0101m,\u201d uzsv\u0113ra Saeimas priek\u0161s\u0113d\u0113t\u0101ja. \u201cJ\u016bsu parlaments dara tit\u0101nisku darbu, pie\u0146emot virkni valsts n\u0101kotnei nepiecie\u0161amu l\u0113mumu \u012bsos termi\u0146os.\u201d<\/p>\n<p>Apst\u0101k\u013cos, kad Krievija turpina uzbrukt, Ukrain\u0101 cilv\u0113ki priec\u0101jas par katru nodz\u012bvoto dienu, sac\u012bja R.Stefan\u010duks, uzsverot, ka daudzviet ar\u012b t\u0101das \u0161\u0137ietami ikdieni\u0161\u0137as lietas k\u0101 elektr\u012bba un siltums tiek \u0101rk\u0101rt\u012bgi nov\u0113rt\u0113tas.<\/p>\n<p>Saeimas priek\u0161s\u0113d\u0113t\u0101jas vad\u012btaj\u0101 deleg\u0101cij\u0101 Kijiv\u0101 ieradusies ar\u012b Saeimas priek\u0161s\u0113d\u0113t\u0101jas biedre Anto\u0146ina \u0145ena\u0161eva, Saeimas \u0100rlietu komisijas priek\u0161s\u0113d\u0113t\u0101ja In\u0101ra M\u016brniece, Saeimas Aizsardz\u012bbas, iek\u0161lietu un korupcijas nov\u0113r\u0161anas komisijas priek\u0161s\u0113d\u0113t\u0101js Raimonds Bergmanis, Saeimas deput\u0101tu grupas sadarb\u012bbas veicin\u0101\u0161anai ar Ukrainas parlamentu vad\u012bt\u0101js J\u0101nis Skrasti\u0146\u0161, k\u0101 ar\u012b grupas locekle Linda Liepi\u0146a.<\/p>\n<p>\u00a0<\/p>\n<p>Foto: <a href=\"https:\/\/www.flickr.com\/photos\/saeima\/albums\/72177720331458215\/\" target=\"_blank\" rel=\"nofollow noopener\">https:\/\/www.flickr.com\/photos\/saeima\/albums\/72177720331458215\/<br \/><\/a>Izmanto\u0161anas noteikumi: <a href=\"https:\/\/www.saeima.lv\/lv\/autortiesibas\" rel=\"nofollow noopener\" target=\"_blank\">https:\/\/www.saeima.lv\/lv\/autortiesibas<\/a><\/p>\n<p>Saeimas Preses dienests<\/p>\n","protected":false},"excerpt":{"rendered":"(15.01.2026.) Saeimas priek\u0161s\u0113d\u0113t\u0101ja Daiga Mieri\u0146a un vi\u0146as vad\u012bt\u0101 deleg\u0101cija ceturtdien, 15.janv\u0101r\u012b, Kijiv\u0101 tik\u0101s ar Ukrainas parlamenta \u2013 Augst\u0101k\u0101s&hellip;\n","protected":false},"author":2,"featured_media":105762,"comment_status":"","ping_status":"","sticky":false,"template":"","format":"standard","meta":{"footnotes":""},"categories":[12],"tags":[23,28,29,32,33,22,30,31,35,39,38,36,37,34,40,20,26,27,24,25,21],"class_list":{"0":"post-105761","1":"post","2":"type-post","3":"status-publish","4":"format-standard","5":"has-post-thumbnail","7":"category-latvija","8":"tag-aktualitates","9":"tag-breaking-news","10":"tag-breakingnews","11":"tag-featured-news","12":"tag-featurednews","13":"tag-headlines","14":"tag-latest-news","15":"tag-latestnews","16":"tag-latvia","17":"tag-latvian","18":"tag-latviesu","19":"tag-latviesu-valoda","20":"tag-latviesuvaloda","21":"tag-latvija","22":"tag-lv","23":"tag-news","24":"tag-popularakas-zinas","25":"tag-popularakaszinas","26":"tag-top-stories","27":"tag-topstories","28":"tag-zinas"},"share_on_mastodon":{"url":"https:\/\/pubeurope.com\/@lv\/115900207865444208","error":""},"_links":{"self":[{"href":"https:\/\/www.europesays.com\/lv\/wp-json\/wp\/v2\/posts\/105761","targetHints":{"allow":["GET"]}}],"collection":[{"href":"https:\/\/www.europesays.com\/lv\/wp-json\/wp\/v2\/posts"}],"about":[{"href":"https:\/\/www.europesays.com\/lv\/wp-json\/wp\/v2\/types\/post"}],"author":[{"embeddable":true,"href":"https:\/\/www.europesays.com\/lv\/wp-json\/wp\/v2\/users\/2"}],"replies":[{"embeddable":true,"href":"https:\/\/www.europesays.com\/lv\/wp-json\/wp\/v2\/comments?post=105761"}],"version-history":[{"count":0,"href":"https:\/\/www.europesays.com\/lv\/wp-json\/wp\/v2\/posts\/105761\/revisions"}],"wp:featuredmedia":[{"embeddable":true,"href":"https:\/\/www.europesays.com\/lv\/wp-json\/wp\/v2\/media\/105762"}],"wp:attachment":[{"href":"https:\/\/www.europesays.com\/lv\/wp-json\/wp\/v2\/media?parent=105761"}],"wp:term":[{"taxonomy":"category","embeddable":true,"href":"https:\/\/www.europesays.com\/lv\/wp-json\/wp\/v2\/categories?post=105761"},{"taxonomy":"post_tag","embeddable":true,"href":"https:\/\/www.europesays.com\/lv\/wp-json\/wp\/v2\/tags?post=105761"}],"curies":[{"name":"wp","href":"https:\/\/api.w.org\/{rel}","templated":true}]}}