{"id":105763,"date":"2026-01-15T17:06:15","date_gmt":"2026-01-15T17:06:15","guid":{"rendered":"https:\/\/www.europesays.com\/lv\/105763\/"},"modified":"2026-01-15T17:06:15","modified_gmt":"2026-01-15T17:06:15","slug":"rigas-dzemdibu-nama-desmit-dienu-laiku-piedzimusi-astoni-dvinu-pari","status":"publish","type":"post","link":"https:\/\/www.europesays.com\/lv\/105763\/","title":{"rendered":"R\u012bgas dzemd\u012bbu nam\u0101 desmit dienu laiku piedzimu\u0161i asto\u0146i dv\u012b\u0146u p\u0101ri"},"content":{"rendered":"<p>Desmit dienu laik\u0101 sagaid\u012bti \u010detri dv\u012b\u0146u meite\u0146u p\u0101ri, tr\u012bs dv\u012b\u0146u z\u0113nu p\u0101ri un viens abu dzimumu p\u0101ris.<\/p>\n<p>Pag\u0101ju\u0161aj\u0101 gad\u0101 R\u012bgas Dzemd\u012bbu nam\u0101 pasaul\u0113 n\u0101ku\u0161i 3722 jaundzimu\u0161ie. Sal\u012bdzino\u0161i 2024. gad\u0101 iest\u0101d\u0113 tika sagaid\u012bti 3959 jaundzimu\u0161ie.<\/p>\n<p>No visiem jaundzimu\u0161ajiem p\u0113rn 1763 bija meitenes un 1959 \u2013 z\u0113ni, savuk\u0101rt 2024. gad\u0101\u00a0Dzemd\u012bbu\u00a0nam\u0101 piedzima 1958 meitenes un 2001 z\u0113ns.<\/p>\n<p>Jaundzimu\u0161o vid\u016b 2025. gad\u0101 ir 66 dv\u012b\u0146u p\u0101ri un tr\u012bn\u012btes, kuras piedzima 21. mart\u0101.<\/p>\n<p>Gandr\u012bz piekt\u0101 da\u013ca \u2013 19,8% \u0123ime\u0146u -, kuras\u00a0Dzemd\u012bbu\u00a0nam\u0101 sagaid\u012bju\u0161as \u0123imenes papildin\u0101jumu, p\u0113rn k\u013cuvu\u0161as par vec\u0101kiem tre\u0161ajam, ceturtajam, piektajam, sestajam vai sept\u012btajam b\u0113rnam. Sal\u012bdzino\u0161i 2024. gad\u0101 to \u0123ime\u0146u \u012bpatsvars, kas sagaid\u012bja tre\u0161o, ceturto, piekto vai sesto b\u0113rnu \u0123imen\u0113, bija 19%.<\/p>\n<p>P\u0113rn\u00a0Dzemd\u012bbu\u00a0nam\u0101 pasaul\u0113 n\u0101ca ar\u012b 100 ukrai\u0146u b\u0113rnu, bet kopum\u0101 kop\u0161 kara s\u0101kuma iest\u0101d\u0113 sagaid\u012bti 364 ukrai\u0146u jaundzimu\u0161ie.<\/p>\n<p>Gada \u201cra\u017e\u012bg\u0101kais\u201d m\u0113nesis iest\u0101d\u0113 p\u0113rn bija j\u016blijs, kad pasaul\u0113 n\u0101ca 366 b\u0113rni, bet jaundzimu\u0161ajiem bag\u0101t\u0101k\u0101 diena bija 21. augusts, kad piedzima 22 mazu\u013ci.<\/p>\n<p class=\"tv3-fw-500\">Zi\u0146o par k\u013c\u016bdu rakst\u0101<\/p>\n<p class=\"d-md-block d-none\">Iez\u012bm\u0113 k\u013c\u016bdaino tekstu un spied Ctrl+Enter.<\/p>\n<p class=\"d-md-none d-block\">Iez\u012bm\u0113 k\u013c\u016bdaino tekstu un zi\u0146o par to!<\/p>\n","protected":false},"excerpt":{"rendered":"Desmit dienu laik\u0101 sagaid\u012bti \u010detri dv\u012b\u0146u meite\u0146u p\u0101ri, tr\u012bs dv\u012b\u0146u z\u0113nu p\u0101ri un viens abu dzimumu p\u0101ris. Pag\u0101ju\u0161aj\u0101&hellip;\n","protected":false},"author":2,"featured_media":105764,"comment_status":"","ping_status":"","sticky":false,"template":"","format":"standard","meta":{"footnotes":""},"categories":[5],"tags":[23,28,29,25313,32,33,22,30,31,35,39,38,36,37,34,40,20,26,27,24,25,21],"class_list":{"0":"post-105763","1":"post","2":"type-post","3":"status-publish","4":"format-standard","5":"has-post-thumbnail","7":"category-aktualitates","8":"tag-aktualitates","9":"tag-breaking-news","10":"tag-breakingnews","11":"tag-dvinijaundzimusaisjaundzimusierigas-dzemdibu-nams","12":"tag-featured-news","13":"tag-featurednews","14":"tag-headlines","15":"tag-latest-news","16":"tag-latestnews","17":"tag-latvia","18":"tag-latvian","19":"tag-latviesu","20":"tag-latviesu-valoda","21":"tag-latviesuvaloda","22":"tag-latvija","23":"tag-lv","24":"tag-news","25":"tag-popularakas-zinas","26":"tag-popularakaszinas","27":"tag-top-stories","28":"tag-topstories","29":"tag-zinas"},"share_on_mastodon":{"url":"https:\/\/pubeurope.com\/@lv\/115900211798977125","error":""},"_links":{"self":[{"href":"https:\/\/www.europesays.com\/lv\/wp-json\/wp\/v2\/posts\/105763","targetHints":{"allow":["GET"]}}],"collection":[{"href":"https:\/\/www.europesays.com\/lv\/wp-json\/wp\/v2\/posts"}],"about":[{"href":"https:\/\/www.europesays.com\/lv\/wp-json\/wp\/v2\/types\/post"}],"author":[{"embeddable":true,"href":"https:\/\/www.europesays.com\/lv\/wp-json\/wp\/v2\/users\/2"}],"replies":[{"embeddable":true,"href":"https:\/\/www.europesays.com\/lv\/wp-json\/wp\/v2\/comments?post=105763"}],"version-history":[{"count":0,"href":"https:\/\/www.europesays.com\/lv\/wp-json\/wp\/v2\/posts\/105763\/revisions"}],"wp:featuredmedia":[{"embeddable":true,"href":"https:\/\/www.europesays.com\/lv\/wp-json\/wp\/v2\/media\/105764"}],"wp:attachment":[{"href":"https:\/\/www.europesays.com\/lv\/wp-json\/wp\/v2\/media?parent=105763"}],"wp:term":[{"taxonomy":"category","embeddable":true,"href":"https:\/\/www.europesays.com\/lv\/wp-json\/wp\/v2\/categories?post=105763"},{"taxonomy":"post_tag","embeddable":true,"href":"https:\/\/www.europesays.com\/lv\/wp-json\/wp\/v2\/tags?post=105763"}],"curies":[{"name":"wp","href":"https:\/\/api.w.org\/{rel}","templated":true}]}}