{"id":105767,"date":"2026-01-15T17:12:15","date_gmt":"2026-01-15T17:12:15","guid":{"rendered":"https:\/\/www.europesays.com\/lv\/105767\/"},"modified":"2026-01-15T17:12:15","modified_gmt":"2026-01-15T17:12:15","slug":"simtiem-lauzu-atvadas-no-basketbola-legendas-uljanas-semjonovas-santa","status":"publish","type":"post","link":"https:\/\/www.europesays.com\/lv\/105767\/","title":{"rendered":"Simtiem \u013cau\u017eu atvad\u0101s no basketbola le\u0123endas U\u013cjanas Semjonovas \u2014 Santa"},"content":{"rendered":"<p>Lai teiktu ardievas basketbola le\u0123endai U\u013cjanai Semjonovai, atn\u0101ca gan tie, kam U\u013ca bijusi tuva un m\u012b\u013ca, gan tie, kurus iedvesmojis vi\u0146as zelta talants basketbol\u0101. Pavad\u012bt\u0101ju vid\u016b bija Latvijas Olimpisk\u0101s komitejas prezidents Raimonds Lazdi\u0146\u0161, Latvijas Basketbola savien\u012bbas \u0123ener\u0101lsekret\u0101rs Edgars \u0160neps, ar\u012b basketbolisti\u00a0Francis L\u0101cis,\u00a0Gunta Ba\u0161ko, Liene Jansone un citi, kurus\u00a0sportiskaj\u0101 karjer\u0101\u00a0iedvesmoja ar\u012b\u00a0izcil\u0101\u00a0Semjonova.<\/p>\n<p>Goda sardz\u0113 pie U\u013cas \u0161\u0137irsta st\u0101v\u0113ja kinore\u017eisors Dzintars Dreibergs un\u00a0aktieris K\u0101rlis Arnolds Avots, kur\u0161 jaunaj\u0101 film\u0101 par U\u013cas dz\u012bvi atveido slaveno basketbolisti.<\/p>\n<p>                    <a data-role=\"gallery.trigger\" href=\"https:\/\/www.santa.lv\/raksts\/personibas\/foto-simtiem-lauzu-atvadas-no-basketbola-legendas-uljanas-semjonovas-80216\/javascript:;\" style=\"background-image:url(&#039;https:\/\/cdn.santa.lv\/media\/2026\/01\/2\/xlarge\/98bd46eb1640.jpg&#039;)\" aria-label=\"Atv\u0113rt galeriju\" rel=\"nofollow noopener\" target=\"_blank\"><\/p>\n<p>                                            <a data-role=\"gallery.trigger\" href=\"https:\/\/www.santa.lv\/raksts\/personibas\/foto-simtiem-lauzu-atvadas-no-basketbola-legendas-uljanas-semjonovas-80216\/javascript:;\" style=\"background-image:url(&#039;https:\/\/cdn.santa.lv\/media\/2026\/01\/2\/small\/73a3c9aebc37.jpg&#039;)\" aria-label=\"Atv\u0113rt galeriju\" rel=\"nofollow noopener\" target=\"_blank\"><br \/>\n                                                    <\/a><br \/>\n                                                <a data-role=\"gallery.trigger\" href=\"https:\/\/www.santa.lv\/raksts\/personibas\/foto-simtiem-lauzu-atvadas-no-basketbola-legendas-uljanas-semjonovas-80216\/javascript:;\" style=\"background-image:url(&#039;https:\/\/cdn.santa.lv\/media\/2026\/01\/2\/small\/cf2e3b71df6c.jpg&#039;)\" aria-label=\"Atv\u0113rt galeriju\" rel=\"nofollow noopener\" target=\"_blank\"><br \/>\n                                                    <\/a><br \/>\n                                                <a data-role=\"gallery.trigger\" href=\"https:\/\/www.santa.lv\/raksts\/personibas\/foto-simtiem-lauzu-atvadas-no-basketbola-legendas-uljanas-semjonovas-80216\/javascript:;\" style=\"background-image:url(&#039;https:\/\/cdn.santa.lv\/media\/2026\/01\/2\/small\/c59c166e84fd.jpg&#039;)\" aria-label=\"Atv\u0113rt galeriju\" rel=\"nofollow noopener\" target=\"_blank\"><br \/>\n                            +157                        <\/a><\/p>\n<p> \u00a0<\/p>\n<p>Atvadu ceremonija turpin\u0101j\u0101s Otrajos Me\u017ea kapos, kur U\u013ca tika\u00a0guld\u012bta zemes kl\u0113p\u012b. P\u0113d\u0113j\u0101s ardievas ierad\u0101s teikt vair\u0101ki simti cilv\u0113ku, kuriem U\u013ca bija noz\u012bm\u012bga un d\u0101rga.<\/p>\n<p>Basketboliste U\u013cjana Semjonova 8. janv\u0101r\u012b slimn\u012bc\u0101 aizg\u0101ja no \u0161\u012bs pasaules. P\u0113d\u0113j\u0101s dz\u012bves dien\u0101s strauji progres\u0113ja sportistes vesel\u012bbas probl\u0113mas. Insulta sekas bija p\u0101r\u0101k smagas.<\/p>\n<p>Laikabiedri U\u013cu atcer\u0113sies k\u0101 talant\u012bgu sportisti un labest\u012bgu cilv\u0113ku, kurai vair\u0101k par savu labkl\u0101j\u012bbu r\u016bp\u0113ja citu sporta veter\u0101nu dz\u012bves apst\u0101k\u013ci. Vi\u0146a cent\u0101s b\u016bt noder\u012bga, pal\u012bdz\u0113t, iest\u0101ties par sav\u0113jiem, un \u013coti m\u012bl\u0113ja savu zemi \u2013 Latviju.<\/p>\n","protected":false},"excerpt":{"rendered":"Lai teiktu ardievas basketbola le\u0123endai U\u013cjanai Semjonovai, atn\u0101ca gan tie, kam U\u013ca bijusi tuva un m\u012b\u013ca, gan tie,&hellip;\n","protected":false},"author":2,"featured_media":105768,"comment_status":"","ping_status":"","sticky":false,"template":"","format":"standard","meta":{"footnotes":""},"categories":[5],"tags":[23,28,29,32,33,22,30,31,35,39,38,36,37,34,40,20,26,27,24,25,21],"class_list":{"0":"post-105767","1":"post","2":"type-post","3":"status-publish","4":"format-standard","5":"has-post-thumbnail","7":"category-aktualitates","8":"tag-aktualitates","9":"tag-breaking-news","10":"tag-breakingnews","11":"tag-featured-news","12":"tag-featurednews","13":"tag-headlines","14":"tag-latest-news","15":"tag-latestnews","16":"tag-latvia","17":"tag-latvian","18":"tag-latviesu","19":"tag-latviesu-valoda","20":"tag-latviesuvaloda","21":"tag-latvija","22":"tag-lv","23":"tag-news","24":"tag-popularakas-zinas","25":"tag-popularakaszinas","26":"tag-top-stories","27":"tag-topstories","28":"tag-zinas"},"share_on_mastodon":{"url":"https:\/\/pubeurope.com\/@lv\/115900235428326150","error":""},"_links":{"self":[{"href":"https:\/\/www.europesays.com\/lv\/wp-json\/wp\/v2\/posts\/105767","targetHints":{"allow":["GET"]}}],"collection":[{"href":"https:\/\/www.europesays.com\/lv\/wp-json\/wp\/v2\/posts"}],"about":[{"href":"https:\/\/www.europesays.com\/lv\/wp-json\/wp\/v2\/types\/post"}],"author":[{"embeddable":true,"href":"https:\/\/www.europesays.com\/lv\/wp-json\/wp\/v2\/users\/2"}],"replies":[{"embeddable":true,"href":"https:\/\/www.europesays.com\/lv\/wp-json\/wp\/v2\/comments?post=105767"}],"version-history":[{"count":0,"href":"https:\/\/www.europesays.com\/lv\/wp-json\/wp\/v2\/posts\/105767\/revisions"}],"wp:featuredmedia":[{"embeddable":true,"href":"https:\/\/www.europesays.com\/lv\/wp-json\/wp\/v2\/media\/105768"}],"wp:attachment":[{"href":"https:\/\/www.europesays.com\/lv\/wp-json\/wp\/v2\/media?parent=105767"}],"wp:term":[{"taxonomy":"category","embeddable":true,"href":"https:\/\/www.europesays.com\/lv\/wp-json\/wp\/v2\/categories?post=105767"},{"taxonomy":"post_tag","embeddable":true,"href":"https:\/\/www.europesays.com\/lv\/wp-json\/wp\/v2\/tags?post=105767"}],"curies":[{"name":"wp","href":"https:\/\/api.w.org\/{rel}","templated":true}]}}