{"id":105769,"date":"2026-01-15T17:13:08","date_gmt":"2026-01-15T17:13:08","guid":{"rendered":"https:\/\/www.europesays.com\/lv\/105769\/"},"modified":"2026-01-15T17:13:08","modified_gmt":"2026-01-15T17:13:08","slug":"petersone-godmane-svin-50-jubileju-un-parada-kadu-aspratigu-davanu-sanemusi-santa","status":"publish","type":"post","link":"https:\/\/www.europesays.com\/lv\/105769\/","title":{"rendered":"P\u0113tersone-Godmane svin 50. jubileju un par\u0101da, k\u0101du aspr\u0101t\u012bgu d\u0101vanu sa\u0146\u0113musi \u2014 Santa"},"content":{"rendered":"<p>\u00abVakar bija diena, kad jutu, cik paties\u012bb\u0101 esmu bag\u0101ta, ieejot sav\u0101 n\u0101ko\u0161aj\u0101 dz\u012bves desmitgad\u0113.<\/p>\n<blockquote><p>&#13;<\/p>\n<p>Un \u0161\u012b bag\u0101t\u012bba nav m\u0113r\u0101ma naud\u0101 \u2013 bet m\u012blest\u012bb\u0101, uzman\u012bb\u0101, draudz\u012bb\u0101<\/p>\n<p>&#13;\n<\/p><\/blockquote>\n<p>un tik daudzu cilv\u0113ku sirdssiltum\u0101!\u00bb pateic\u012bbas v\u0101rdus sveic\u0113jiem soci\u0101lajos t\u012bklos velta\u00a0Ilze P\u0113tersone-Godmane. Lielaj\u0101 jubilej\u0101 AS GASO valdes priek\u0161s\u0113d\u0113t\u0101ja tika burtiski apb\u0113rta ar ziediem\u00a0un d\u0101van\u0101m. Vi\u0146u sirsn\u012bgi sveica ar\u012b Latvijas Kinolo\u0123isk\u0101 feder\u0101cija, kuras viceprezidentes pien\u0101kumus Ilze\u00a0pilda. Gavi\u013cniece lielaj\u0101 dien\u0101 d\u0101van\u0101\u00a0sa\u0146\u0113musi ar\u012b aspr\u0101t\u012bgu portretu.\u00a0\u00a0<\/p>\n<p>\u00a0<\/p>\n<p>                    <a data-role=\"gallery.trigger\" href=\"https:\/\/www.santa.lv\/raksts\/personibas\/petersone-godmane-svin-50.-jubileju-un-parada-kadu-aspratigu-davanu-sanemusi-80225\/javascript:;\" style=\"background-image:url(&#039;https:\/\/cdn.santa.lv\/media\/2026\/01\/2\/xlarge\/32dff3f8edd6.jpg&#039;)\" aria-label=\"Atv\u0113rt galeriju\" rel=\"nofollow noopener\" target=\"_blank\"><\/p>\n<p>                                            <a data-role=\"gallery.trigger\" href=\"https:\/\/www.santa.lv\/raksts\/personibas\/petersone-godmane-svin-50.-jubileju-un-parada-kadu-aspratigu-davanu-sanemusi-80225\/javascript:;\" style=\"background-image:url(&#039;https:\/\/cdn.santa.lv\/media\/2026\/01\/2\/small\/c9bd74e63ff0.jpg&#039;)\" aria-label=\"Atv\u0113rt galeriju\" rel=\"nofollow noopener\" target=\"_blank\"><br \/>\n                                                    <\/a><br \/>\n                                                <a data-role=\"gallery.trigger\" href=\"https:\/\/www.santa.lv\/raksts\/personibas\/petersone-godmane-svin-50.-jubileju-un-parada-kadu-aspratigu-davanu-sanemusi-80225\/javascript:;\" style=\"background-image:url(&#039;https:\/\/cdn.santa.lv\/media\/2026\/01\/2\/small\/0c0dd57ef926.jpg&#039;)\" aria-label=\"Atv\u0113rt galeriju\" rel=\"nofollow noopener\" target=\"_blank\"><br \/>\n                                                    <\/a><br \/>\n                                                <a data-role=\"gallery.trigger\" href=\"https:\/\/www.santa.lv\/raksts\/personibas\/petersone-godmane-svin-50.-jubileju-un-parada-kadu-aspratigu-davanu-sanemusi-80225\/javascript:;\" style=\"background-image:url(&#039;https:\/\/cdn.santa.lv\/media\/2026\/01\/2\/small\/f43e509ee799.jpg&#039;)\" aria-label=\"Atv\u0113rt galeriju\" rel=\"nofollow noopener\" target=\"_blank\"><br \/>\n                            +1                        <\/a><\/p>\n<p>\u00a0<\/p>\n<p>\u00abTo visu es \u0146emu l\u012bdz sav\u0101 dz\u012bves turpm\u0101kaj\u0101 ce\u013cojum\u0101.<\/p>\n<blockquote><p>&#13;<\/p>\n<p>Esmu pateic\u012bga Dievam tie\u0161i par \u0161o \u2013 savu dz\u012bvi un visiem maniem for\u0161ajiem cilv\u0113kiem blakus.<\/p>\n<p>&#13;\n<\/p><\/blockquote>\n<p>Lai jums visiem vesel\u012bba un acis vienm\u0113r ierauga labo m\u016bsu dz\u012bv\u0113s,\u00bb draugiem v\u0113l\u00a0vi\u0146a.<\/p>\n","protected":false},"excerpt":{"rendered":"\u00abVakar bija diena, kad jutu, cik paties\u012bb\u0101 esmu bag\u0101ta, ieejot sav\u0101 n\u0101ko\u0161aj\u0101 dz\u012bves desmitgad\u0113. &#13; Un \u0161\u012b bag\u0101t\u012bba&hellip;\n","protected":false},"author":2,"featured_media":105770,"comment_status":"","ping_status":"","sticky":false,"template":"","format":"standard","meta":{"footnotes":""},"categories":[19],"tags":[89,90,35,39,38,36,37,34,40],"class_list":{"0":"post-105769","1":"post","2":"type-post","3":"status-publish","4":"format-standard","5":"has-post-thumbnail","7":"category-izklaide","8":"tag-entertainment","9":"tag-izklaide","10":"tag-latvia","11":"tag-latvian","12":"tag-latviesu","13":"tag-latviesu-valoda","14":"tag-latviesuvaloda","15":"tag-latvija","16":"tag-lv"},"share_on_mastodon":{"url":"https:\/\/pubeurope.com\/@lv\/115900239208665868","error":""},"_links":{"self":[{"href":"https:\/\/www.europesays.com\/lv\/wp-json\/wp\/v2\/posts\/105769","targetHints":{"allow":["GET"]}}],"collection":[{"href":"https:\/\/www.europesays.com\/lv\/wp-json\/wp\/v2\/posts"}],"about":[{"href":"https:\/\/www.europesays.com\/lv\/wp-json\/wp\/v2\/types\/post"}],"author":[{"embeddable":true,"href":"https:\/\/www.europesays.com\/lv\/wp-json\/wp\/v2\/users\/2"}],"replies":[{"embeddable":true,"href":"https:\/\/www.europesays.com\/lv\/wp-json\/wp\/v2\/comments?post=105769"}],"version-history":[{"count":0,"href":"https:\/\/www.europesays.com\/lv\/wp-json\/wp\/v2\/posts\/105769\/revisions"}],"wp:featuredmedia":[{"embeddable":true,"href":"https:\/\/www.europesays.com\/lv\/wp-json\/wp\/v2\/media\/105770"}],"wp:attachment":[{"href":"https:\/\/www.europesays.com\/lv\/wp-json\/wp\/v2\/media?parent=105769"}],"wp:term":[{"taxonomy":"category","embeddable":true,"href":"https:\/\/www.europesays.com\/lv\/wp-json\/wp\/v2\/categories?post=105769"},{"taxonomy":"post_tag","embeddable":true,"href":"https:\/\/www.europesays.com\/lv\/wp-json\/wp\/v2\/tags?post=105769"}],"curies":[{"name":"wp","href":"https:\/\/api.w.org\/{rel}","templated":true}]}}