{"id":105771,"date":"2026-01-15T17:18:08","date_gmt":"2026-01-15T17:18:08","guid":{"rendered":"https:\/\/www.europesays.com\/lv\/105771\/"},"modified":"2026-01-15T17:18:08","modified_gmt":"2026-01-15T17:18:08","slug":"francijas-arlietu-ministrs-baro-riga-putins-ir-galvenais-skerslis-mieram-ukraina-tvnet","status":"publish","type":"post","link":"https:\/\/www.europesays.com\/lv\/105771\/","title":{"rendered":"Francijas \u0101rlietu ministrs Baro R\u012bg\u0101: Putins ir galvenais \u0161\u0137\u0113rslis mieram Ukrain\u0101 &#8211; TVNET"},"content":{"rendered":"<ol>\n<li><a href=\"https:\/\/news.google.com\/rss\/articles\/CBMirgFBVV95cUxOZUxJR3puTC1DODhLOFFEaFl6Ny1rQjNsdWpEem8zRGFPcFBSVVRLeGIwb3A2MDRwWVZGX1JnRzRTNF9WVkhFWHhYM1A4ZGR5eDBPZ0lldnI3M1YybnFZZVNLNFd1NmxtTXctcEpac09tRXBtaXhoU1hqbVFJMnd1WGthaTZnY1VNNnZ3ZEVJenhKcUNDOTk2bi1zTlV6eW81eFpEZ0VZYjZMMUpkUXc?oc=5\" target=\"_blank\" rel=\"nofollow noopener\">Francijas \u0101rlietu ministrs Baro R\u012bg\u0101: Putins ir galvenais \u0161\u0137\u0113rslis mieram Ukrain\u0101<\/a>&nbsp;&nbsp;TVNET<\/li>\n<li><a href=\"https:\/\/news.google.com\/rss\/articles\/CBMidkFVX3lxTE1SX1czb0ROTUd3cGM4ekU5TmZjUXlyREpPMldqS1VkeXhISEd1TUxrUG5ReDhXS2V3cHRDc01sSm8xdUVYaDE1cldocUxUNEc2VnFwS0wxOEU1VGhRLVBDd2FGZ3R6LWltMW0zdDMyM1JBVHdhSFE?oc=5\" target=\"_blank\" rel=\"nofollow noopener\">15.janv\u0101r\u012b ierobe\u017eos satiksmi Vecr\u012bg\u0101<\/a>&nbsp;&nbsp;R\u012bgas valstspils\u0113tas pa\u0161vald\u012bba<\/li>\n<li><a href=\"https:\/\/news.google.com\/rss\/articles\/CBMikgFBVV95cUxOWTItR0o1bXZSRngtakRTa2JxMTJ4eFVYTlJvV1Z2cGwxYVgtVjRZT29qV1A5QkZwQ1VPOV84dzJpSGpmTmRlZ1QtZk85REVkV3BfVHYyQWRfT09PX0lRZTlMZnZPZ1VvV3JlakRYemRYMWgxd0tmODc1N0pUcTBJbHFKQ2lLVFpFcGQtR0JFQkdVQQ?oc=5\" target=\"_blank\" rel=\"nofollow noopener\">R\u012bt Latvij\u0101 ierad\u012bsies Francijas \u0101rlietu ministrs<\/a>&nbsp;&nbsp;NRA<\/li>\n<li><a href=\"https:\/\/news.google.com\/rss\/articles\/CBMiugFBVV95cUxNY0JmaW1yak1VTmJzekdjMWZ2UlE5UFlteURhT0NhUWlDS2w4SGUwYWxHX0FYeEg5QzQ2Q3VsZDI3c3VHUFV0MDUtblVHQ1poanYzYWdGeXNxMm1EM1dyRUFhV0NSTWVPMEtWeGw4cFZOQkRXOGdpUXFYMWRtSjZEZ052N2hqUnJFcXdMUkpWQkJtd1d3eHY4LUZQVDY0ZFlhejEteXpHVFNQYUo1RklpOC1TZzlSbmpPaWfSAb8BQVVfeXFMUDQySDJnSWVsUDRkd0hWSVByU3QxWUVtS2RJX1RYa1d3OEFkYnhtVzlkcGRhZU9XQ1N6aE00R0NCU1dYMG1sNVJOVnc2dkZuR1J4UU1xNUNZQTgyMHNJd3U5Ny1HVC1PWmVGcWpQMUQ2REx0SEhoYk1Oa0dNOXRJM3RNRFEtR2E4UkU2MGhvYWVxWjRSc3I1cm1xRlcxZ3pnMExSUzRwdnY5V2dYOEtoYU00czhibERzaG5yNkkyRWc?oc=5\" target=\"_blank\" rel=\"nofollow noopener\">Baiba Bra\u017ee r\u012bko Baltijas un Francijas \u0101rlietu ministru tik\u0161anos<\/a>&nbsp;&nbsp;bb.lv<\/li>\n<li><a href=\"https:\/\/news.google.com\/rss\/articles\/CBMiwwFBVV95cUxORlRrNXVYRks0WkFaOEgydzZWUFg4clVQaExSRURvWjkxaWtvMUhVMUwtZ1VxRzdWdGk4eVd1eGRmQ2tLLVBoUlhBenBoZk5JWnFXQmI1RVhyWk40ZW1sTUZzZWt4bElicFN1ZnlCTWc4WmpxMGlkcXF6aUFyNEVQUnA5VHlLdE5VV3ZCeXpGaE9QQkJfOUhDMW9RbVRZTU1tTEkxbXk3OVR5RnVxSk1jejJKTFNQd3hCc1RuRnE3MjBjM1k?oc=5\" target=\"_blank\" rel=\"nofollow noopener\">Izmai\u0146as darbak\u0101rt\u012bb\u0101: Latvij\u0101 darba viz\u012bt\u0113 ierad\u012bsies Francijas Eiropas un \u0101rlietu ministrs<\/a>&nbsp;&nbsp;\u0100rlietu ministrija<\/li>\n<\/ol>\n","protected":false},"excerpt":{"rendered":"Francijas \u0101rlietu ministrs Baro R\u012bg\u0101: Putins ir galvenais \u0161\u0137\u0113rslis mieram Ukrain\u0101&nbsp;&nbsp;TVNET 15.janv\u0101r\u012b ierobe\u017eos satiksmi Vecr\u012bg\u0101&nbsp;&nbsp;R\u012bgas valstspils\u0113tas pa\u0161vald\u012bba R\u012bt&hellip;\n","protected":false},"author":2,"featured_media":105772,"comment_status":"","ping_status":"","sticky":false,"template":"","format":"standard","meta":{"footnotes":""},"categories":[5],"tags":[23,292,28,29,32,33,1309,20878,22,74,30,31,35,39,38,36,37,34,40,20,26,27,24,25,235,21],"class_list":{"0":"post-105771","1":"post","2":"type-post","3":"status-publish","4":"format-standard","5":"has-post-thumbnail","7":"category-aktualitates","8":"tag-aktualitates","9":"tag-asv","10":"tag-breaking-news","11":"tag-breakingnews","12":"tag-featured-news","13":"tag-featurednews","14":"tag-francija","15":"tag-grenlande","16":"tag-headlines","17":"tag-krievijas-iebrukums-ukraina","18":"tag-latest-news","19":"tag-latestnews","20":"tag-latvia","21":"tag-latvian","22":"tag-latviesu","23":"tag-latviesu-valoda","24":"tag-latviesuvaloda","25":"tag-latvija","26":"tag-lv","27":"tag-news","28":"tag-popularakas-zinas","29":"tag-popularakaszinas","30":"tag-top-stories","31":"tag-topstories","32":"tag-vladimirs-putins","33":"tag-zinas"},"share_on_mastodon":{"url":"https:\/\/pubeurope.com\/@lv\/115900258947256382","error":""},"_links":{"self":[{"href":"https:\/\/www.europesays.com\/lv\/wp-json\/wp\/v2\/posts\/105771","targetHints":{"allow":["GET"]}}],"collection":[{"href":"https:\/\/www.europesays.com\/lv\/wp-json\/wp\/v2\/posts"}],"about":[{"href":"https:\/\/www.europesays.com\/lv\/wp-json\/wp\/v2\/types\/post"}],"author":[{"embeddable":true,"href":"https:\/\/www.europesays.com\/lv\/wp-json\/wp\/v2\/users\/2"}],"replies":[{"embeddable":true,"href":"https:\/\/www.europesays.com\/lv\/wp-json\/wp\/v2\/comments?post=105771"}],"version-history":[{"count":0,"href":"https:\/\/www.europesays.com\/lv\/wp-json\/wp\/v2\/posts\/105771\/revisions"}],"wp:featuredmedia":[{"embeddable":true,"href":"https:\/\/www.europesays.com\/lv\/wp-json\/wp\/v2\/media\/105772"}],"wp:attachment":[{"href":"https:\/\/www.europesays.com\/lv\/wp-json\/wp\/v2\/media?parent=105771"}],"wp:term":[{"taxonomy":"category","embeddable":true,"href":"https:\/\/www.europesays.com\/lv\/wp-json\/wp\/v2\/categories?post=105771"},{"taxonomy":"post_tag","embeddable":true,"href":"https:\/\/www.europesays.com\/lv\/wp-json\/wp\/v2\/tags?post=105771"}],"curies":[{"name":"wp","href":"https:\/\/api.w.org\/{rel}","templated":true}]}}