{"id":105779,"date":"2026-01-15T17:25:23","date_gmt":"2026-01-15T17:25:23","guid":{"rendered":"https:\/\/www.europesays.com\/lv\/105779\/"},"modified":"2026-01-15T17:25:23","modified_gmt":"2026-01-15T17:25:23","slug":"kartejais-korupcijas-skandals-ukraina-ekspremjeri-timosenko-tur-aizdomas-par-kukulosanu","status":"publish","type":"post","link":"https:\/\/www.europesays.com\/lv\/105779\/","title":{"rendered":"K\u0101rt\u0113jais korupcijas skand\u0101ls Ukrain\u0101 \u2013 ekspremjeri Timo\u0161enko tur aizdom\u0101s par kuku\u013co\u0161anu"},"content":{"rendered":"<p>Saska\u0146\u0101 ar t\u012bmek\u013ca medija \u201cUkrainska pravda\u201d avotu teikto, notikusi krat\u012b\u0161ana \u201cBatkiv\u0161\u010dina\u201d biroj\u0101 Kijiv\u0101.<\/p>\n<p>K\u0101 pauda parlamenta deput\u0101ts Oleksijs Hon\u010darenko, Timo\u0161enko par naudu var\u0113tu b\u016bt vienojusies par deput\u0101tu p\u0101reju vai neofici\u0101lu pievieno\u0161anos partijas \u201cBatkiv\u0161\u010dina\u201d frakcijai, un k\u0101ds to ierakst\u012bjis un nodevis Ukrainas Nacion\u0101lajam pretkorupcijas birojam.<\/p>\n<p>Timo\u0161enko pazi\u0146oja, ka tre\u0161dienas r\u012bt\u0101 vi\u0146as partijas biroj\u0101 tika pabeigtas \u201csteidzamas izmekl\u0113\u0161anas darb\u012bbas\u201d, kas ilga visu nakti.<\/p>\n<p>\u201cVi\u0146i neko neatrada, t\u0101p\u0113c vienk\u0101r\u0161i pa\u0146\u0113ma manus darba telefonus, parlamenta dokumentus un person\u012bgos uzkr\u0101jumus, inform\u0101cija par kuriem piln\u012bb\u0101 atspogu\u013cota ofici\u0101laj\u0101 deklar\u0101cij\u0101. Es kategoriski noraidu visas absurd\u0101s aps\u016bdz\u012bbas,\u201d platform\u0101 \u201cFacebook\u201d pauda Timo\u0161enko.<\/p>\n<p>Mediji zi\u0146o, ka likumsargi veiku\u0161i krat\u012b\u0161anu ar\u012b frakcijas \u201cSluha narodu\u201d (\u201cTautas kalps\u201d) D\u0101vida Arahamijas telp\u0101s.<\/p>\n<p class=\"tv3-fw-500\">Zi\u0146o par k\u013c\u016bdu rakst\u0101<\/p>\n<p class=\"d-md-block d-none\">Iez\u012bm\u0113 k\u013c\u016bdaino tekstu un spied Ctrl+Enter.<\/p>\n<p class=\"d-md-none d-block\">Iez\u012bm\u0113 k\u013c\u016bdaino tekstu un zi\u0146o par to!<\/p>\n","protected":false},"excerpt":{"rendered":"Saska\u0146\u0101 ar t\u012bmek\u013ca medija \u201cUkrainska pravda\u201d avotu teikto, notikusi krat\u012b\u0161ana \u201cBatkiv\u0161\u010dina\u201d biroj\u0101 Kijiv\u0101. K\u0101 pauda parlamenta deput\u0101ts Oleksijs&hellip;\n","protected":false},"author":2,"featured_media":105780,"comment_status":"","ping_status":"","sticky":false,"template":"","format":"standard","meta":{"footnotes":""},"categories":[19],"tags":[89,90,25314,35,39,38,36,37,34,40],"class_list":{"0":"post-105779","1":"post","2":"type-post","3":"status-publish","4":"format-standard","5":"has-post-thumbnail","7":"category-izklaide","8":"tag-entertainment","9":"tag-izklaide","10":"tag-julija-timosenkokars-ukrainakorupcija","11":"tag-latvia","12":"tag-latvian","13":"tag-latviesu","14":"tag-latviesu-valoda","15":"tag-latviesuvaloda","16":"tag-latvija","17":"tag-lv"},"share_on_mastodon":{"url":"https:\/\/pubeurope.com\/@lv\/115900286400571384","error":""},"_links":{"self":[{"href":"https:\/\/www.europesays.com\/lv\/wp-json\/wp\/v2\/posts\/105779","targetHints":{"allow":["GET"]}}],"collection":[{"href":"https:\/\/www.europesays.com\/lv\/wp-json\/wp\/v2\/posts"}],"about":[{"href":"https:\/\/www.europesays.com\/lv\/wp-json\/wp\/v2\/types\/post"}],"author":[{"embeddable":true,"href":"https:\/\/www.europesays.com\/lv\/wp-json\/wp\/v2\/users\/2"}],"replies":[{"embeddable":true,"href":"https:\/\/www.europesays.com\/lv\/wp-json\/wp\/v2\/comments?post=105779"}],"version-history":[{"count":0,"href":"https:\/\/www.europesays.com\/lv\/wp-json\/wp\/v2\/posts\/105779\/revisions"}],"wp:featuredmedia":[{"embeddable":true,"href":"https:\/\/www.europesays.com\/lv\/wp-json\/wp\/v2\/media\/105780"}],"wp:attachment":[{"href":"https:\/\/www.europesays.com\/lv\/wp-json\/wp\/v2\/media?parent=105779"}],"wp:term":[{"taxonomy":"category","embeddable":true,"href":"https:\/\/www.europesays.com\/lv\/wp-json\/wp\/v2\/categories?post=105779"},{"taxonomy":"post_tag","embeddable":true,"href":"https:\/\/www.europesays.com\/lv\/wp-json\/wp\/v2\/tags?post=105779"}],"curies":[{"name":"wp","href":"https:\/\/api.w.org\/{rel}","templated":true}]}}