{"id":105787,"date":"2026-01-15T17:35:07","date_gmt":"2026-01-15T17:35:07","guid":{"rendered":"https:\/\/www.europesays.com\/lv\/105787\/"},"modified":"2026-01-15T17:35:07","modified_gmt":"2026-01-15T17:35:07","slug":"kompensacija-par-pasazieru-ar-atvieglojumiem-parvadasanu-joprojam-nav-sanemta","status":"publish","type":"post","link":"https:\/\/www.europesays.com\/lv\/105787\/","title":{"rendered":"Kompens\u0101cija par pasa\u017eieru ar atvieglojumiem p\u0101rvad\u0101\u0161anu joproj\u0101m nav sa\u0146emta"},"content":{"rendered":"<p>T\u0101pat zi\u0146ots, ka Saeimas deput\u0101ti p\u0113rn 16. oktobr\u012b gal\u012bgaj\u0101 las\u012bjum\u0101 pie\u0146\u0113ma SM izstr\u0101d\u0101tos groz\u012bjumus Sabiedrisk\u0101 transporta pakalpojumu likum\u0101, kas paredz komercmar\u0161rutu p\u0101rvad\u0101t\u0101jiem kompens\u0113t zaud\u0113jumus par pasa\u017eieru ar brauk\u0161anas atvieglojumiem p\u0101rvad\u0101\u0161anu.<\/p>\n<p>Savuk\u0101rt vald\u012bba p\u0113rn 22. decembr\u012b apstiprin\u0101ja Ministru kabineta noteikumus, kas paredz k\u0101rt\u012bbu kompens\u0101ciju izmaks\u0101\u0161anai komercp\u0101rvad\u0101t\u0101jiem par pasa\u017eieru ar brauk\u0161anas maksas atvieglojumiem p\u0101rvad\u0101\u0161anu.<\/p>\n<p>Groz\u012bjumi paredz papla\u0161in\u0101t kompens\u0101cijas meh\u0101nismu, iek\u013caujot komerci\u0101los mar\u0161rutus, k\u0101 ar\u012b nosaka k\u0101rt\u012bbu kompens\u0101cijas apr\u0113\u0137in\u0101\u0161anai. Noteikumos preciz\u0113ts, ka kompens\u0101cijas apm\u0113rs nedr\u012bkst p\u0101rsniegt dot\u0113t\u0101 re\u0123ion\u0101l\u0101 tarifa apm\u0113ru vai faktisk\u0101s brauk\u0161anas maksas apm\u0113ru, ja t\u0101 ir zem\u0101ka par dot\u0113to re\u0123ion\u0101lo sabiedrisk\u0101 transporta tarifu. Brauk\u0161anas maksas da\u013cu, kas p\u0101rsniegs dot\u0113to re\u0123ion\u0101lo sabiedrisk\u0101 transporta tarifu, segs brauk\u0161anas maksas atvieglojumu sa\u0146\u0113m\u0113js.<\/p>\n<p>Jau v\u0113st\u012bts, ka &#8220;Lux Express Latvia&#8221; apgroz\u012bjums 2024. gad\u0101 bija 3,783 miljoni eiro, kas ir 2,2 reizes vair\u0101k nek\u0101 gadu iepriek\u0161, ta\u010du uz\u0146\u0113mums cieta zaud\u0113jumus 354 167 eiro apm\u0113r\u0101 pretstat\u0101 pe\u013c\u0146ai gadu iepriek\u0161.<\/p>\n<p>&#8220;Lux Express Latvia&#8221; re\u0123istr\u0113ta 1994. gad\u0101, un t\u0101s pamatkapit\u0101ls ir 193 404 eiro, liecina inform\u0101cija &#8220;Firmas.lv&#8221;. Uz\u0146\u0113mums pieder Igaunij\u0101 re\u0123istr\u0113tajam uz\u0146\u0113mumam &#8220;Lux Express Estonia&#8221;. &#8220;Lux Express Group&#8221; nodro\u0161ina starptautiskus t\u0101lsatiksmes reisus uz liel\u0101kaj\u0101m Baltijas pils\u0113t\u0101m un Var\u0161avu, k\u0101 ar\u012b iek\u0161zemes pasa\u017eieru p\u0101rvad\u0101jumus Latvij\u0101 un Igaunij\u0101.<\/p>\n","protected":false},"excerpt":{"rendered":"T\u0101pat zi\u0146ots, ka Saeimas deput\u0101ti p\u0113rn 16. oktobr\u012b gal\u012bgaj\u0101 las\u012bjum\u0101 pie\u0146\u0113ma SM izstr\u0101d\u0101tos groz\u012bjumus Sabiedrisk\u0101 transporta pakalpojumu likum\u0101,&hellip;\n","protected":false},"author":2,"featured_media":105788,"comment_status":"","ping_status":"","sticky":false,"template":"","format":"standard","meta":{"footnotes":""},"categories":[12],"tags":[23,1953,28,29,32,33,22,30,31,35,39,38,36,37,34,23673,40,20,5207,26,27,24,25,21],"class_list":{"0":"post-105787","1":"post","2":"type-post","3":"status-publish","4":"format-standard","5":"has-post-thumbnail","7":"category-latvija","8":"tag-aktualitates","9":"tag-autotransporta-direkcija","10":"tag-breaking-news","11":"tag-breakingnews","12":"tag-featured-news","13":"tag-featurednews","14":"tag-headlines","15":"tag-latest-news","16":"tag-latestnews","17":"tag-latvia","18":"tag-latvian","19":"tag-latviesu","20":"tag-latviesu-valoda","21":"tag-latviesuvaloda","22":"tag-latvija","23":"tag-lux-express","24":"tag-lv","25":"tag-news","26":"tag-pasazieru-parvadajumi","27":"tag-popularakas-zinas","28":"tag-popularakaszinas","29":"tag-top-stories","30":"tag-topstories","31":"tag-zinas"},"share_on_mastodon":{"url":"https:\/\/pubeurope.com\/@lv\/115900325741913601","error":""},"_links":{"self":[{"href":"https:\/\/www.europesays.com\/lv\/wp-json\/wp\/v2\/posts\/105787","targetHints":{"allow":["GET"]}}],"collection":[{"href":"https:\/\/www.europesays.com\/lv\/wp-json\/wp\/v2\/posts"}],"about":[{"href":"https:\/\/www.europesays.com\/lv\/wp-json\/wp\/v2\/types\/post"}],"author":[{"embeddable":true,"href":"https:\/\/www.europesays.com\/lv\/wp-json\/wp\/v2\/users\/2"}],"replies":[{"embeddable":true,"href":"https:\/\/www.europesays.com\/lv\/wp-json\/wp\/v2\/comments?post=105787"}],"version-history":[{"count":0,"href":"https:\/\/www.europesays.com\/lv\/wp-json\/wp\/v2\/posts\/105787\/revisions"}],"wp:featuredmedia":[{"embeddable":true,"href":"https:\/\/www.europesays.com\/lv\/wp-json\/wp\/v2\/media\/105788"}],"wp:attachment":[{"href":"https:\/\/www.europesays.com\/lv\/wp-json\/wp\/v2\/media?parent=105787"}],"wp:term":[{"taxonomy":"category","embeddable":true,"href":"https:\/\/www.europesays.com\/lv\/wp-json\/wp\/v2\/categories?post=105787"},{"taxonomy":"post_tag","embeddable":true,"href":"https:\/\/www.europesays.com\/lv\/wp-json\/wp\/v2\/tags?post=105787"}],"curies":[{"name":"wp","href":"https:\/\/api.w.org\/{rel}","templated":true}]}}