{"id":10579,"date":"2025-10-02T12:25:08","date_gmt":"2025-10-02T12:25:08","guid":{"rendered":"https:\/\/www.europesays.com\/lv\/10579\/"},"modified":"2025-10-02T12:25:08","modified_gmt":"2025-10-02T12:25:08","slug":"saeima-noraida-ieceri-pastavigi-slegt-gaisa-telpu-pie-austrumu-robezas","status":"publish","type":"post","link":"https:\/\/www.europesays.com\/lv\/10579\/","title":{"rendered":"Saeima noraida ieceri past\u0101v\u012bgi sl\u0113gt gaisa telpu pie austrumu robe\u017eas"},"content":{"rendered":"<p>&#8220;Progres\u012bvo&#8221; Saeimas frakcijas vad\u012bt\u0101js Andris \u0160uvajevs Saeimas s\u0113d\u0113 nor\u0101d\u012bja, ka Latvijas <a href=\"https:\/\/www.tvnet.lv\/term\/794498\/gaisa-telpa\" class=\"topicLink\" target=\"_blank\" rel=\"nofollow noopener\">gaisa telpa<\/a> Austrumu pierobe\u017e\u0101 ir sl\u0113gta l\u012bdz 8.oktobrim, un, lai ar\u012b akt\u012bv\u0101 milit\u0101ro m\u0101c\u012bbu &#8220;Namejs&#8221; f\u0101ze ir nosl\u0113gusies, Latvijas armija ir paaugstin\u0101t\u0101 gatav\u012bb\u0101.<\/p>\n<p>Vi\u0146\u0161 nor\u0101d\u012bja, ka par t\u0101l\u0101kiem gaisa telpas ierobe\u017eojumiem tiks lemts p\u0113c Latvijas armijas izv\u0113rt\u0113juma un koordin\u0101cijas ar Baltijas valst\u012bm.<\/p>\n<p>NA bija nor\u0101d\u012bjusi, ka \u0161\u0101ds solis esot b\u016btisks, lai stiprin\u0101tu Latvijas dro\u0161\u012bbu un nov\u0113rstu iesp\u0113jamas provok\u0101cijas.<\/p>\n<p>NA atz\u012bm\u0113jusi, ka 25.septembr\u012b tikusi konstat\u0113ta k\u0101rt\u0113j\u0101 provok\u0101cija &#8211; pieci Krievijas izn\u012bcin\u0101t\u0101ji tuvoj\u0101s NATO gaisa telpai rietumos no Latvijas piekrastes, neiev\u0113rojot starptautiskos lidojumu dro\u0161\u012bbas noteikumus. No \u0160au\u013cu aviob\u0101zes pac\u0113l\u0101s Ung\u0101rijas izn\u012bcin\u0101t\u0101ji &#8220;Gripen&#8221;, lai p\u0101rtvertu un eskort\u0113tu Krievijas izn\u012bcin\u0101t\u0101jus proj\u0101m.<\/p>\n<p>Saeimas deput\u0101te In\u0101ra M\u016brniece (NA) paudusi, ka milit\u0101ro m\u0101c\u012bbu &#8220;Zapad&#8221; laik\u0101 tiek aktiviz\u0113ti iev\u0113rojami milit\u0101rie resursi, kuru kl\u0101tb\u016btne Baltijas valstu tuvum\u0101 nebeidzas l\u012bdz ar m\u0101c\u012bbu akt\u012bv\u0101s f\u0101zes nosl\u0113gumu.<\/p>\n<p>K\u0101 nor\u0101d\u012bja M\u016brniece, v\u0113sturiski pier\u0101d\u012bjies, ka \u0161\u0101dos periodos palielin\u0101s hibr\u012bddraudu un izl\u016bko\u0161anas risku iesp\u0113jam\u012bba, k\u0101 ar\u012b nov\u0113rojama agres\u012bva retorika un darb\u012bbas, kas v\u0113rstas uz NATO austrumu flanga destabiliz\u0113\u0161anu. &#8220;To redzam ar\u012b \u0161obr\u012bd, kad jau virkne Eiropas valstu piedz\u012bvoju\u0161as da\u017e\u0101da veida gaisa telpas p\u0101rk\u0101pumus. Ar\u012b p\u0113c m\u0101c\u012bbu akt\u012bv\u0101s f\u0101zes beig\u0101m nepiecie\u0161ams saglab\u0101t pastiprin\u0101tu kontroli Latvijas austrumu gaisa telp\u0101, lai nov\u0113rstu iesp\u0113jamas izl\u016bko\u0161anas vai cita veida darb\u012bbas,&#8221; teica M\u016brniece.<\/p>\n","protected":false},"excerpt":{"rendered":"&#8220;Progres\u012bvo&#8221; Saeimas frakcijas vad\u012bt\u0101js Andris \u0160uvajevs Saeimas s\u0113d\u0113 nor\u0101d\u012bja, ka Latvijas gaisa telpa Austrumu pierobe\u017e\u0101 ir sl\u0113gta l\u012bdz&hellip;\n","protected":false},"author":2,"featured_media":10580,"comment_status":"","ping_status":"","sticky":false,"template":"","format":"standard","meta":{"footnotes":""},"categories":[14],"tags":[23,57,28,29,32,33,2277,22,30,31,35,39,38,36,37,34,40,2607,20,26,27,24,25,54,55,56,21,58],"class_list":{"0":"post-10579","1":"post","2":"type-post","3":"status-publish","4":"format-standard","5":"has-post-thumbnail","7":"category-zinas-no-arvalstim","8":"tag-aktualitates","9":"tag-arvalstim","10":"tag-breaking-news","11":"tag-breakingnews","12":"tag-featured-news","13":"tag-featurednews","14":"tag-gaisa-telpa","15":"tag-headlines","16":"tag-latest-news","17":"tag-latestnews","18":"tag-latvia","19":"tag-latvian","20":"tag-latviesu","21":"tag-latviesu-valoda","22":"tag-latviesuvaloda","23":"tag-latvija","24":"tag-lv","25":"tag-nacionala-apvieniba","26":"tag-news","27":"tag-popularakas-zinas","28":"tag-popularakaszinas","29":"tag-top-stories","30":"tag-topstories","31":"tag-world","32":"tag-world-news","33":"tag-worldnews","34":"tag-zinas","35":"tag-zinas-no-arvalstim"},"share_on_mastodon":{"url":"","error":""},"_links":{"self":[{"href":"https:\/\/www.europesays.com\/lv\/wp-json\/wp\/v2\/posts\/10579","targetHints":{"allow":["GET"]}}],"collection":[{"href":"https:\/\/www.europesays.com\/lv\/wp-json\/wp\/v2\/posts"}],"about":[{"href":"https:\/\/www.europesays.com\/lv\/wp-json\/wp\/v2\/types\/post"}],"author":[{"embeddable":true,"href":"https:\/\/www.europesays.com\/lv\/wp-json\/wp\/v2\/users\/2"}],"replies":[{"embeddable":true,"href":"https:\/\/www.europesays.com\/lv\/wp-json\/wp\/v2\/comments?post=10579"}],"version-history":[{"count":0,"href":"https:\/\/www.europesays.com\/lv\/wp-json\/wp\/v2\/posts\/10579\/revisions"}],"wp:featuredmedia":[{"embeddable":true,"href":"https:\/\/www.europesays.com\/lv\/wp-json\/wp\/v2\/media\/10580"}],"wp:attachment":[{"href":"https:\/\/www.europesays.com\/lv\/wp-json\/wp\/v2\/media?parent=10579"}],"wp:term":[{"taxonomy":"category","embeddable":true,"href":"https:\/\/www.europesays.com\/lv\/wp-json\/wp\/v2\/categories?post=10579"},{"taxonomy":"post_tag","embeddable":true,"href":"https:\/\/www.europesays.com\/lv\/wp-json\/wp\/v2\/tags?post=10579"}],"curies":[{"name":"wp","href":"https:\/\/api.w.org\/{rel}","templated":true}]}}