{"id":105791,"date":"2026-01-15T17:41:07","date_gmt":"2026-01-15T17:41:07","guid":{"rendered":"https:\/\/www.europesays.com\/lv\/105791\/"},"modified":"2026-01-15T17:41:07","modified_gmt":"2026-01-15T17:41:07","slug":"saeima-noraida-nacionalas-apvienibas-prasito-premjeres-silinas-demisiju-lr1-latvijas-radio","status":"publish","type":"post","link":"https:\/\/www.europesays.com\/lv\/105791\/","title":{"rendered":"Saeima noraida Nacion\u0101l\u0101s apvien\u012bbas pras\u012bto premjeres Sili\u0146as demisiju \/ LR1 \/ \/ Latvijas Radio"},"content":{"rendered":"<p><a href=\"https:\/\/mapp.latvijasradio.lv\/shared-broadcast?b=124&amp;url=http:\/\/latvijasradio.lsm.lv\/lv\/lr1\/raidijumi\/pecpusdiena\/\" target=\"_blank\" rel=\"nofollow noopener\"><img decoding=\"async\" alt=\"Latvijas Radio lietotnes logo\" src=\"https:\/\/www.europesays.com\/lv\/wp-content\/uploads\/2026\/01\/1768498867_938_LR_pod poga.png\" style=\"width: 150px; height: 41px;\"\/><\/a><\/p>\n<p>Ministru prezidente Evika Sili\u0146a no \u201cJaun\u0101s Vienot\u012bbas\u201d iztur\u0113jusi jau piekto neuztic\u012bbas balsojumu. To rosin\u0101jusi opoz\u012bcij\u0101 eso\u0161\u0101 Nacion\u0101l\u0101 apvien\u012bba, pamatojot ar valsts finans\u0113juma pie\u0161\u0137ir\u0161anu Latvijas Sabiedrisk\u0101 medija veidotam saturam krievu valod\u0101. \u0160oreiz koal\u012bcija vienpr\u0101t\u012bgi balsoja pret, bet da\u013ca opoz\u012bcijas balsojum\u0101 nepiedal\u012bj\u0101s.<\/p>\n<p>Vienlaikus atsevi\u0161\u0137i opoz\u012bcijas deput\u0101ti s\u0113d\u0113 lika noprast, ka demisijas piepras\u012bjumi Sili\u0146ai var sekot ar\u012b turpm\u0101k. To pie\u013cauj ar\u012b politolo\u0123e Lelde Metla-Rozent\u0101le, nor\u0101dot, ka pirms Saeimas v\u0113l\u0113\u0161an\u0101m opoz\u012bcija arvien akt\u012bv\u0101k p\u0101rbaud\u012bs koal\u012bcijas iztur\u012bbu un demonstr\u0113s v\u0113l\u0113t\u0101jiem savu poz\u012bciju.<\/p>\n<p>Ieteikt<\/p>\n<p>    Latvijas Radio aicina izteikt savu viedokli par raid\u012bjum\u0101 dzird\u0113to un atbalsta diskusijas klaus\u012bt\u0101ju starp\u0101, tom\u0113r patur ties\u012bbas dz\u0113st koment\u0101rus, kas p\u0101rk\u0101pj cie\u0146pilnas attieksmes un \u0113tiskas r\u012bc\u012bbas robe\u017eas.<a name=\"comments\"\/><\/p>\n","protected":false},"excerpt":{"rendered":"Ministru prezidente Evika Sili\u0146a no \u201cJaun\u0101s Vienot\u012bbas\u201d iztur\u0113jusi jau piekto neuztic\u012bbas balsojumu. To rosin\u0101jusi opoz\u012bcij\u0101 eso\u0161\u0101 Nacion\u0101l\u0101 apvien\u012bba,&hellip;\n","protected":false},"author":2,"featured_media":105792,"comment_status":"","ping_status":"","sticky":false,"template":"","format":"standard","meta":{"footnotes":""},"categories":[12],"tags":[23,28,29,32,33,22,30,31,35,39,38,36,37,34,40,20,26,27,24,25,21],"class_list":{"0":"post-105791","1":"post","2":"type-post","3":"status-publish","4":"format-standard","5":"has-post-thumbnail","7":"category-latvija","8":"tag-aktualitates","9":"tag-breaking-news","10":"tag-breakingnews","11":"tag-featured-news","12":"tag-featurednews","13":"tag-headlines","14":"tag-latest-news","15":"tag-latestnews","16":"tag-latvia","17":"tag-latvian","18":"tag-latviesu","19":"tag-latviesu-valoda","20":"tag-latviesuvaloda","21":"tag-latvija","22":"tag-lv","23":"tag-news","24":"tag-popularakas-zinas","25":"tag-popularakaszinas","26":"tag-top-stories","27":"tag-topstories","28":"tag-zinas"},"share_on_mastodon":{"url":"https:\/\/pubeurope.com\/@lv\/115900349238617231","error":""},"_links":{"self":[{"href":"https:\/\/www.europesays.com\/lv\/wp-json\/wp\/v2\/posts\/105791","targetHints":{"allow":["GET"]}}],"collection":[{"href":"https:\/\/www.europesays.com\/lv\/wp-json\/wp\/v2\/posts"}],"about":[{"href":"https:\/\/www.europesays.com\/lv\/wp-json\/wp\/v2\/types\/post"}],"author":[{"embeddable":true,"href":"https:\/\/www.europesays.com\/lv\/wp-json\/wp\/v2\/users\/2"}],"replies":[{"embeddable":true,"href":"https:\/\/www.europesays.com\/lv\/wp-json\/wp\/v2\/comments?post=105791"}],"version-history":[{"count":0,"href":"https:\/\/www.europesays.com\/lv\/wp-json\/wp\/v2\/posts\/105791\/revisions"}],"wp:featuredmedia":[{"embeddable":true,"href":"https:\/\/www.europesays.com\/lv\/wp-json\/wp\/v2\/media\/105792"}],"wp:attachment":[{"href":"https:\/\/www.europesays.com\/lv\/wp-json\/wp\/v2\/media?parent=105791"}],"wp:term":[{"taxonomy":"category","embeddable":true,"href":"https:\/\/www.europesays.com\/lv\/wp-json\/wp\/v2\/categories?post=105791"},{"taxonomy":"post_tag","embeddable":true,"href":"https:\/\/www.europesays.com\/lv\/wp-json\/wp\/v2\/tags?post=105791"}],"curies":[{"name":"wp","href":"https:\/\/api.w.org\/{rel}","templated":true}]}}