{"id":105793,"date":"2026-01-15T17:44:07","date_gmt":"2026-01-15T17:44:07","guid":{"rendered":"https:\/\/www.europesays.com\/lv\/105793\/"},"modified":"2026-01-15T17:44:07","modified_gmt":"2026-01-15T17:44:07","slug":"neapmierinats-basketbolists-pieprasa-aizmainisanu-no-goldensteitas-warriors","status":"publish","type":"post","link":"https:\/\/www.europesays.com\/lv\/105793\/","title":{"rendered":"Neapmierin\u0101ts basketbolists pieprasa aizmain\u012b\u0161anu no Goldensteitas &#8220;Warriors&#8221;"},"content":{"rendered":"<p>Uzbruc\u0113js D\u017eonatans Kuminga piepras\u012bjis aizmain\u012b\u0161anu no Nacion\u0101l\u0101s basketbola asoci\u0101cijas (<a rel=\"noopener nofollow\" target=\"_blank\" href=\"https:\/\/www.delfi.lv\/temas\/35299954\/nba\" tag-id=\"35299954\">NBA<\/a>) kluba Goldensteitas &#8220;<a rel=\"noopener nofollow\" target=\"_blank\" href=\"https:\/\/www.delfi.lv\/temas\/35299952\/warriors\" tag-id=\"35299952\">Warriors<\/a>&#8220;, v\u0113sta ESPN.<\/p>\n<p>Jau vasar\u0101 &#8220;Warriors&#8221; un 23 gadus vecais Kuminga ilgi nesp\u0113ja rast kopsauc\u0113ju par jaunu l\u012bgumu, bet beig\u0101s abas puses vienoj\u0101s par divu gadu kontraktu 46,8 miljonu ASV dol\u0101ru apm\u0113r\u0101. Sezonas s\u0101kums uzbruc\u0113jam bija labs, vi\u0146\u0161 pirm\u0101s 12 komandas sp\u0113les s\u0101ka starta pieciniek\u0101, tom\u0113r p\u0113c tam s\u0101k\u0101s virkne ar probl\u0113m\u0101m, kas vi\u0146u noveda pie atst\u0101\u0161anas mal\u0101. &#8220;Warriors&#8221; galvenais treneris St\u012bvs Kerrs basketbolistu nav izmantojis jau 13 sp\u0113l\u0113s p\u0113c k\u0101rtas, kaut gan vi\u0146\u0161 pelna 22,5 miljonus dol\u0101ru sezon\u0101.<\/p>\n<p class=\"m-0\">Seko &#8220;Delfi&#8221; ar\u012b  <a target=\"_blank\" href=\"https:\/\/www.instagram.com\/delfi.lv\/\" rel=\"nofollow noopener\">Instagram<\/a>  un <a target=\"_blank\" href=\"https:\/\/www.youtube.com\/channel\/UCw5foWtcJvAbUm64rv7jwUQ\" rel=\"nofollow noopener\">YouTube<\/a>  profil\u0101 \u2013 pievienojies, lai uzzin\u0101tu svar\u012bg\u0101ko un interesant\u0101ko pirmais!<\/p>\n<p>Publik\u0101cijas saturs vai t\u0101s jebk\u0101da apjoma da\u013ca ir aizsarg\u0101ts autorties\u012bbu objekts Autorties\u012bbu likuma izpratn\u0113, un t\u0101 izmanto\u0161ana bez izdev\u0113ja at\u013caujas ir aizliegta. Vair\u0101k lasi  <a target=\"_blank\" href=\"https:\/\/www.delfi.lv\/noteikumi#autortiesibas\" rel=\"nofollow noopener\">\u0161eit<\/a><script async src=\"\/\/www.instagram.com\/embed.js\"><\/script><\/p>\n","protected":false},"excerpt":{"rendered":"Uzbruc\u0113js D\u017eonatans Kuminga piepras\u012bjis aizmain\u012b\u0161anu no Nacion\u0101l\u0101s basketbola asoci\u0101cijas (NBA) kluba Goldensteitas &#8220;Warriors&#8220;, v\u0113sta ESPN. Jau vasar\u0101 &#8220;Warriors&#8221;&hellip;\n","protected":false},"author":2,"featured_media":105794,"comment_status":"","ping_status":"","sticky":false,"template":"","format":"standard","meta":{"footnotes":""},"categories":[17],"tags":[35,39,38,36,37,34,40,1258,67,25317],"class_list":{"0":"post-105793","1":"post","2":"type-post","3":"status-publish","4":"format-standard","5":"has-post-thumbnail","7":"category-sports","8":"tag-latvia","9":"tag-latvian","10":"tag-latviesu","11":"tag-latviesu-valoda","12":"tag-latviesuvaloda","13":"tag-latvija","14":"tag-lv","15":"tag-nba","16":"tag-sports","17":"tag-warriors"},"share_on_mastodon":{"url":"https:\/\/pubeurope.com\/@lv\/115900361088288465","error":""},"_links":{"self":[{"href":"https:\/\/www.europesays.com\/lv\/wp-json\/wp\/v2\/posts\/105793","targetHints":{"allow":["GET"]}}],"collection":[{"href":"https:\/\/www.europesays.com\/lv\/wp-json\/wp\/v2\/posts"}],"about":[{"href":"https:\/\/www.europesays.com\/lv\/wp-json\/wp\/v2\/types\/post"}],"author":[{"embeddable":true,"href":"https:\/\/www.europesays.com\/lv\/wp-json\/wp\/v2\/users\/2"}],"replies":[{"embeddable":true,"href":"https:\/\/www.europesays.com\/lv\/wp-json\/wp\/v2\/comments?post=105793"}],"version-history":[{"count":0,"href":"https:\/\/www.europesays.com\/lv\/wp-json\/wp\/v2\/posts\/105793\/revisions"}],"wp:featuredmedia":[{"embeddable":true,"href":"https:\/\/www.europesays.com\/lv\/wp-json\/wp\/v2\/media\/105794"}],"wp:attachment":[{"href":"https:\/\/www.europesays.com\/lv\/wp-json\/wp\/v2\/media?parent=105793"}],"wp:term":[{"taxonomy":"category","embeddable":true,"href":"https:\/\/www.europesays.com\/lv\/wp-json\/wp\/v2\/categories?post=105793"},{"taxonomy":"post_tag","embeddable":true,"href":"https:\/\/www.europesays.com\/lv\/wp-json\/wp\/v2\/tags?post=105793"}],"curies":[{"name":"wp","href":"https:\/\/api.w.org\/{rel}","templated":true}]}}