{"id":105795,"date":"2026-01-15T17:46:11","date_gmt":"2026-01-15T17:46:11","guid":{"rendered":"https:\/\/www.europesays.com\/lv\/105795\/"},"modified":"2026-01-15T17:46:11","modified_gmt":"2026-01-15T17:46:11","slug":"tusks-asv-planu-noraida-krievija-nevis-zelenskis-jauns-lv","status":"publish","type":"post","link":"https:\/\/www.europesays.com\/lv\/105795\/","title":{"rendered":"Tusks: ASV pl\u0101nu noraida Krievija, nevis Zelenskis &#8211; Jauns.lv"},"content":{"rendered":"<ol>\n<li><a href=\"https:\/\/news.google.com\/rss\/articles\/CBMikAFBVV95cUxORkRxQklFTUM2LWNGWWxLOXhqcjY2ODU4OHk3Ny1naExxdHVTYzh3b3VXS3IwWWQ0bVBXU19oWGxYR21TaVM1UFRLWU9NZzBSWkp2WGY2aERRcGlSbi1NcEhISDB2cDdwbVRiQ2w2VnFsY2lGUjBkR1BxS3BoM3hNa1lpTXVQNTd5dlE0T0xZZHo?oc=5\" target=\"_blank\" rel=\"nofollow noopener\">Tusks: ASV pl\u0101nu noraida Krievija, nevis Zelenskis<\/a>&nbsp;&nbsp;Jauns.lv<\/li>\n<li><a href=\"https:\/\/news.google.com\/rss\/articles\/CBMigAFBVV95cUxQY1F4NmgwZXdhTl9Hd0YwdDhnQmFwTTZ1eHpqd1dOMG40eHpHaUNISmJSa3c4SjVYWVd2OGpLUFZ3YTV0ZVM3Slc1aW42QkFDdlFQYnpHUm5nemZIRTVvMzhjNjVkNDBtVEl0QjdCVVp1ZlZtYVVEODVYQnhCYkVnYg?oc=5\" target=\"_blank\" rel=\"nofollow noopener\">Tusks: ASV pl\u0101nu noraida Putins, nevis Zelenskis<\/a>&nbsp;&nbsp;TVNET<\/li>\n<li><a href=\"https:\/\/news.google.com\/rss\/articles\/CBMinAFBVV95cUxPN3NQdk44MjZ3c3ZoUzYzRlh3blN6N19VVE5EdGszeGxqbk9fOW8yQkxQcWljc0pXWEpoMGo2cndiOEZDNm9iV1h4SmRjMVBGUXpGSEdkaWJ2UWRRZXUtZ2dvTldPZGs1MzRVWHdkNFplc240VkFVV2tEWGJkQlUxc3Jtcm5aWXkzdGpTLVpCN2dZZFdZODRXN0hGMUg?oc=5\" target=\"_blank\" rel=\"nofollow noopener\">Tramps: Putins ir vair\u0101k gatavs sl\u0113gt miera dar\u012bjumu nek\u0101 Zelenskis<\/a>&nbsp;&nbsp;Apollo.lv<\/li>\n<li><a href=\"https:\/\/news.google.com\/rss\/articles\/CBMiogFBVV95cUxNeUMyZnhmLVAxaVF5dUJhaWM2ZEZzaXd3clJyNnhtc094RXNkaDBOV1VPLUZKeDJUaTM3Y2phcXBveUZoZ0UxbmFJeXkwMEdka2ptVUFQRDI5Zm94bENxQ3Y1Yk85VUpwVG5ENjBWNDdHUTJhcFBmVk5yYlM1UXBoMU5SZzlWd2p2MllkOGhKc2lOZndfT0FhTFVMcEtFUm9xbVE?oc=5\" target=\"_blank\" rel=\"nofollow noopener\">K\u0101 Tramps pirmaj\u0101 prezident\u016bras gad\u0101 spieda Ukrainu padoties Krievijai?<\/a>&nbsp;&nbsp;\u017durn\u0101ls Ir<\/li>\n<li><a href=\"https:\/\/news.google.com\/rss\/articles\/CBMijAFBVV95cUxQbGoycVBQQVhreGVqTWIyeDRHakRjSVowRUhHVjhDQXh1SHhxeF9QcVNfRGFmbGUxcWJCcFNpeEtHTFNTLUlDOXZvUlJ1OER0dnBXWTZxM2J6ZGNMRl9aYll4c1Z3d1I0cUVFS2VaMVo5YmN6ZjZXa012QW53cno0UVd2OHBiWE53UUs1MQ?oc=5\" target=\"_blank\" rel=\"nofollow noopener\">Tramps ir \u013coti dusm\u012bgs: par k\u0101du lielu k\u013c\u016bdu Putins var\u0113tu samaks\u0101t?<\/a>&nbsp;&nbsp;LA.LV<\/li>\n<\/ol>\n","protected":false},"excerpt":{"rendered":"Tusks: ASV pl\u0101nu noraida Krievija, nevis Zelenskis&nbsp;&nbsp;Jauns.lv Tusks: ASV pl\u0101nu noraida Putins, nevis Zelenskis&nbsp;&nbsp;TVNET Tramps: Putins ir vair\u0101k&hellip;\n","protected":false},"author":2,"featured_media":105796,"comment_status":"","ping_status":"","sticky":false,"template":"","format":"standard","meta":{"footnotes":""},"categories":[14],"tags":[23,57,28,29,32,33,22,30,31,35,39,38,36,37,34,40,20,26,27,24,25,54,55,56,21,58],"class_list":{"0":"post-105795","1":"post","2":"type-post","3":"status-publish","4":"format-standard","5":"has-post-thumbnail","7":"category-zinas-no-arvalstim","8":"tag-aktualitates","9":"tag-arvalstim","10":"tag-breaking-news","11":"tag-breakingnews","12":"tag-featured-news","13":"tag-featurednews","14":"tag-headlines","15":"tag-latest-news","16":"tag-latestnews","17":"tag-latvia","18":"tag-latvian","19":"tag-latviesu","20":"tag-latviesu-valoda","21":"tag-latviesuvaloda","22":"tag-latvija","23":"tag-lv","24":"tag-news","25":"tag-popularakas-zinas","26":"tag-popularakaszinas","27":"tag-top-stories","28":"tag-topstories","29":"tag-world","30":"tag-world-news","31":"tag-worldnews","32":"tag-zinas","33":"tag-zinas-no-arvalstim"},"share_on_mastodon":{"url":"https:\/\/pubeurope.com\/@lv\/115900369033346625","error":""},"_links":{"self":[{"href":"https:\/\/www.europesays.com\/lv\/wp-json\/wp\/v2\/posts\/105795","targetHints":{"allow":["GET"]}}],"collection":[{"href":"https:\/\/www.europesays.com\/lv\/wp-json\/wp\/v2\/posts"}],"about":[{"href":"https:\/\/www.europesays.com\/lv\/wp-json\/wp\/v2\/types\/post"}],"author":[{"embeddable":true,"href":"https:\/\/www.europesays.com\/lv\/wp-json\/wp\/v2\/users\/2"}],"replies":[{"embeddable":true,"href":"https:\/\/www.europesays.com\/lv\/wp-json\/wp\/v2\/comments?post=105795"}],"version-history":[{"count":0,"href":"https:\/\/www.europesays.com\/lv\/wp-json\/wp\/v2\/posts\/105795\/revisions"}],"wp:featuredmedia":[{"embeddable":true,"href":"https:\/\/www.europesays.com\/lv\/wp-json\/wp\/v2\/media\/105796"}],"wp:attachment":[{"href":"https:\/\/www.europesays.com\/lv\/wp-json\/wp\/v2\/media?parent=105795"}],"wp:term":[{"taxonomy":"category","embeddable":true,"href":"https:\/\/www.europesays.com\/lv\/wp-json\/wp\/v2\/categories?post=105795"},{"taxonomy":"post_tag","embeddable":true,"href":"https:\/\/www.europesays.com\/lv\/wp-json\/wp\/v2\/tags?post=105795"}],"curies":[{"name":"wp","href":"https:\/\/api.w.org\/{rel}","templated":true}]}}