{"id":105799,"date":"2026-01-15T17:50:07","date_gmt":"2026-01-15T17:50:07","guid":{"rendered":"https:\/\/www.europesays.com\/lv\/105799\/"},"modified":"2026-01-15T17:50:07","modified_gmt":"2026-01-15T17:50:07","slug":"kaufmanim-bronza-insbruka-bobslejisti-cinas-par-celazimi-uz-olimpiskajam-spelem","status":"publish","type":"post","link":"https:\/\/www.europesays.com\/lv\/105799\/","title":{"rendered":"Kaufmanim bronza Insbruk\u0101; bobslejisti c\u012bn\u0101s par ce\u013caz\u012bmi uz Olimpiskaj\u0101m sp\u0113l\u0113m"},"content":{"rendered":"<p>                        <img fetchpriority=\"high\" decoding=\"async\" width=\"1024\" height=\"576\" src=\"https:\/\/www.europesays.com\/lv\/wp-content\/uploads\/2026\/01\/bobslejs_DavisKaufmanis-1024x576.jpg\" alt=\"\" class=\"wp-image-1089687\"  \/>Ren\u0101rs Granti\u0146\u0161 (pirmaj\u0101 rind\u0101 no kreis\u0101s) un D\u0101vis Kaufmanis Eiropas kausa posm\u0101 Insbruk\u0101 izc\u012bn\u012bja tre\u0161o vietu. Foto no bobslejs.lv<\/p>\n<p>Br\u0101\u013ci D\u0101vis un Lauris Kaufma\u0146i no Bauskas novada bobsleja tras\u0113s kr\u0101j punktus un c\u012bn\u0101s par iesp\u0113ju start\u0113t Ziemas olimpiskaj\u0101s sp\u0113l\u0113s, kas 6. \u2013 22. febru\u0101r\u012b notiks It\u0101lijas pils\u0113t\u0101s Mil\u0101n\u0101 un Kort\u012bn\u0101.<\/p>\n<p>Olimpisk\u0101 kvalifik\u0101cija nosl\u0113gsies 18. janv\u0101r\u012b. Ziemas olimpi\u0101d\u0113 piedal\u012bsies Latvijas hokeja izlase, start\u0113s atl\u0113ti \u0161orttrek\u0101, biatlon\u0101, skeleton\u0101, dai\u013cslido\u0161an\u0101.<\/p>\n<p>S\u0101kums uzman\u012bgs<\/p>\n<p>Jaunais gads bobslejistiem s\u0101k\u0101s diezgan s\u0101p\u012bgi. 2. janv\u0101r\u012b Latvijas bobsleja izlases galvenais treneris Em\u012bls Cipulis m\u0101jaslap\u0101 bobslejs.lv situ\u0101ciju raksturoja \u0161\u0101di: \u00abBebri\u0161s bija apslimis, t\u0101p\u0113c ar mums nedev\u0101s uz V\u0101ciju. Tad V\u0101cij\u0101 nolik\u0101s ar\u012b Lauris Kaufmanis. Mat\u012bss Miknis pirmajos treni\u0146os guva nelielu traumu.\u00bb<\/p>\n<p>Tom\u0113r \u0101rsti atzina, ka sportisti ir gatavi startam un izdev\u0101s sav\u0101kt sast\u0101vu, lai var piedal\u012bties Starptautisk\u0101s Bobsleja un skeletona feder\u0101cijas Pasaules kausa izc\u012b\u0146as posm\u0101 3. un 4. janv\u0101r\u012b Vinterberg\u0101. 3. janv\u0101r\u012b divu dal\u012bbnieku ekip\u0101\u017eu braucienos Ren\u0101ram Granti\u0146am un Edgaram Unguram 11. vieta, savuk\u0101rt J\u0113kabs Kalenda un D\u0101vis Kaufmanis \u2013 18. viet\u0101. N\u0101kamaj\u0101 dien\u0101 \u010detru brauc\u0113ju ekip\u0101\u017ea J\u0113kabs Kalenda, Arnis Bebri\u0161s, Lauris un D\u0101vis Kaufma\u0146i ierindoj\u0101s 12. viet\u0101. Jaun\u0101 pilota Ren\u0101ra Granti\u0146a ekip\u0101\u017ea palika 25. viet\u0101.<\/p>\n<p><img loading=\"lazy\" decoding=\"async\" width=\"1024\" height=\"683\" src=\"https:\/\/www.europesays.com\/lv\/wp-content\/uploads\/2026\/01\/bobslejs_LaurisKaufmanis_Kalenda-1024x683.jpg\" alt=\"\" class=\"wp-image-1089688\"  \/>Lauris Kaufmanis (no lab\u0101s) un J\u0113kabs Kalenda. Foto: Viesturs L\u0101cis, bobslejs.lv<\/p>\n<p>N\u0101kam\u0101s sacens\u012bbas bija Eiropas \u010dempion\u0101ts Sanktmoric\u0101 11. janv\u0101r\u012b. \u0160oreiz J\u0113kabs Kalenda, Lauris Kaufmanis, Mat\u012bss Miknis un Arnis Bebri\u0161s palika 13. viet\u0101, savuk\u0101rt Ren\u0101rs Granti\u0146\u0161, Edgars Nemme, D\u0101vis Kaufmanis un Mairis K\u013cava bija 16. viet\u0101.<\/p>\n<p>Par vienu simtda\u013cu sekundes<\/p>\n<p>Pasaules kausa izc\u012b\u0146as sezona 17. janv\u0101r\u012b turpin\u0101sies V\u0101cijas tras\u0113 Altenberg\u0101, kurp dosies J\u0113kaba Kalendas komanda. Savuk\u0101rt Ren\u0101ra Granti\u0146a ekip\u0101\u017ea 14. janv\u0101r\u012b piedal\u012bj\u0101s Eiropas kausa izc\u012b\u0146\u0101 Insbrukas tras\u0113 Austrij\u0101. Konkurence bija nopietn\u0101ka nek\u0101 parasti.<\/p>\n<p>Latvijas Bobsleja un skeletona feder\u0101cija nor\u0101da, ka vair\u0101kas Pasaules kaus\u0101 start\u0113jo\u0161\u0101s komandas izv\u0113l\u0113j\u0101s nepiedal\u012bties p\u0113d\u0113j\u0101 posm\u0101 sare\u017e\u0123\u012btaj\u0101 Altenbergas tras\u0113, t\u0101 viet\u0101 start\u0113jot Eiropas kausa ma\u010dos. Te tras\u0113 dev\u0101s pieredz\u0113ju\u0161ais \u0161veicietis Mihi Fogts, kur\u0161 pirms da\u017e\u0101m dien\u0101m izc\u012bn\u012bja bronzas meda\u013cu Pasaules kausa posm\u0101 Sanktmoric\u0101. Dal\u012bbnieku sarakst\u0101 atrodami Matia Variola no It\u0101lijas, Jahims Prohacka no \u010cehijas, Pets Nortons no Kan\u0101das, L\u012b \u010cu\u0146ja\u0146s no \u0136\u012bnas.<\/p>\n<p>Tom\u0113r 29 komandu konkurenc\u0113 Ren\u0101rs Granti\u0146\u0161 un D\u0101vis Kaufmanis izc\u012bn\u012bja augsto tre\u0161o vietu, dalot to ar M. Fogta ekip\u0101\u017eu. Abas komandas uzr\u0101d\u012bja identisku rezult\u0101tu divu braucienu summ\u0101, piek\u0101pjoties 0,54 sekundes uzvar\u0113t\u0101jam Maksimilianam Ilmanam no V\u0101cijas. Sudraba godalga V\u0101cijas ekip\u0101\u017eai ar pilotu Hansu P\u0113teru Hanighoferu vad\u012bb\u0101. N\u0101kam\u0101 latvie\u0161u vien\u012bba atpalika tikai par vienu sekundes simtda\u013cu.<\/p>\n<p>Gaid\u012bsim rezult\u0101tus<\/p>\n<p>Latvijas bobsleja komandas galvenais treneris Em\u012bls Cipulis skaidro, ka izv\u0113li dot priek\u0161roku startam Eiropas kaus\u0101 Insbruk\u0101, nevis Pasaules kausa posm\u0101 Altenberg\u0101, dikt\u0113ja v\u0113lme samazin\u0101t traumu risku, turkl\u0101t labs rezult\u0101ts Eiropas kausa posm\u0101 pal\u012bdz\u0113tu olimpiskajai kvalifik\u0101cijai.<\/p>\n<p>Insbruk\u0101 15. janv\u0101r\u012b notika ar\u012b sacens\u012bbas divniekiem. Sestdien un sv\u0113tdien, 17. un 18. janv\u0101r\u012b, aizvad\u012bs divas sac\u012bkstes \u010detrinieku komand\u0101m. Savuk\u0101rt Lauris Kaufmanis kop\u0101 ar J\u0113kabu Kalendu 17. un 18. janv\u0101r\u012b turpin\u0101s start\u0113t Pasaules kausa posm\u0101 Altenberg\u0101. N\u0101kam\u0101s ned\u0113\u013cas s\u0101kum\u0101 vajadz\u0113tu b\u016bt skaidram, vai Ziemas olimpiskaj\u0101s sp\u0113l\u0113s piedal\u012bsies divas Latvijas bobsleja ekip\u0101\u017eas, vai tikai viena.<\/p>\n","protected":false},"excerpt":{"rendered":"Ren\u0101rs Granti\u0146\u0161 (pirmaj\u0101 rind\u0101 no kreis\u0101s) un D\u0101vis Kaufmanis Eiropas kausa posm\u0101 Insbruk\u0101 izc\u012bn\u012bja tre\u0161o vietu. Foto no&hellip;\n","protected":false},"author":2,"featured_media":105800,"comment_status":"","ping_status":"","sticky":false,"template":"","format":"standard","meta":{"footnotes":""},"categories":[17],"tags":[35,39,38,36,37,34,40,67],"class_list":{"0":"post-105799","1":"post","2":"type-post","3":"status-publish","4":"format-standard","5":"has-post-thumbnail","7":"category-sports","8":"tag-latvia","9":"tag-latvian","10":"tag-latviesu","11":"tag-latviesu-valoda","12":"tag-latviesuvaloda","13":"tag-latvija","14":"tag-lv","15":"tag-sports"},"share_on_mastodon":{"url":"https:\/\/pubeurope.com\/@lv\/115900384711685167","error":""},"_links":{"self":[{"href":"https:\/\/www.europesays.com\/lv\/wp-json\/wp\/v2\/posts\/105799","targetHints":{"allow":["GET"]}}],"collection":[{"href":"https:\/\/www.europesays.com\/lv\/wp-json\/wp\/v2\/posts"}],"about":[{"href":"https:\/\/www.europesays.com\/lv\/wp-json\/wp\/v2\/types\/post"}],"author":[{"embeddable":true,"href":"https:\/\/www.europesays.com\/lv\/wp-json\/wp\/v2\/users\/2"}],"replies":[{"embeddable":true,"href":"https:\/\/www.europesays.com\/lv\/wp-json\/wp\/v2\/comments?post=105799"}],"version-history":[{"count":0,"href":"https:\/\/www.europesays.com\/lv\/wp-json\/wp\/v2\/posts\/105799\/revisions"}],"wp:featuredmedia":[{"embeddable":true,"href":"https:\/\/www.europesays.com\/lv\/wp-json\/wp\/v2\/media\/105800"}],"wp:attachment":[{"href":"https:\/\/www.europesays.com\/lv\/wp-json\/wp\/v2\/media?parent=105799"}],"wp:term":[{"taxonomy":"category","embeddable":true,"href":"https:\/\/www.europesays.com\/lv\/wp-json\/wp\/v2\/categories?post=105799"},{"taxonomy":"post_tag","embeddable":true,"href":"https:\/\/www.europesays.com\/lv\/wp-json\/wp\/v2\/tags?post=105799"}],"curies":[{"name":"wp","href":"https:\/\/api.w.org\/{rel}","templated":true}]}}