{"id":105801,"date":"2026-01-15T17:52:06","date_gmt":"2026-01-15T17:52:06","guid":{"rendered":"https:\/\/www.europesays.com\/lv\/105801\/"},"modified":"2026-01-15T17:52:06","modified_gmt":"2026-01-15T17:52:06","slug":"asv-pilseta-mineapole-nerimst-protesti-pret-imigracijas-dienestu-tramps-draud-ievest-karaspeku-raksts","status":"publish","type":"post","link":"https:\/\/www.europesays.com\/lv\/105801\/","title":{"rendered":"ASV pils\u0113t\u0101 Mineapol\u0113 nerimst protesti pret imigr\u0101cijas dienestu; Tramps draud ievest karasp\u0113ku \/ Raksts"},"content":{"rendered":"<p>ASV\u00a0prezidents Donalds Tramps piedraud\u0113jis ievest karasp\u0113ku Minesotas \u0161tat\u0101, pamatojoties uz vair\u0101kus gadsimtus senu likumu. \u0160tata liel\u0101kaj\u0101 pils\u0113t\u0101 Mineapol\u0113\u00a0vair\u0101kas dienas notiek protesti pret Imigr\u0101cijas un muitas dienesta darbinieku patru\u013c\u0101m, kuru laik\u0101 pag\u0101ju\u0161aj\u0101 ned\u0113\u013c\u0101 nogalin\u0101ja ASV pilsoni. Tre\u0161dien dienesta a\u0123ents sa\u0161\u0101va k\u0101j\u0101 k\u0101du v\u012brieti.\u00a0<\/p>\n<p>Tramps sav\u0101 soci\u0101laj\u0101 medij\u0101 &#8220;Truth Social&#8221; ceturtdien pazi\u0146oja, ka vi\u0146\u0161 ir gatavs iedarbin\u0101t Sacel\u0161an\u0101s likumus, kas at\u013cauj noteikt\u0101s situ\u0101cij\u0101s izvietot karasp\u0113ku ASV teritorij\u0101.\u00a0<\/p>\n<blockquote>\n<p>Likumu pie\u0146\u0113ma 1792. gad\u0101, bet groz\u012bja 1871. gad\u0101. Tas darbojas tand\u0113m\u0101 ar citu likumu, kas aizliedz bru\u0146oto sp\u0113ku izmanto\u0161anu ASV teritorij\u0101.\u00a0<\/p>\n<\/blockquote>\n<p>Tramps pazi\u0146oja, ka izmantos Sacel\u0161an\u0101s likumu, ja Minesotas &#8220;korump\u0113tie politi\u0137i&#8221; neaptur\u0113s viet\u0113jo iedz\u012bvot\u0101ju v\u0113r\u0161anos pret Imigr\u0101cijas un muitas dienesta darbiniekiem. Tramps protestus nod\u0113v\u0113ja par &#8220;parodiju&#8221;.\u00a0<\/p>\n<p>P\u0113d\u0113jos reizi Sacel\u0161an\u0101s likumu iedarbin\u0101ja 1992. gad\u0101, kad Kalifornijas \u0161tata gubernators l\u016bdzis ASV prezidentam D\u017eord\u017eam Bu\u0161am vec\u0101kajam pal\u012bdz\u012bbu izbeigt nemierus Losand\u017eelos\u0101.\u00a0<\/p>\n<p>                    Valodas k\u013c\u016bda rakst\u0101?<\/p>\n<p class=\"d-none d-md-block\">Iez\u012bm\u0113jiet tekstu un spiediet Ctrl+Enter, lai nos\u016bt\u012btu labojamo teksta fragmentu redaktoram! Par faktu k\u013c\u016bd\u0101m l\u016bdzam zi\u0146ot e-past\u0101 <a href=\"https:\/\/www.lsm.lv\/cdn-cgi\/l\/email-protection\" class=\"__cf_email__\" data-cfemail=\"97e5f2f3f6fcf4fefdf6d7fbe4fab9fbe1\" rel=\"nofollow noopener\" target=\"_blank\">[email\u00a0protected]<\/a>.<\/p>\n<p class=\"d-md-none\">Iez\u012bm\u0113jiet tekstu un spiediet uz Zi\u0146ot par k\u013c\u016bdu pogas, lai nos\u016bt\u012btu labojamo teksta fragmentu redaktoram!<\/p>\n<p>\n                    Zi\u0146ot par k\u013c\u016bdu\n                <\/p>\n","protected":false},"excerpt":{"rendered":"ASV\u00a0prezidents Donalds Tramps piedraud\u0113jis ievest karasp\u0113ku Minesotas \u0161tat\u0101, pamatojoties uz vair\u0101kus gadsimtus senu likumu. \u0160tata liel\u0101kaj\u0101 pils\u0113t\u0101 Mineapol\u0113\u00a0vair\u0101kas&hellip;\n","protected":false},"author":2,"featured_media":105802,"comment_status":"","ping_status":"","sticky":false,"template":"","format":"standard","meta":{"footnotes":""},"categories":[14],"tags":[23,57,28,29,32,33,22,30,31,35,39,38,36,37,34,40,20,26,27,24,25,54,55,56,21,58],"class_list":{"0":"post-105801","1":"post","2":"type-post","3":"status-publish","4":"format-standard","5":"has-post-thumbnail","7":"category-zinas-no-arvalstim","8":"tag-aktualitates","9":"tag-arvalstim","10":"tag-breaking-news","11":"tag-breakingnews","12":"tag-featured-news","13":"tag-featurednews","14":"tag-headlines","15":"tag-latest-news","16":"tag-latestnews","17":"tag-latvia","18":"tag-latvian","19":"tag-latviesu","20":"tag-latviesu-valoda","21":"tag-latviesuvaloda","22":"tag-latvija","23":"tag-lv","24":"tag-news","25":"tag-popularakas-zinas","26":"tag-popularakaszinas","27":"tag-top-stories","28":"tag-topstories","29":"tag-world","30":"tag-world-news","31":"tag-worldnews","32":"tag-zinas","33":"tag-zinas-no-arvalstim"},"share_on_mastodon":{"url":"https:\/\/pubeurope.com\/@lv\/115900392571697608","error":""},"_links":{"self":[{"href":"https:\/\/www.europesays.com\/lv\/wp-json\/wp\/v2\/posts\/105801","targetHints":{"allow":["GET"]}}],"collection":[{"href":"https:\/\/www.europesays.com\/lv\/wp-json\/wp\/v2\/posts"}],"about":[{"href":"https:\/\/www.europesays.com\/lv\/wp-json\/wp\/v2\/types\/post"}],"author":[{"embeddable":true,"href":"https:\/\/www.europesays.com\/lv\/wp-json\/wp\/v2\/users\/2"}],"replies":[{"embeddable":true,"href":"https:\/\/www.europesays.com\/lv\/wp-json\/wp\/v2\/comments?post=105801"}],"version-history":[{"count":0,"href":"https:\/\/www.europesays.com\/lv\/wp-json\/wp\/v2\/posts\/105801\/revisions"}],"wp:featuredmedia":[{"embeddable":true,"href":"https:\/\/www.europesays.com\/lv\/wp-json\/wp\/v2\/media\/105802"}],"wp:attachment":[{"href":"https:\/\/www.europesays.com\/lv\/wp-json\/wp\/v2\/media?parent=105801"}],"wp:term":[{"taxonomy":"category","embeddable":true,"href":"https:\/\/www.europesays.com\/lv\/wp-json\/wp\/v2\/categories?post=105801"},{"taxonomy":"post_tag","embeddable":true,"href":"https:\/\/www.europesays.com\/lv\/wp-json\/wp\/v2\/tags?post=105801"}],"curies":[{"name":"wp","href":"https:\/\/api.w.org\/{rel}","templated":true}]}}