{"id":105803,"date":"2026-01-15T17:56:07","date_gmt":"2026-01-15T17:56:07","guid":{"rendered":"https:\/\/www.europesays.com\/lv\/105803\/"},"modified":"2026-01-15T17:56:07","modified_gmt":"2026-01-15T17:56:07","slug":"vasiljevs-un-kuliss-eiropas-cempionata-dailslidosana-kvalificejas-izveles-programmai-diena","status":"publish","type":"post","link":"https:\/\/www.europesays.com\/lv\/105803\/","title":{"rendered":"Vasi\u013cjevs un Ku\u013ci\u0161s Eiropas \u010dempion\u0101t\u0101 dai\u013cslido\u0161an\u0101 kvalific\u0113jas izv\u0113les programmai \/ Diena"},"content":{"rendered":"<p>Meistarsac\u012bkstes tie\u0161raid\u0113 transl\u0113 kan\u0101ls LTV7.<\/p>\n<p>&#13;<br \/>\n&#13;<\/p>\n<p>Ku\u013ci\u0161s, kuram augstv\u0113rt\u012bg\u0101ku rezult\u0101tu sasniegt liedza neliels kritiens, \u012bsaj\u0101 programm\u0101 tika nov\u0113rt\u0113ts ar 68,52 punktiem, un vi\u0146\u0161 ir ie\u0146\u0113mis vismaz 17. vietu.<\/p>\n<p>&#13;<br \/>\n&#13;<\/p>\n<p>Savuk\u0101rt Vasi\u013cjeva par sniegumu \u012bsaj\u0101 programm\u0101 sa\u0146\u0113ma 77,80 punktus un p\u0113c 21 start\u0113ju\u0161a dai\u013cslidot\u0101ja atrodas ceturtaj\u0101 poz\u012bcij\u0101, kas \u013caus nosl\u0113gt \u012bs\u0101s programmas sacens\u012bbas ne zem\u0101k k\u0101 12. viet\u0101.<\/p>\n<p>&#13;<br \/>\n&#13;<\/p>\n<p>P\u0113c Vasi\u013cjeva, kur\u0161 start\u0113ja ar 21. numuru, starts paredz\u0113ts v\u0113l asto\u0146iem dai\u013cslidot\u0101jiem. Sestdien gaid\u0101majai izv\u0113les programmai kvalific\u0113sies 24 no 29 sportistiem.<\/p>\n<p>&#13;<br \/>\n&#13;<\/p>\n<p>2022. gad\u0101 pirms Pekinas olimpiskaj\u0101m sp\u0113l\u0113m Vasi\u013cjevs izc\u012bn\u012bja bronzas meda\u013cu, kas ir Latvijai vien\u012bg\u0101 godalga Eiropas \u010dempion\u0101tos. N\u0101kamaj\u0101s meistarsac\u012bkst\u0113s vi\u0146\u0161 bija piektais, turpm\u0101kaj\u0101s div\u0101s sestais.<\/p>\n<p>&#13;<br \/>\n&#13;<\/p>\n<p>Vasi\u013cjevam \u0161is ir desmitais Eiropas \u010dempion\u0101ts, bet Ukrain\u0101 dzimu\u0161ajam Ku\u013ci\u0161am meistarsac\u012bkst\u0113s start\u0113 tre\u0161o reizi. 2024. gad\u0101 vi\u0146\u0161 bija 29., bet p\u0113rn 14. viet\u0101. \u0160ogad vi\u0146\u0161 pirmo reizi start\u0113 k\u0101 Latvijas pilsonis.<\/p>\n<p>&#13;<br \/>\n&#13;<\/p>\n<p>Eiropas \u010dempion\u0101ts \u0160ef\u012bld\u0101 norisin\u0101sies l\u012bdz sestdienai. Sievie\u0161u sacens\u012bb\u0101s start\u0113ja Nikola Fom\u010denkova.<\/p>\n<p>&#13;<\/p>\n","protected":false},"excerpt":{"rendered":"Meistarsac\u012bkstes tie\u0161raid\u0113 transl\u0113 kan\u0101ls LTV7. &#13; &#13; Ku\u013ci\u0161s, kuram augstv\u0113rt\u012bg\u0101ku rezult\u0101tu sasniegt liedza neliels kritiens, \u012bsaj\u0101 programm\u0101 tika&hellip;\n","protected":false},"author":2,"featured_media":105804,"comment_status":"","ping_status":"","sticky":false,"template":"","format":"standard","meta":{"footnotes":""},"categories":[17],"tags":[35,39,38,36,37,34,40,67],"class_list":{"0":"post-105803","1":"post","2":"type-post","3":"status-publish","4":"format-standard","5":"has-post-thumbnail","7":"category-sports","8":"tag-latvia","9":"tag-latvian","10":"tag-latviesu","11":"tag-latviesu-valoda","12":"tag-latviesuvaloda","13":"tag-latvija","14":"tag-lv","15":"tag-sports"},"share_on_mastodon":{"url":"https:\/\/pubeurope.com\/@lv\/115900408294152006","error":""},"_links":{"self":[{"href":"https:\/\/www.europesays.com\/lv\/wp-json\/wp\/v2\/posts\/105803","targetHints":{"allow":["GET"]}}],"collection":[{"href":"https:\/\/www.europesays.com\/lv\/wp-json\/wp\/v2\/posts"}],"about":[{"href":"https:\/\/www.europesays.com\/lv\/wp-json\/wp\/v2\/types\/post"}],"author":[{"embeddable":true,"href":"https:\/\/www.europesays.com\/lv\/wp-json\/wp\/v2\/users\/2"}],"replies":[{"embeddable":true,"href":"https:\/\/www.europesays.com\/lv\/wp-json\/wp\/v2\/comments?post=105803"}],"version-history":[{"count":0,"href":"https:\/\/www.europesays.com\/lv\/wp-json\/wp\/v2\/posts\/105803\/revisions"}],"wp:featuredmedia":[{"embeddable":true,"href":"https:\/\/www.europesays.com\/lv\/wp-json\/wp\/v2\/media\/105804"}],"wp:attachment":[{"href":"https:\/\/www.europesays.com\/lv\/wp-json\/wp\/v2\/media?parent=105803"}],"wp:term":[{"taxonomy":"category","embeddable":true,"href":"https:\/\/www.europesays.com\/lv\/wp-json\/wp\/v2\/categories?post=105803"},{"taxonomy":"post_tag","embeddable":true,"href":"https:\/\/www.europesays.com\/lv\/wp-json\/wp\/v2\/tags?post=105803"}],"curies":[{"name":"wp","href":"https:\/\/api.w.org\/{rel}","templated":true}]}}