{"id":105805,"date":"2026-01-15T17:59:09","date_gmt":"2026-01-15T17:59:09","guid":{"rendered":"https:\/\/www.europesays.com\/lv\/105805\/"},"modified":"2026-01-15T17:59:09","modified_gmt":"2026-01-15T17:59:09","slug":"dala-gazes-spradziena-bauskas-iela-bojatas-ekas-iedzivotaju-saubas-par-tas-atjaunosanu-raksts","status":"publish","type":"post","link":"https:\/\/www.europesays.com\/lv\/105805\/","title":{"rendered":"Da\u013ca g\u0101zes spr\u0101dzien\u0101 Bauskas iel\u0101 boj\u0101t\u0101s \u0113kas iedz\u012bvot\u0101ju \u0161aub\u0101s par t\u0101s atjauno\u0161anu \/ Raksts"},"content":{"rendered":"<p>Kam\u0113r b\u016bveksperts turpina g\u0101zes spr\u0101dzien\u0101 boj\u0101t\u0101s \u0113kas Bauskas iel\u0101 15 apseko\u0161anu, dz\u012bvok\u013cu \u012bpa\u0161nieki joproj\u0101m netiek pie \u0113k\u0101 atst\u0101taj\u0101m mant\u0101m. Jau otraj\u0101 m\u0101jas iedz\u012bvot\u0101ju sapulc\u0113 apspriesti vair\u0101ki organizatoriski un saimnieciski jaut\u0101jumi. Izskan ar\u012b viedok\u013ci, ka \u0113kas atjauno\u0161ana var\u0113tu neb\u016bt rentabla.<\/p>\n<p>Da\u013ca g\u0101zes spr\u0101dzien\u0101 Bauskas iel\u0101 boj\u0101t\u0101s \u0113kas iedz\u012bvot\u0101ju \u0161aub\u012bgi par t\u0101s atjauno\u0161anu<\/p>\n<p>00:00 \/ 03:48<\/p>\n<p>\t\t\t\t\t    <a class=\"player-download\" href=\"https:\/\/static.lsm.lv\/media\/2026\/01\/sgxw.mp3\" target=\"_blank\" rel=\"nofollow noopener\"> Lejupl\u0101d\u0113t<\/a><\/p>\n<p>Mihails \u0145ikulkins \/ Latvijas Radio<\/p>\n<p>Cietu\u0161\u0101s m\u0101jas vec\u0101kais Andris Vikse p\u0113c sapulces past\u0101st\u012bja, ka iedz\u012bvot\u0101ji apsprieda ar\u012b apsardzes nodro\u0161in\u0101\u0161anu un \u017eoga izveidi ap \u0113ku. P\u0113c m\u0101jas apsaimniekot\u0101ja sniegt\u0101s inform\u0101cijas, iedz\u012bvot\u0101jiem vismaz l\u012bdz b\u016bveksperta sl\u0113dzienam par m\u0101jas st\u0101vokli pa\u0161iem nav j\u0101nodro\u0161ina un j\u0101apmaks\u0101 \u0113kas apsardze.\u00a0<\/p>\n<p>B\u016bveksperta gal\u012bgais atzinums par \u0113ku Bauskas iel\u0101 15 var\u0113tu tapt jau l\u012bdz \u0161\u0101 m\u0113ne\u0161a beig\u0101m, st\u0101st\u012bja Vikse:<\/p>\n<p>&#8220;B\u016bveksperts str\u0101d\u0101 katru dienu. Ar vi\u0146u m\u0113s ar\u012b esam kontaktos. Vi\u0146\u0161 ir mums dar\u012bjis zin\u0101mu savu darb\u012bbas pl\u0101nu, un tas visu laiku tiek papildin\u0101ts. \u0160odien ar pac\u0113l\u0101ju str\u0101d\u0101ja, vakar ar citu aparat\u016bru str\u0101d\u0101ja. \u0160obr\u012bd m\u0101ju apskata no \u0101rpuses.&#8221;\u00a0<\/p>\n<p>Vikse ar\u012b pauda, ka pa\u0161laik fokuss ir uz to, lai iedz\u012bvot\u0101jiem nerastos papildu izdevumi, taj\u0101 skait\u0101 par elektroener\u0123iju un g\u0101zi m\u0101j\u0101, kur\u0101 nav iesp\u0113jams atrasties. &#8220;Gaso&#8221; jau iepriek\u0161 zi\u0146oja, ka r\u0113\u0137inu par g\u0101zes pieg\u0101di no janv\u0101ra neb\u016b\u0161ot.\u00a0<\/p>\n<p>Dz\u012bvok\u013cu \u012bpa\u0161nieki pa\u0161laik nepl\u0101no piln\u012bb\u0101 p\u0101rtraukt l\u012bgumu ar apsaimniekot\u0101ju, k\u0101 ar\u012b nav pl\u0101nots piepras\u012bt no apsaimniekot\u0101ja atgriezt m\u0101jas iem\u012btniekiem uzkr\u0101juma naudu.<\/p>\n<p>Da\u013ca g\u0101zes spr\u0101dzien\u0101 Bauskas iel\u0101 boj\u0101t\u0101s \u0113kas iedz\u012bvot\u0101ju \u0161aub\u012bgi par t\u0101s atjauno\u0161anu<\/p>\n<p>00:00 \/ 03:48<\/p>\n<p>\t\t\t\t\t    <a class=\"player-download\" href=\"https:\/\/static.lsm.lv\/media\/2026\/01\/sgxu.mp3\" target=\"_blank\" rel=\"nofollow noopener\"> Lejupl\u0101d\u0113t<\/a><\/p>\n<p>Mihails \u0145ikulkins \/ Latvijas Radio<\/p>\n<p><img decoding=\"async\" src=\"https:\/\/www.europesays.com\/lv\/wp-content\/uploads\/2026\/01\/sgvs.jpg\" alt=\"\"\/><\/p>\n<p>Foto: Mihails \u0145iku\u013cins \/ Latvijas Radio<\/p>\n<\/p>\n<p>Da\u013ca iedz\u012bvot\u0101ju \u0161aub\u0101s par m\u0101jas atjauno\u0161anu un izmaks\u0101m<\/p>\n<p>M\u0101jas iedz\u012bvot\u0101ju noska\u0146ojums ir at\u0161\u0137ir\u012bgs. Vair\u0101ki dz\u012bvok\u013cu \u012bpa\u0161nieki uzskata, ka nav j\u0113gas atjaunot m\u0101ju, jo tas izmaks\u0101s \u013coti d\u0101rgi. Lab\u0101k b\u016btu, ja cietu\u0161o dz\u012bvok\u013cu viet\u0101 tiktu pie\u0161\u0137irti jauni.\u00a0<\/p>\n<p>Dz\u012bvok\u013cu \u012bpa\u0161nieki \u0113k\u0101 Bauskas iel\u0101 15<\/p>\n<p>00:00 \/ 00:24<\/p>\n<p>\t\t\t\t\t    <a class=\"player-download\" href=\"https:\/\/static.lsm.lv\/media\/2026\/01\/sgvv.mp3\" target=\"_blank\" rel=\"nofollow noopener\"> Lejupl\u0101d\u0113t<\/a><\/p>\n<p>Mihails \u0145ikulkins \/ Latvijas Radio<\/p>\n<p>&#8220;Mums st\u0101v 74 dz\u012bvok\u013ci m\u012bnus 20 gr\u0101du temperat\u016br\u0101. No tiem visiem dz\u012bvok\u013ciem nekas nepaliks p\u0101ri. Nu ko var sagaid\u012bt no t\u0101, ka st\u0101v 74 dz\u012bvok\u013ci ar m\u012bnus gr\u0101du temperat\u016bru? Tas remonts izmaks\u0101s katram dz\u012bvoklim 20\u00a0000 eiro, tur nav ekonomiska pamatojuma pat to m\u0101ju atjaunot,&#8221; pauda k\u0101ds no dz\u012bvok\u013cu \u012bpa\u0161niekiem.\u00a0<\/p>\n<p>&#8220;Ir apdro\u0161in\u0101ts dz\u012bvoklis, man jau ir no bankas izmaks\u0101ta nauda, un l\u012bdz ar to man pat ir izdev\u012bg\u0101k, ka tur visu nojauc un es tieku pie cita dz\u012bvok\u013ca,&#8221; piebilda v\u0113l k\u0101da boj\u0101t\u0101s \u0113kas iedz\u012bvot\u0101ja.\u00a0<\/p>\n<p>Vienai no m\u0101jas iem\u012btniec\u0113m, Tatjanai, dz\u012bvoklis atrodas m\u0101jas ceturtaj\u0101 st\u0101v\u0101. Vi\u0146a atkl\u0101ja, ka dz\u012bvoklis nesen izremont\u0113ts\u00a0un tagad b\u016bs viss j\u0101s\u0101k no jauna. T\u0101pat lielas probl\u0113mas vi\u0146ai izraisa tas, ka boj\u0101taj\u0101 m\u0101j\u0101 palicis vi\u0146as dzirdes apar\u0101ts.\u00a0<\/p>\n<p>\u0112kas Bauskas iel\u0101 15 dz\u012bvok\u013ca \u012bpa\u0161niece Tatjana<\/p>\n<p>00:00 \/ 00:41<\/p>\n<p>\t\t\t\t\t    <a class=\"player-download\" href=\"https:\/\/static.lsm.lv\/media\/2026\/01\/sgvw.mp3\" target=\"_blank\" rel=\"nofollow noopener\"> Lejupl\u0101d\u0113t<\/a><\/p>\n<p>Mihails \u0145ikulkins \/ Latvijas Radio<\/p>\n<p>&#8220;Tikai \u0161is stress, man ir \u013coti stiprs stress, un man ar\u012b vecums\u2026 Man ir septi\u0146desmit gadi. Protams, septi\u0146desmit gados s\u0101kt visu no jauna\u2026 Un pie t\u0101 visa, m\u0113s tikko izremont\u0113jam savu dz\u012bvokli, visu tur izdar\u012bj\u0101m, jaunas m\u0113beles, jaunas gr\u012bdas, durvis, logi, nomain\u012bj\u0101m visu santehniku un elektroinstal\u0101ciju. Bet man vistrak\u0101kais bija tas, [ka iek\u0161\u0101 paliku\u0161i] dzirdes apar\u0101ti.&#8221;\u00a0<\/p>\n<p>Pa\u0161vald\u012bbas pabalsts izmaks\u0101ts 67 m\u0101jsaimniec\u012bb\u0101m\u00a0<\/p>\n<p>L\u012bdz \u0161im R\u012bgas Soci\u0101laj\u0101 dienest\u0101 sa\u0146emti 74 iesniegumi par kr\u012bzes pabalsta pie\u0161\u0137ir\u0161anu. Pabalsts pie\u0161\u0137irts 67 m\u0101jsaimniec\u012bb\u0101m, izmaks\u0101ti virs 73 t\u016bksto\u0161iem eiro. Se\u0161os gad\u012bjumos pabalsts ir atteikts, jo to piepras\u012bja gan dz\u012bvok\u013ca \u012bpa\u0161nieks, gan \u012brnieks. T\u0101d\u0101 gad\u012bjum\u0101 pabalstu izmaks\u0101ja tikai \u012brniekam, kur\u0161 faktiski dz\u012bvoja dz\u012bvokl\u012b.\u00a0<\/p>\n<p>N\u0101kam\u0101 dz\u012bvok\u013cu \u012bpa\u0161nieku sapulce ir paredz\u0113ta 30. janv\u0101r\u012b. Dz\u012bvok\u013cu \u012bpa\u0161nieki cer, ka l\u012bdz tam laikam b\u016bs pabeigta m\u0101jas b\u016bvekspert\u012bze un noskaidrots zaud\u0113jumu apjoms un iesp\u0113jamie turpm\u0101kie so\u013ci.<br \/>\u00a0<\/p>\n<p>                    Valodas k\u013c\u016bda rakst\u0101?<\/p>\n<p class=\"d-none d-md-block\">Iez\u012bm\u0113jiet tekstu un spiediet Ctrl+Enter, lai nos\u016bt\u012btu labojamo teksta fragmentu redaktoram! Par faktu k\u013c\u016bd\u0101m l\u016bdzam zi\u0146ot e-past\u0101 <a href=\"https:\/\/www.lsm.lv\/cdn-cgi\/l\/email-protection\" class=\"__cf_email__\" data-cfemail=\"6b190e0f0a000802010a2b07180645071d\" rel=\"nofollow noopener\" target=\"_blank\">[email\u00a0protected]<\/a>.<\/p>\n<p class=\"d-md-none\">Iez\u012bm\u0113jiet tekstu un spiediet uz Zi\u0146ot par k\u013c\u016bdu pogas, lai nos\u016bt\u012btu labojamo teksta fragmentu redaktoram!<\/p>\n<p>\n                    Zi\u0146ot par k\u013c\u016bdu\n                <\/p>\n","protected":false},"excerpt":{"rendered":"Kam\u0113r b\u016bveksperts turpina g\u0101zes spr\u0101dzien\u0101 boj\u0101t\u0101s \u0113kas Bauskas iel\u0101 15 apseko\u0161anu, dz\u012bvok\u013cu \u012bpa\u0161nieki joproj\u0101m netiek pie \u0113k\u0101 atst\u0101taj\u0101m&hellip;\n","protected":false},"author":2,"featured_media":105502,"comment_status":"","ping_status":"","sticky":false,"template":"","format":"standard","meta":{"footnotes":""},"categories":[12],"tags":[23,28,29,32,33,22,30,31,35,39,38,36,37,34,40,20,26,27,24,25,21],"class_list":{"0":"post-105805","1":"post","2":"type-post","3":"status-publish","4":"format-standard","5":"has-post-thumbnail","7":"category-latvija","8":"tag-aktualitates","9":"tag-breaking-news","10":"tag-breakingnews","11":"tag-featured-news","12":"tag-featurednews","13":"tag-headlines","14":"tag-latest-news","15":"tag-latestnews","16":"tag-latvia","17":"tag-latvian","18":"tag-latviesu","19":"tag-latviesu-valoda","20":"tag-latviesuvaloda","21":"tag-latvija","22":"tag-lv","23":"tag-news","24":"tag-popularakas-zinas","25":"tag-popularakaszinas","26":"tag-top-stories","27":"tag-topstories","28":"tag-zinas"},"share_on_mastodon":{"url":"https:\/\/pubeurope.com\/@lv\/115900420073389994","error":""},"_links":{"self":[{"href":"https:\/\/www.europesays.com\/lv\/wp-json\/wp\/v2\/posts\/105805","targetHints":{"allow":["GET"]}}],"collection":[{"href":"https:\/\/www.europesays.com\/lv\/wp-json\/wp\/v2\/posts"}],"about":[{"href":"https:\/\/www.europesays.com\/lv\/wp-json\/wp\/v2\/types\/post"}],"author":[{"embeddable":true,"href":"https:\/\/www.europesays.com\/lv\/wp-json\/wp\/v2\/users\/2"}],"replies":[{"embeddable":true,"href":"https:\/\/www.europesays.com\/lv\/wp-json\/wp\/v2\/comments?post=105805"}],"version-history":[{"count":0,"href":"https:\/\/www.europesays.com\/lv\/wp-json\/wp\/v2\/posts\/105805\/revisions"}],"wp:featuredmedia":[{"embeddable":true,"href":"https:\/\/www.europesays.com\/lv\/wp-json\/wp\/v2\/media\/105502"}],"wp:attachment":[{"href":"https:\/\/www.europesays.com\/lv\/wp-json\/wp\/v2\/media?parent=105805"}],"wp:term":[{"taxonomy":"category","embeddable":true,"href":"https:\/\/www.europesays.com\/lv\/wp-json\/wp\/v2\/categories?post=105805"},{"taxonomy":"post_tag","embeddable":true,"href":"https:\/\/www.europesays.com\/lv\/wp-json\/wp\/v2\/tags?post=105805"}],"curies":[{"name":"wp","href":"https:\/\/api.w.org\/{rel}","templated":true}]}}