{"id":105808,"date":"2026-01-15T18:24:07","date_gmt":"2026-01-15T18:24:07","guid":{"rendered":"https:\/\/www.europesays.com\/lv\/105808\/"},"modified":"2026-01-15T18:24:07","modified_gmt":"2026-01-15T18:24:07","slug":"panika-gaisa-turkish-airlines-reisa-spradziena-draudi","status":"publish","type":"post","link":"https:\/\/www.europesays.com\/lv\/105808\/","title":{"rendered":"Panika gais\u0101: &#8216;Turkish Airlines&#8217; reis\u0101 spr\u0101dziena draudi"},"content":{"rendered":"<p class=\"descr\">Turcijas zi\u0146u a\u0123ent\u016bra \u201cAnadolu\u201d ceturtdien zi\u0146oja, ka \u201cTurkish Airlines\u201d reis\u0101, kas dev\u0101s no Stambulas uz Barselonu, tika aktiviz\u0113ts spr\u0101dziena draudu br\u012bdin\u0101jums p\u0113c tam, kad k\u0101ds pasa\u017eieris izveidoja interneta piek\u013cuves punktu un deva tam nosaukumu, kur\u0101 bija min\u0113ts spridzeklis.<\/p>\n<p><a href=\"https:\/\/nra.lv\/pasaule\/503848-ryanair-reiss-spiests-nolaisties-mancestra-gandriz-bez-degvielas.htm\" data-item-link=\"true\" data-item-id=\"503848\" rel=\"nofollow noopener\" target=\"_blank\">Lidma\u0161\u012bna veica av\u0101rijas nos\u0113\u0161anos <\/a>Barselon\u0101, kur to sagaid\u012bja dro\u0161\u012bbas sp\u0113ki.<\/p>\n<p>Lai, piem\u0113ram, viedt\u0101lruni, p\u0101rv\u0113rstu par nelielu Wi-Fi mar\u0161rut\u0113t\u0101ju, kas var nodro\u0161in\u0101t mobil\u0101 interneta piek\u013cuvi cit\u0101m ier\u012bc\u0113m, piem\u0113ram, kl\u0113pjdatoriem vai plan\u0161etdatoriem, lietot\u0101jam tam ir j\u0101pie\u0161\u0137ir nosaukums, lai citi to var\u0113tu atrast.<\/p>\n<p>Viet\u0113jie mediji zi\u0146oja, ka lidma\u0161\u012bna apst\u0101j\u0101s t\u0101lu no lidostas \u0113k\u0101m un p\u0113c pasa\u017eieru un apkalpes izk\u0101p\u0161anas to p\u0101rmekl\u0113ja speci\u0101listi. Spr\u0101dzienb\u012bstama ier\u012bce netika atrasta.<\/p>\n<p>\t\t\t\t\t\tinfo<\/p>\n<p>Uzzini pirmais<br \/>kas interesants noticis Latvij\u0101 un pasaul\u0113,<br \/>pievienojoties mums <a href=\"https:\/\/t.me\/neatkariga\" rel=\"nofollow\">Telegram<\/a> vai <a href=\"https:\/\/whatsapp.com\/channel\/0029VaMLFUH5K3zLU5s4wm3y\" rel=\"nofollow noopener\" target=\"_blank\">Whatsapp<\/a> kan\u0101l\u0101<\/p>\n","protected":false},"excerpt":{"rendered":"Turcijas zi\u0146u a\u0123ent\u016bra \u201cAnadolu\u201d ceturtdien zi\u0146oja, ka \u201cTurkish Airlines\u201d reis\u0101, kas dev\u0101s no Stambulas uz Barselonu, tika aktiviz\u0113ts&hellip;\n","protected":false},"author":2,"featured_media":105809,"comment_status":"","ping_status":"","sticky":false,"template":"","format":"standard","meta":{"footnotes":""},"categories":[5],"tags":[23,28,29,32,33,22,30,31,35,39,38,36,37,34,40,20,26,27,24,25,21],"class_list":{"0":"post-105808","1":"post","2":"type-post","3":"status-publish","4":"format-standard","5":"has-post-thumbnail","7":"category-aktualitates","8":"tag-aktualitates","9":"tag-breaking-news","10":"tag-breakingnews","11":"tag-featured-news","12":"tag-featurednews","13":"tag-headlines","14":"tag-latest-news","15":"tag-latestnews","16":"tag-latvia","17":"tag-latvian","18":"tag-latviesu","19":"tag-latviesu-valoda","20":"tag-latviesuvaloda","21":"tag-latvija","22":"tag-lv","23":"tag-news","24":"tag-popularakas-zinas","25":"tag-popularakaszinas","26":"tag-top-stories","27":"tag-topstories","28":"tag-zinas"},"share_on_mastodon":{"url":"https:\/\/pubeurope.com\/@lv\/115900518509710925","error":""},"_links":{"self":[{"href":"https:\/\/www.europesays.com\/lv\/wp-json\/wp\/v2\/posts\/105808","targetHints":{"allow":["GET"]}}],"collection":[{"href":"https:\/\/www.europesays.com\/lv\/wp-json\/wp\/v2\/posts"}],"about":[{"href":"https:\/\/www.europesays.com\/lv\/wp-json\/wp\/v2\/types\/post"}],"author":[{"embeddable":true,"href":"https:\/\/www.europesays.com\/lv\/wp-json\/wp\/v2\/users\/2"}],"replies":[{"embeddable":true,"href":"https:\/\/www.europesays.com\/lv\/wp-json\/wp\/v2\/comments?post=105808"}],"version-history":[{"count":0,"href":"https:\/\/www.europesays.com\/lv\/wp-json\/wp\/v2\/posts\/105808\/revisions"}],"wp:featuredmedia":[{"embeddable":true,"href":"https:\/\/www.europesays.com\/lv\/wp-json\/wp\/v2\/media\/105809"}],"wp:attachment":[{"href":"https:\/\/www.europesays.com\/lv\/wp-json\/wp\/v2\/media?parent=105808"}],"wp:term":[{"taxonomy":"category","embeddable":true,"href":"https:\/\/www.europesays.com\/lv\/wp-json\/wp\/v2\/categories?post=105808"},{"taxonomy":"post_tag","embeddable":true,"href":"https:\/\/www.europesays.com\/lv\/wp-json\/wp\/v2\/tags?post=105808"}],"curies":[{"name":"wp","href":"https:\/\/api.w.org\/{rel}","templated":true}]}}