{"id":105810,"date":"2026-01-15T18:25:13","date_gmt":"2026-01-15T18:25:13","guid":{"rendered":"https:\/\/www.europesays.com\/lv\/105810\/"},"modified":"2026-01-15T18:25:13","modified_gmt":"2026-01-15T18:25:13","slug":"koncerti-un-gramatas-kuras-baudit-somenes-iesaka-janis-zilde-santa","status":"publish","type":"post","link":"https:\/\/www.europesays.com\/lv\/105810\/","title":{"rendered":"Koncerti un gr\u0101matas, kuras baud\u012bt \u0161om\u0113nes. Iesaka J\u0101nis \u017dilde \u2014 Santa"},"content":{"rendered":"<p>\t\t\t\tDisko Roze<\/p>\n<p>M\u016bzikas nams Daile<\/p>\n<p>\u00a0<\/p>\n<p>        <a href=\"https:\/\/www.europesays.com\/lv\/wp-content\/uploads\/2026\/01\/8ad2e9d50ed3.jpg\"><img decoding=\"async\" alt=\"\" class=\"no-convert\" src=\"https:\/\/www.europesays.com\/lv\/wp-content\/uploads\/2026\/01\/8ad2e9d50ed3.jpg\"\/><\/a><\/p>\n<p> Foto: Publicit\u0101tes att\u0113ls<\/p>\n<p>\u00a0<\/p>\n<p>Disko Roze\u00a0ir muzik\u0101ls ce\u013cojums laik\u0101 \u2013 atmi\u0146u p\u0113rle no 70. gadiem, br\u012b\u017ea, kad m\u016bzika, mode un spilgtas person\u012bbas rad\u012bja neatk\u0101rtojamu rado\u0161uma gaisotni. Koncertizr\u0101de atg\u0101dina par laikmetu, kur\u0101 br\u012bv\u012bba, ritms un kust\u012bba savij\u0101s vien\u0101 vesel\u0101. Idejas autors\u00a0Andris Kei\u0161s\u00a0iedvesmojies no trompetista un aran\u017e\u0113t\u0101ja\u00a0Gun\u0101ra Rozenberga\u00a0m\u016bzikas un\u00a0Raimonda Paula\u00a0melodij\u0101m, R\u012bgas deju lok\u0101lu est\u0113tikas un le\u0123end\u0101r\u0101\u00a0R\u012bgas mode\u013cu nama\u00a0spilgtuma, kas m\u016bsu galvaspils\u0113tu veidoja par vienu no kr\u0101\u0161\u0146\u0101kaj\u0101m Eiropas viet\u0101m.\u00a0Kei\u0161s st\u0101sta: \u00abGun\u0101rs Rozenbergs bija \u012bpa\u0161s \u2013 ap vi\u0146u alla\u017e notika kas neparasts. Ar\u00a0Disko Rozi\u00a0gribas pieskarties laikam, kad visi dejoja, sm\u0113j\u0101s un \u013c\u0101v\u0101s dz\u012bves virpulim, nesp\u0113jot nos\u0113d\u0113t mal\u0101.\u00bb Uz skatuves kop\u0101 ar Kei\u0161u redzama \u0161\u0101 br\u012b\u017ea\u00a0karst\u0101k\u0101\u00a0aktrise Agnese Budovska. M\u016bzikas pasauli \u0161aj\u0101 ce\u013cojum\u0101 iedz\u012bvina\u00a0Dailes Big Band\u00a0ar m\u0101ksliniecisko vad\u012bt\u0101ju K\u0101rli Vanagu.<\/p>\n<p>\u00a0<\/p>\n<p>Silvija Kurvasj\u0113<\/p>\n<p>Hanzas perons<\/p>\n<p>18. janv\u0101ris<\/p>\n<p>\u00a0<\/p>\n<p>        <a href=\"https:\/\/www.europesays.com\/lv\/wp-content\/uploads\/2026\/01\/4bc236e3d547.jpg\"><img decoding=\"async\" alt=\"\" class=\"no-convert\" src=\"https:\/\/www.europesays.com\/lv\/wp-content\/uploads\/2026\/01\/4bc236e3d547.jpg\"\/><\/a><\/p>\n<p> Foto: Publicit\u0101tes att\u0113ls<\/p>\n<p>\u00a0<\/p>\n<p>Kult\u016bras telp\u0101\u00a0Hanzas perons\u00a0ar \u0161veicie\u0161u pianistes un komponistes Silvijas Kurvasj\u0113 solokoncertu s\u0101ksies jaun\u0101s klavierm\u016bzikas sv\u0113tdienas \u2013 ikm\u0113ne\u0161a izcilu pianistu solo vakari. Kurvasj\u0113 pa\u0161laik ir viena no spilgt\u0101kaj\u0101m pianist\u0113m, kas apvieno kamerm\u016bzikas smalkumu ar \u0145ujorkas avangarda d\u017eeza intensit\u0101ti. Kriti\u0137i vi\u0146as m\u016bziku raksturo k\u0101 est\u0113tisku, nosl\u0113pumainu un tehniski p\u0101rsteidzo\u0161u \u2013 pianiste sp\u0113l\u0113 ar aizraut\u012bbu gan pa tausti\u0146iem, gan klavieru iek\u0161pus\u0113.\u00a0JazzTimes\u00a0vi\u0146as solo raksturo k\u0101 \u00absitienu vilni, kas p\u0101r\u0146em klaviat\u016bru\u00bb. Bruklin\u0101 dz\u012bvojo\u0161\u0101 m\u0101ksliniece cie\u0161i iek\u013c\u0101vusies \u0145ujorkas jaun\u0101s m\u016bzikas vid\u0113, sadarbojoties ar t\u0101diem autoriem k\u0101 D\u017eons Zorns un Evans P\u0101rkers. Vi\u0146as ieraksti regul\u0101ri izdoti Zorna izdevniec\u012bb\u0101\u00a0Tzadik. 2025. gad\u0101 Kurvasj\u0113 sa\u0146\u0113ma \u0160veices Liel\u0101s m\u016bzikas balvas\u00a0Grand Prix, apliecinot savu starptautisko noz\u012bmi. \u00abKlavieres ir k\u0101 or\u0137estris. Cen\u0161os no instrumenta pa\u0146emt visu,\u00bb saka m\u016bzi\u0137e.<\/p>\n<p>Andr\u0113 Agasi<\/p>\n<p>Atkl\u0101ts. Autobiogr\u0101fija<\/p>\n<p>\u00a0<\/p>\n<p>        <a href=\"https:\/\/www.europesays.com\/lv\/wp-content\/uploads\/2026\/01\/6bd9d9c7c722.jpg\"><img decoding=\"async\" alt=\"\" class=\"no-convert\" src=\"https:\/\/www.europesays.com\/lv\/wp-content\/uploads\/2026\/01\/6bd9d9c7c722.jpg\"\/><\/a><\/p>\n<p> Foto: Publicit\u0101tes att\u0113ls<\/p>\n<p>\u00a0<\/p>\n<p>Sava valdon\u012bg\u0101 t\u0113va vad\u012bb\u0101 Agasi pirmo Grand Slam titulu izc\u012bn\u012bja jau 22\u00a0gadu vecum\u0101. Ta\u010du aiz spo\u017e\u0101s slavas sl\u0113p\u0101s cilv\u0113ks, kas c\u012bn\u012bj\u0101s ar iek\u0161\u0113jiem d\u0113moniem un mekl\u0113ja savu \u012bsto es un dz\u012bves j\u0113gu ar\u012b \u0101rpus sporta. Dzi\u013ci personiskaj\u0101 autobiogr\u0101fij\u0101 Agasi atkl\u0101ti st\u0101sta par narkotiku lieto\u0161anu, laul\u012bbu ar aktrisi Br\u016bku \u0160\u012bldsu un ilgo ce\u013cu uz sevis pie\u0146em\u0161anu. Gr\u0101mata non\u0101kusi The New York Times di\u017ep\u0101rdok\u013cu sarakst\u0101 un k\u013cuvusi par iedvesmu 2024.\u00a0gada sporta dr\u0101mai Challengers ar Zendaju galvenaj\u0101 lom\u0101.<\/p>\n<p>Ernests Gulbis, biju\u0161ais pasaules ranga top 10 tenisists: \u00abGr\u0101mata ir nefiltr\u0113ti \u012bsts un aizraujo\u0161s ce\u013cojums cauri tenisa dz\u012bves augst\u0101kajiem un zem\u0101kajiem punktiem, ar nep\u0101rsp\u0113jamu god\u012bgumu atkl\u0101jot sporta brut\u0101l\u0101s pras\u012bbas. Agasi atkl\u0101tais st\u0101sts par c\u012b\u0146u, \u0161aub\u0101m, slavu dzi\u013ci sasaucas ar ikvienu, kur\u0161 profesion\u0101li nodarbojies ar jebkuru sporta veidu. Agasi atkl\u0101t\u012bba padara \u0161o gr\u0101matu par izcilu sporta literat\u016bras paraugu. T\u0101 ir oblig\u0101ta las\u0101mviela gan tiem, kas seko tenisam regul\u0101ri, gan ar\u012b tiem, kurus uzrun\u0101 iedvesmojo\u0161i st\u0101sti.\u00bb<\/p>\n<p>\u00a0<\/p>\n<p>Aivars Stranga<\/p>\n<p>Latvija. Likten\u012bgo l\u0113mumu laiks. Okup\u0101cija. 1939\u20131940<\/p>\n<p>\u00a0<\/p>\n<p>        <a href=\"https:\/\/www.europesays.com\/lv\/wp-content\/uploads\/2026\/01\/4023d7b31188.jpg\"><img decoding=\"async\" alt=\"\" class=\"no-convert\" src=\"https:\/\/www.europesays.com\/lv\/wp-content\/uploads\/2026\/01\/4023d7b31188.jpg\"\/><\/a><\/p>\n<p> Foto: Publicit\u0101tes att\u0113ls<\/p>\n<p>\u00a0<\/p>\n<p>Izsme\u013co\u0161s p\u0113t\u012bjums par periodu no 1939. gada s\u0101kuma l\u012bdz 1940. gada j\u016bnijam, kad Latvija piedz\u012bvoja straujas p\u0101rmai\u0146as \u2013 no pasludin\u0101t\u0101s neitralit\u0101tes l\u012bdz kapitul\u0101cijai PSRS brut\u0101l\u0101 ultim\u0101ta priek\u0161\u0101. Detaliz\u0113ti apl\u016bkota Latvijas starptautisk\u0101 situ\u0101cija, \u0101rpolitika un diplom\u0101tija, \u012bpa\u0161i attiec\u012bbas ar V\u0101ciju un PSRS, k\u0101 ar\u012b ar Poliju un cit\u0101m lielvalst\u012bm kop\u0161 1938. gada rudens. Visi jaut\u0101jumi skat\u012bti Baltijas valstu kontekst\u0101, analiz\u0113jot Igaunijas un Lietuvas politiku un to mijiedarb\u012bbu ar Latviju. Tiek izv\u0113rt\u0113ts K\u0101r\u013ca Ulma\u0146a autorit\u0101rais re\u017e\u012bms, t\u0101 reformu ieceres, tostarp vienas partijas dibin\u0101\u0161anas pl\u0101ni un kameru sist\u0113mas att\u012bst\u012bba, k\u0101 ar\u012b opoz\u012bcijas darb\u012bba. Apl\u016bkots valsts saimnieciskais st\u0101voklis, kult\u016bras att\u012bst\u012bba un Latgales loma. \u012apa\u0161a uzman\u012bba velt\u012bta Latvijas Komunistisk\u0101s partijas darb\u012bbai, pied\u0101v\u0101jot l\u012bdz \u0161im maz p\u0113t\u012btu anal\u012bzi. Liela da\u013ca darba velt\u012bta Baltijas valstu okup\u0101cijas procesam, detaliz\u0113ti aprakstot agresiju pret katru valsti, \u012bpa\u0161i Lietuvas okup\u0101cijas sagatavo\u0161anu.<\/p>\n<p>\u00a0<\/p>\n<p>Art\u016brs Raudzi\u0146\u0161<\/p>\n<p>Bl\u016bms: Viss ir iesp\u0113jams<\/p>\n<p>\u00a0<\/p>\n<p>        <a href=\"https:\/\/www.europesays.com\/lv\/wp-content\/uploads\/2026\/01\/71c7d07b6ce6.jpg\"><img decoding=\"async\" alt=\"\" class=\"no-convert\" src=\"https:\/\/www.europesays.com\/lv\/wp-content\/uploads\/2026\/01\/71c7d07b6ce6.jpg\"\/><\/a><\/p>\n<p> Foto: Publicit\u0101tes att\u0113ls<\/p>\n<p>\u00a0<\/p>\n<p>J\u0101nis Bl\u016bms \u2013 pirmais latvietis modern\u0101s Eirol\u012bgas lab\u0101ko astotniek\u0101, \u010detrk\u0101rt\u0113js Latvijas \u010dempions, kuru Porzi\u0146\u0123is nosaucis par \u012bstu piem\u0113ru un iedvesmas avotu. Gada s\u0101kumam, kad kaldin\u0101m ap\u0146em\u0161anos sarakstu un no jauna noticam sev, ieder\u012bgs sabiedrotais b\u016bs m\u016bsu ilggad\u0113j\u0101 Latvijas izlases kaptei\u0146a iedvesmas st\u0101sts. \u0160\u012b nav tikai sporta gr\u0101mata \u2013 t\u0101 ir ce\u013cvedis ikvienam, kur\u0161 v\u0113las p\u0101rvar\u0113t sevi un pier\u0101d\u012bt, ka robe\u017eas bie\u017ei vien ir tikai galv\u0101. Tu k\u013c\u016bsti par to, kam tu pats notici, p\u0101rliecin\u0101ts basketbolists. Bl\u016bms: Viss ir iesp\u0113jams ir atkl\u0101ta saruna par kritieniem un uzvar\u0101m, par discipl\u012bnu, kas nes rezult\u0101tus, un par dom\u0101\u0161anas sp\u0113ku, kas sp\u0113j pacelt tur, kur \u0161\u0137ietami nav ce\u013ca.<\/p>\n<p>\u00a0<\/p>\n<p>\u00a0<\/p>\n","protected":false},"excerpt":{"rendered":"Disko Roze M\u016bzikas nams Daile \u00a0 Foto: Publicit\u0101tes att\u0113ls \u00a0 Disko Roze\u00a0ir muzik\u0101ls ce\u013cojums laik\u0101 \u2013 atmi\u0146u p\u0113rle&hellip;\n","protected":false},"author":2,"featured_media":105811,"comment_status":"","ping_status":"","sticky":false,"template":"","format":"standard","meta":{"footnotes":""},"categories":[19],"tags":[89,90,35,39,38,36,37,34,40],"class_list":{"0":"post-105810","1":"post","2":"type-post","3":"status-publish","4":"format-standard","5":"has-post-thumbnail","7":"category-izklaide","8":"tag-entertainment","9":"tag-izklaide","10":"tag-latvia","11":"tag-latvian","12":"tag-latviesu","13":"tag-latviesu-valoda","14":"tag-latviesuvaloda","15":"tag-latvija","16":"tag-lv"},"share_on_mastodon":{"url":"https:\/\/pubeurope.com\/@lv\/115900524435360052","error":""},"_links":{"self":[{"href":"https:\/\/www.europesays.com\/lv\/wp-json\/wp\/v2\/posts\/105810","targetHints":{"allow":["GET"]}}],"collection":[{"href":"https:\/\/www.europesays.com\/lv\/wp-json\/wp\/v2\/posts"}],"about":[{"href":"https:\/\/www.europesays.com\/lv\/wp-json\/wp\/v2\/types\/post"}],"author":[{"embeddable":true,"href":"https:\/\/www.europesays.com\/lv\/wp-json\/wp\/v2\/users\/2"}],"replies":[{"embeddable":true,"href":"https:\/\/www.europesays.com\/lv\/wp-json\/wp\/v2\/comments?post=105810"}],"version-history":[{"count":0,"href":"https:\/\/www.europesays.com\/lv\/wp-json\/wp\/v2\/posts\/105810\/revisions"}],"wp:featuredmedia":[{"embeddable":true,"href":"https:\/\/www.europesays.com\/lv\/wp-json\/wp\/v2\/media\/105811"}],"wp:attachment":[{"href":"https:\/\/www.europesays.com\/lv\/wp-json\/wp\/v2\/media?parent=105810"}],"wp:term":[{"taxonomy":"category","embeddable":true,"href":"https:\/\/www.europesays.com\/lv\/wp-json\/wp\/v2\/categories?post=105810"},{"taxonomy":"post_tag","embeddable":true,"href":"https:\/\/www.europesays.com\/lv\/wp-json\/wp\/v2\/tags?post=105810"}],"curies":[{"name":"wp","href":"https:\/\/api.w.org\/{rel}","templated":true}]}}