{"id":105816,"date":"2026-01-15T18:40:07","date_gmt":"2026-01-15T18:40:07","guid":{"rendered":"https:\/\/www.europesays.com\/lv\/105816\/"},"modified":"2026-01-15T18:40:07","modified_gmt":"2026-01-15T18:40:07","slug":"es-nakamaja-sankciju-karta-versisies-pret-krievijas-energetiku-un-finansem-raksts","status":"publish","type":"post","link":"https:\/\/www.europesays.com\/lv\/105816\/","title":{"rendered":"ES n\u0101kamaj\u0101 sankciju k\u0101rt\u0101 v\u0113rs\u012bsies pret Krievijas ener\u0123\u0113tiku un finans\u0113m \/ Raksts"},"content":{"rendered":"<p>Aktu\u0101lie \u0123eopolitiskie jaut\u0101jumi no Grenlandes l\u012bdz Ukrainai bija to vid\u016b, ko darba viz\u012bt\u0113 Latvij\u0101, tiekoties ar \u0101rlietu ministri Baibu Bra\u017ei no &#8220;Jaun\u0101s Vienot\u012bbas&#8221;, p\u0101rrun\u0101ja vado\u0161ais Francijas diplom\u0101ts \u017dans Noels Baro.\u00a0<\/p>\n<p style=\"margin-left:0cm; margin-right:0cm\">Baro ierad\u0101s darba viz\u012bt\u0113 Latvij\u0101 par godu 105. gadsk\u0101rtai, kop\u0161 Latvija tika atz\u012bta &#8220;de iure&#8221;.\u00a0<\/p>\n<p style=\"margin-left:0cm; margin-right:0cm\">Nepl\u0101notas izmai\u0146as augst\u0101 viesa darba k\u0101rt\u012bb\u0101 noz\u012bm\u0113ja, ka izpalika r\u012bta pus\u0113 pl\u0101not\u0101 tik\u0161an\u0101s ar Igaunijas un Lietuvas \u0101rlietu ministriem. Savuk\u0101rt tik\u0161an\u0101s ar\u00a0Bra\u017ei un tai sekojo\u0161\u0101 preses konference tika p\u0101rcelta uz p\u0113cpusdienu.\u00a0<\/p>\n<p>Ukrainas sabiedrotajiem j\u0101pastiprina spiediens pret Ukrainu\u00a0<\/p>\n<p style=\"margin-left:0cm; margin-right:0cm\">Run\u0101jot par Krievijas karu Ukrain\u0101, abi ministri uzsv\u0113ra, ka galvenais \u0161\u0137\u0113rslis mieram joproj\u0101m ir Vladimirs Putins, un nav paz\u012bmju, ka vi\u0146\u0161 main\u012btu savu nost\u0101ju, t\u0101d\u0113\u013c nepiecie\u0161ams turpin\u0101t spiedienu pret Krieviju, pastiprin\u0101t sankcijas, un atbalst\u012bt Ukrainu.\u00a0<\/p>\n<blockquote>\n<p style=\"margin-left:0cm; margin-right:0cm\">&#8220;\u0160odien galvenais \u0161\u0137\u0113rslis mieram ir Vladimirs Putins. Vi\u0146\u0161 pag\u0101ju\u0161aj\u0101 ned\u0113\u013c\u0101 v\u0113lreiz ar ballistisk\u0101s ra\u0137etes triecienu \u013bvivas apgabal\u0101 apliecin\u0101ja, ka metodiski izn\u012bcina ener\u0123\u0113tisko infrastrukt\u016bru.\u00a0<\/p>\n<\/blockquote>\n<p style=\"margin-left:0cm; margin-right:0cm\">Un, k\u0101 teica prezidents Zelenskis, vi\u0146\u0161 veido ener\u0123\u0113tisko \u0101rk\u0101rtas st\u0101vokli. M\u0113s v\u0113lamies atbildes,&#8221; teica Baro.\u00a0<\/p>\n<p style=\"margin-left:0cm; margin-right:0cm\">Jaut\u0101jum\u0101 par to, k\u0101da ir Latvijas un Francijas nost\u0101ja jaut\u0101jum\u0101 par \u012bpa\u0161\u0101 s\u016bt\u0146a sarun\u0101m ar Maskavu noz\u012bm\u0113\u0161anu, ministru atbildes liek dom\u0101t, ka tas nav priorit\u0101rs jaut\u0101jums.\u00a0<\/p>\n<p style=\"margin-left:0cm; margin-right:0cm\">Bra\u017ee uzsv\u0113ra, ka liela diskusija par \u0161o jaut\u0101jumu nav bijusi ne Baltijas valstu kol\u0113\u0123u starp\u0101, ne ar\u012b NATO vai Eiropas valstu ietvaros:\u00a0<\/p>\n<p style=\"margin-left:0cm; margin-right:0cm\">&#8220;M\u0113s neredzam \u0161obr\u012bd itin nek\u0101du indik\u0101ciju, ka Krievija b\u016btu gatava main\u012bt savu nost\u0101ju. Respekt\u012bvi, past\u0101v atg\u0101din\u0101jumi par gatav\u012bbu sasniegt strat\u0113\u0123iskos m\u0113r\u0137us, kas noz\u012bm\u0113 Ukrainas pak\u013cau\u0161anu, Ukrainas suverenit\u0101tes izn\u012bcin\u0101\u0161anu, NATO sa\u0161\u0137el\u0161anu un t\u0101 t\u0101l\u0101k. Eiropas dro\u0161\u012bbas arhitekt\u016bras p\u0101rskat\u012b\u0161anu. \u0160ie m\u0113r\u0137i Krievijai nav main\u012bju\u0161ies. Un l\u012bdz ar to ir gr\u016bti \u0161obr\u012bd redz\u0113t, kas b\u016btu tas sarunu priek\u0161mets, par ko var\u0113tu run\u0101t \u0161obr\u012bd ar \u0161o miesnieku.&#8221;\u00a0<\/p>\n<blockquote>\n<p style=\"margin-left:0cm; margin-right:0cm\">Latvijas un Francijas \u0101rlietu ministri apliecin\u0101ja, ka \u0161obr\u012bd notiek 20. pret Krieviju v\u0113rsto sankciju pakotnes izstr\u0101de. T\u0101s m\u0113r\u0137i \u2013 ener\u0123\u0113tikas un finan\u0161u sektors.\u00a0<\/p>\n<\/blockquote>\n<p>Latvija un Francija paudu\u0161i atbalstu D\u0101nijai\u00a0<\/p>\n<p style=\"margin-left:0cm; margin-right:0cm\">Uz jaut\u0101jumu par to, vai \u0161obr\u012bd past\u0101v \u0136\u012bnas un Krievijas draudi Grenlandei, abu valstu \u0101rlietu ministri izv\u0113l\u0113j\u0101s atbild\u0113t diplom\u0101tiski, ta\u010du pauda atbalstu D\u0101nijai.\u00a0<\/p>\n<p style=\"margin-left:0cm; margin-right:0cm\">Bra\u017ee uzsv\u0113ra,\u00a0ja past\u0101v ba\u017eas par k\u0101diem draudiem k\u0101d\u0101 noteikt\u0101 situ\u0101cij\u0101, tad lab\u0101kais veids ir pus\u0113m aps\u0113sties pie galda un izrun\u0101t to atrisin\u0101\u0161anu.\u00a0<\/p>\n<p style=\"margin-left:0cm; margin-right:0cm\">&#8220;Neap\u0161aub\u0101mi sadarb\u012bba ir lab\u0101kais veids, k\u0101 atrisin\u0101t jebk\u0101dus jaut\u0101jumus, kas sabiedroto starp\u0101 ir radu\u0161ies. Ja ir k\u0101das ba\u017eas par zin\u0101mie draudiem vai k\u0101da inform\u0101cija par draudiem vien\u0101 vai otr\u0101 situ\u0101cij\u0101, tad tas ir lab\u0101kais veids \u2013 aps\u0113sties un izrun\u0101t, k\u0101 caur sadarb\u012bbu \u0161os jaut\u0101jumus beig\u0101s atrisin\u0101t. Un attiec\u012bb\u0101 uz Grenlandi gan starp D\u0101niju un Ameriku, gan pla\u0161\u0101k\u0101 kontekst\u0101 \u2013 tas ar\u012b ir tie\u0161i tas veids,&#8221; teica Bra\u017ee.\u00a0<\/p>\n<p style=\"margin-left:0cm; margin-right:0cm\">Savuk\u0101rt Baro sav\u0101 atbild\u0113 uzsv\u0113ra, ka Arktikas dro\u0161\u012bba nav atdal\u0101ma no Eiropas dro\u0161\u012bbas.\u00a0Francija p\u0113c D\u0101nijas l\u016bguma nos\u016bt\u012bjusi karav\u012brus uz Grenlandi, pievienojoties citiem Eiropas sabiedrotajiem milit\u0101raj\u0101s m\u0101c\u012bb\u0101s Arktik\u0101, un ceturtdien Par\u012bze pazi\u0146oja, ka tuv\u0101kaj\u0101s dien\u0101s nos\u016bt\u012bs v\u0113l papildu sauszemes, gaisa un j\u016bras sp\u0113kus.\u00a0<\/p>\n<p style=\"margin-left:0cm; margin-right:0cm\">&#8220;Pirmk\u0101rt, esam p\u0101rliecin\u0101ti, ka Arktikas dro\u0161\u012bba ir nesaraujami saist\u012bta ar m\u016bsu, ar Eiropas dro\u0161\u012bbu. Otrk\u0101rt, m\u0113s esam p\u0101rliecin\u0101ti, ka \u0161aj\u0101 laik\u0101, kur\u0101 dz\u012bvojam, \u0161aj\u0101 skarbaj\u0101 pasaul\u0113, ir b\u016btiski, lai eiropie\u0161i sp\u0113tu uz\u0146emties arvien liel\u0101ku atbild\u012bbu par savu dro\u0161\u012bbu. Tre\u0161k\u0101rt, m\u0113s sniedzam atbalstu un pau\u017eam solidarit\u0101ti D\u0101nijai. T\u0101pat k\u0101 m\u0113s v\u0113l\u0113tos pa\u013cauties uz D\u0101nijas atbalstu un solidarit\u0101ti, ja m\u0113s \u0161odien atrastos t\u0101d\u0101 pa\u0161\u0101 situ\u0101cij\u0101,&#8221; pauda Baro.<\/p>\n<p>                    Valodas k\u013c\u016bda rakst\u0101?<\/p>\n<p class=\"d-none d-md-block\">Iez\u012bm\u0113jiet tekstu un spiediet Ctrl+Enter, lai nos\u016bt\u012btu labojamo teksta fragmentu redaktoram! Par faktu k\u013c\u016bd\u0101m l\u016bdzam zi\u0146ot e-past\u0101 <a href=\"https:\/\/www.lsm.lv\/cdn-cgi\/l\/email-protection\" class=\"__cf_email__\" data-cfemail=\"6e1c0b0a0f050d07040f2e021d03400218\" rel=\"nofollow noopener\" target=\"_blank\">[email\u00a0protected]<\/a>.<\/p>\n<p class=\"d-md-none\">Iez\u012bm\u0113jiet tekstu un spiediet uz Zi\u0146ot par k\u013c\u016bdu pogas, lai nos\u016bt\u012btu labojamo teksta fragmentu redaktoram!<\/p>\n<p>\n                    Zi\u0146ot par k\u013c\u016bdu\n                <\/p>\n","protected":false},"excerpt":{"rendered":"Aktu\u0101lie \u0123eopolitiskie jaut\u0101jumi no Grenlandes l\u012bdz Ukrainai bija to vid\u016b, ko darba viz\u012bt\u0113 Latvij\u0101, tiekoties ar \u0101rlietu ministri&hellip;\n","protected":false},"author":2,"featured_media":105817,"comment_status":"","ping_status":"","sticky":false,"template":"","format":"standard","meta":{"footnotes":""},"categories":[14],"tags":[23,57,28,29,32,33,22,30,31,35,39,38,36,37,34,40,20,26,27,24,25,54,55,56,21,58],"class_list":{"0":"post-105816","1":"post","2":"type-post","3":"status-publish","4":"format-standard","5":"has-post-thumbnail","7":"category-zinas-no-arvalstim","8":"tag-aktualitates","9":"tag-arvalstim","10":"tag-breaking-news","11":"tag-breakingnews","12":"tag-featured-news","13":"tag-featurednews","14":"tag-headlines","15":"tag-latest-news","16":"tag-latestnews","17":"tag-latvia","18":"tag-latvian","19":"tag-latviesu","20":"tag-latviesu-valoda","21":"tag-latviesuvaloda","22":"tag-latvija","23":"tag-lv","24":"tag-news","25":"tag-popularakas-zinas","26":"tag-popularakaszinas","27":"tag-top-stories","28":"tag-topstories","29":"tag-world","30":"tag-world-news","31":"tag-worldnews","32":"tag-zinas","33":"tag-zinas-no-arvalstim"},"share_on_mastodon":{"url":"https:\/\/pubeurope.com\/@lv\/115900581533522125","error":""},"_links":{"self":[{"href":"https:\/\/www.europesays.com\/lv\/wp-json\/wp\/v2\/posts\/105816","targetHints":{"allow":["GET"]}}],"collection":[{"href":"https:\/\/www.europesays.com\/lv\/wp-json\/wp\/v2\/posts"}],"about":[{"href":"https:\/\/www.europesays.com\/lv\/wp-json\/wp\/v2\/types\/post"}],"author":[{"embeddable":true,"href":"https:\/\/www.europesays.com\/lv\/wp-json\/wp\/v2\/users\/2"}],"replies":[{"embeddable":true,"href":"https:\/\/www.europesays.com\/lv\/wp-json\/wp\/v2\/comments?post=105816"}],"version-history":[{"count":0,"href":"https:\/\/www.europesays.com\/lv\/wp-json\/wp\/v2\/posts\/105816\/revisions"}],"wp:featuredmedia":[{"embeddable":true,"href":"https:\/\/www.europesays.com\/lv\/wp-json\/wp\/v2\/media\/105817"}],"wp:attachment":[{"href":"https:\/\/www.europesays.com\/lv\/wp-json\/wp\/v2\/media?parent=105816"}],"wp:term":[{"taxonomy":"category","embeddable":true,"href":"https:\/\/www.europesays.com\/lv\/wp-json\/wp\/v2\/categories?post=105816"},{"taxonomy":"post_tag","embeddable":true,"href":"https:\/\/www.europesays.com\/lv\/wp-json\/wp\/v2\/tags?post=105816"}],"curies":[{"name":"wp","href":"https:\/\/api.w.org\/{rel}","templated":true}]}}