{"id":105822,"date":"2026-01-15T18:47:08","date_gmt":"2026-01-15T18:47:08","guid":{"rendered":"https:\/\/www.europesays.com\/lv\/105822\/"},"modified":"2026-01-15T18:47:08","modified_gmt":"2026-01-15T18:47:08","slug":"silina-saeima-iztur-nacionalas-apvienibas-inicieto-neuzticibas-balsojumu-1188-lv","status":"publish","type":"post","link":"https:\/\/www.europesays.com\/lv\/105822\/","title":{"rendered":"Sili\u0146a Saeim\u0101 iztur Nacion\u0101l\u0101s apvien\u012bbas inici\u0113to neuztic\u012bbas balsojumu &#8211; 1188.lv"},"content":{"rendered":"<ol>\n<li><a href=\"https:\/\/news.google.com\/rss\/articles\/CBMipwFBVV95cUxOYzU0allUTXluS01EUm9kNmlWaERONUhFTW5QUUtsQTlJUWZLWjZ4ZExNRnBNcEFGWWNPRlZrVHJrVUpXOUo1cnlQYmhNZ0Z0aU9tZUhmTDR1ZEhyQ0k2c2dqWkFoSEliTlNNM2lfX3oxeWhnVFE0ZnlmbjZfdHNDNFJxSGVLaDFwQmVpUklfc2Q3MEMtMVNhUVhqY0VkSk4yUEhyaHJTOA?oc=5\" target=\"_blank\" rel=\"nofollow noopener\">Sili\u0146a Saeim\u0101 iztur Nacion\u0101l\u0101s apvien\u012bbas inici\u0113to neuztic\u012bbas balsojumu<\/a>&nbsp;&nbsp;1188.lv<\/li>\n<li><a href=\"https:\/\/news.google.com\/rss\/articles\/CBMi8wFBVV95cUxNVzZGVlJURnVTNi1IXzlyTXhkeXdFcTNnRDVaRHYxblJQa1hwZHZ2LXRzR1FNMTFOelZTUkxqR3dmV1RJazdzdC1sZVdJTERSTmE2bXhHdDBLY3oweUo3SDdiUXB1bDlSOWt4RDFFbFNMZ0gzanIwRHlHRnBZTDREZUxtOG8tUFM5dVI0YnlweEhwNXpNalJJRnRLbW04a2RSUVNRR1phR0UzNHZlbXVmMGtwbWZLTTZiUnRmcGNlVWpaOHRFZkZ5R3lKbTMwMExXQzBXMl9rOVV4dmlxRDlOQjFfVVRoRHBhZmI2eHR2VWV3NlE?oc=5\" target=\"_blank\" rel=\"nofollow noopener\">Saeima noraida Nacion\u0101l\u0101s apvien\u012bbas pras\u012bto premjeres Sili\u0146as demisiju saist\u012bb\u0101 ar krievu valodu LSM<\/a>&nbsp;&nbsp;LSM<\/li>\n<li><a href=\"https:\/\/news.google.com\/rss\/articles\/CBMilgFBVV95cUxPSzd3cDNLU1dUWlZsaFdhdjRuVmpYNmJEUWN5SkxXOGJBTDlYT0tnOFZQWnNtVjUtaTk2cG5UYTAyS0FmUkxfWVhvNmlIZzUtYVVITlEtZ3pMemJSeHVac1JwdWpxQjhCUXZwV0pQMGxzRFJBY042SmFfT3hNcW9CdTJTSFp6c1FfLWVuSy1jeV85S3BVT0E?oc=5\" target=\"_blank\" rel=\"nofollow noopener\">Ministru prezidente Saeim\u0101 iztur k\u0101rt\u0113jo neuztic\u012bbas balsojumu<\/a>&nbsp;&nbsp;TVNET<\/li>\n<li><a href=\"https:\/\/news.google.com\/rss\/articles\/CBMiXEFVX3lxTE1TcXVWQmY4NWxhX3NKdUtlYk11VGJKS01sNzVQODFfSFhKdjZ4eTVMY1oyOWgySkJHUWExX2JzaDZyMC1NQllGOFRiVzk1ZDNiTnk2MHV1LUJ4MkFn?oc=5\" target=\"_blank\" rel=\"nofollow noopener\">Zivs p\u016bst no galvas<\/a>&nbsp;&nbsp;Pietiek.com<\/li>\n<li><a href=\"https:\/\/news.google.com\/rss\/articles\/CBMilgFBVV95cUxPNWJtOTdUNFJJa01GVXM4LVNmZnU3RjZndkxaN0NNREhhdm43ZGRYOVlwczRpWFdMbmx3MGpBOUQ1V3F5X1ZpdzRTMUdMeFJUVFVhN191bk1rX1dfcUcyR3lXZlN4MkpTRHRzaVl6R3VES0FFb0FCLUxGY3hmREVyMXowZFFUMWZNTzhMNjc5YlFnWlJraWc?oc=5\" target=\"_blank\" rel=\"nofollow noopener\">Saeima \u0161odien apspried\u012bs jaut\u0101jumu par neuztic\u012bbas izteik\u0161anu Sili\u0146ai<\/a>&nbsp;&nbsp;NRA<\/li>\n<\/ol>\n","protected":false},"excerpt":{"rendered":"Sili\u0146a Saeim\u0101 iztur Nacion\u0101l\u0101s apvien\u012bbas inici\u0113to neuztic\u012bbas balsojumu&nbsp;&nbsp;1188.lv Saeima noraida Nacion\u0101l\u0101s apvien\u012bbas pras\u012bto premjeres Sili\u0146as demisiju saist\u012bb\u0101 ar&hellip;\n","protected":false},"author":2,"featured_media":105823,"comment_status":"","ping_status":"","sticky":false,"template":"","format":"standard","meta":{"footnotes":""},"categories":[12],"tags":[129,25326,2845,4004,1209,23,28,29,32,33,22,30,31,35,39,38,36,37,34,40,20,26,27,2846,25327,1210,4005,2847,25328,1211,4006,24,25,21],"class_list":{"0":"post-105822","1":"post","2":"type-post","3":"status-publish","4":"format-standard","5":"has-post-thumbnail","7":"category-latvija","8":"tag-__typenameadvicekeyword","9":"tag-id1004","10":"tag-id1099","11":"tag-id575","12":"tag-id824","13":"tag-aktualitates","14":"tag-breaking-news","15":"tag-breakingnews","16":"tag-featured-news","17":"tag-featurednews","18":"tag-headlines","19":"tag-latest-news","20":"tag-latestnews","21":"tag-latvia","22":"tag-latvian","23":"tag-latviesu","24":"tag-latviesu-valoda","25":"tag-latviesuvaloda","26":"tag-latvija","27":"tag-lv","28":"tag-news","29":"tag-popularakas-zinas","30":"tag-popularakaszinas","31":"tag-slugevika-silina","32":"tag-slugnacionala-apvieniba-na","33":"tag-slugpolitika","34":"tag-slugsaeima","35":"tag-titleevika-silina","36":"tag-titlenacionala-apvieniba-na","37":"tag-titlepolitika","38":"tag-titlesaeima","39":"tag-top-stories","40":"tag-topstories","41":"tag-zinas"},"share_on_mastodon":{"url":"","error":"Validation failed: Text character limit of 500 exceeded"},"_links":{"self":[{"href":"https:\/\/www.europesays.com\/lv\/wp-json\/wp\/v2\/posts\/105822","targetHints":{"allow":["GET"]}}],"collection":[{"href":"https:\/\/www.europesays.com\/lv\/wp-json\/wp\/v2\/posts"}],"about":[{"href":"https:\/\/www.europesays.com\/lv\/wp-json\/wp\/v2\/types\/post"}],"author":[{"embeddable":true,"href":"https:\/\/www.europesays.com\/lv\/wp-json\/wp\/v2\/users\/2"}],"replies":[{"embeddable":true,"href":"https:\/\/www.europesays.com\/lv\/wp-json\/wp\/v2\/comments?post=105822"}],"version-history":[{"count":0,"href":"https:\/\/www.europesays.com\/lv\/wp-json\/wp\/v2\/posts\/105822\/revisions"}],"wp:featuredmedia":[{"embeddable":true,"href":"https:\/\/www.europesays.com\/lv\/wp-json\/wp\/v2\/media\/105823"}],"wp:attachment":[{"href":"https:\/\/www.europesays.com\/lv\/wp-json\/wp\/v2\/media?parent=105822"}],"wp:term":[{"taxonomy":"category","embeddable":true,"href":"https:\/\/www.europesays.com\/lv\/wp-json\/wp\/v2\/categories?post=105822"},{"taxonomy":"post_tag","embeddable":true,"href":"https:\/\/www.europesays.com\/lv\/wp-json\/wp\/v2\/tags?post=105822"}],"curies":[{"name":"wp","href":"https:\/\/api.w.org\/{rel}","templated":true}]}}