{"id":105834,"date":"2026-01-15T19:12:08","date_gmt":"2026-01-15T19:12:08","guid":{"rendered":"https:\/\/www.europesays.com\/lv\/105834\/"},"modified":"2026-01-15T19:12:08","modified_gmt":"2026-01-15T19:12:08","slug":"dailslidotajs-vasiljevs-vilies-par-tiesnesu-vertejumu-bet-ieklust-ec-izveles-programma","status":"publish","type":"post","link":"https:\/\/www.europesays.com\/lv\/105834\/","title":{"rendered":"Dai\u013cslidot\u0101js Vasi\u013cjevs v\u012blies par tiesne\u0161u v\u0113rt\u0113jumu, bet iek\u013c\u016bst E\u010c izv\u0113les programm\u0101"},"content":{"rendered":"<p>Latvijas sportists Deniss Vasi\u013cjev ceturtdien \u0160ef\u012bld\u0101 Eiropas \u010dempion\u0101t\u0101 dai\u013cslido\u0161an\u0101 p\u0113c \u012bs\u0101s programmas atrodas dev\u012btaj\u0101 viet\u0101, bet Fedirs Ku\u013ci\u0161s sasniedza 16. lab\u0101ko rezult\u0101tu, abiem Latvijas p\u0101rst\u0101vjiem kvalific\u0113joties izv\u0113les programmai.<\/p>\n<p class=\"m-0\">Seko &#8220;Delfi&#8221; ar\u012b  <a target=\"_blank\" href=\"https:\/\/www.instagram.com\/delfi.lv\/\" rel=\"nofollow noopener\">Instagram<\/a>  un <a target=\"_blank\" href=\"https:\/\/www.youtube.com\/channel\/UCw5foWtcJvAbUm64rv7jwUQ\" rel=\"nofollow noopener\">YouTube<\/a>  profil\u0101 \u2013 pievienojies, lai uzzin\u0101tu svar\u012bg\u0101ko un interesant\u0101ko pirmais!<\/p>\n<p>Publik\u0101cijas saturs vai t\u0101s jebk\u0101da apjoma da\u013ca ir aizsarg\u0101ts autorties\u012bbu objekts Autorties\u012bbu likuma izpratn\u0113, un t\u0101 izmanto\u0161ana bez izdev\u0113ja at\u013caujas ir aizliegta. Vair\u0101k lasi  <a target=\"_blank\" href=\"https:\/\/www.delfi.lv\/noteikumi#autortiesibas\" rel=\"nofollow noopener\">\u0161eit<\/a><script async src=\"\/\/www.instagram.com\/embed.js\"><\/script><\/p>\n","protected":false},"excerpt":{"rendered":"Latvijas sportists Deniss Vasi\u013cjev ceturtdien \u0160ef\u012bld\u0101 Eiropas \u010dempion\u0101t\u0101 dai\u013cslido\u0161an\u0101 p\u0113c \u012bs\u0101s programmas atrodas dev\u012btaj\u0101 viet\u0101, bet Fedirs Ku\u013ci\u0161s&hellip;\n","protected":false},"author":2,"featured_media":105835,"comment_status":"","ping_status":"","sticky":false,"template":"","format":"standard","meta":{"footnotes":""},"categories":[5],"tags":[23,28,29,1295,1294,32,33,22,30,31,35,39,38,36,37,34,40,20,26,27,24,25,21],"class_list":{"0":"post-105834","1":"post","2":"type-post","3":"status-publish","4":"format-standard","5":"has-post-thumbnail","7":"category-aktualitates","8":"tag-aktualitates","9":"tag-breaking-news","10":"tag-breakingnews","11":"tag-dailslidosana","12":"tag-deniss-vasiljevs","13":"tag-featured-news","14":"tag-featurednews","15":"tag-headlines","16":"tag-latest-news","17":"tag-latestnews","18":"tag-latvia","19":"tag-latvian","20":"tag-latviesu","21":"tag-latviesu-valoda","22":"tag-latviesuvaloda","23":"tag-latvija","24":"tag-lv","25":"tag-news","26":"tag-popularakas-zinas","27":"tag-popularakaszinas","28":"tag-top-stories","29":"tag-topstories","30":"tag-zinas"},"share_on_mastodon":{"url":"https:\/\/pubeurope.com\/@lv\/115900707227657071","error":""},"_links":{"self":[{"href":"https:\/\/www.europesays.com\/lv\/wp-json\/wp\/v2\/posts\/105834","targetHints":{"allow":["GET"]}}],"collection":[{"href":"https:\/\/www.europesays.com\/lv\/wp-json\/wp\/v2\/posts"}],"about":[{"href":"https:\/\/www.europesays.com\/lv\/wp-json\/wp\/v2\/types\/post"}],"author":[{"embeddable":true,"href":"https:\/\/www.europesays.com\/lv\/wp-json\/wp\/v2\/users\/2"}],"replies":[{"embeddable":true,"href":"https:\/\/www.europesays.com\/lv\/wp-json\/wp\/v2\/comments?post=105834"}],"version-history":[{"count":0,"href":"https:\/\/www.europesays.com\/lv\/wp-json\/wp\/v2\/posts\/105834\/revisions"}],"wp:featuredmedia":[{"embeddable":true,"href":"https:\/\/www.europesays.com\/lv\/wp-json\/wp\/v2\/media\/105835"}],"wp:attachment":[{"href":"https:\/\/www.europesays.com\/lv\/wp-json\/wp\/v2\/media?parent=105834"}],"wp:term":[{"taxonomy":"category","embeddable":true,"href":"https:\/\/www.europesays.com\/lv\/wp-json\/wp\/v2\/categories?post=105834"},{"taxonomy":"post_tag","embeddable":true,"href":"https:\/\/www.europesays.com\/lv\/wp-json\/wp\/v2\/tags?post=105834"}],"curies":[{"name":"wp","href":"https:\/\/api.w.org\/{rel}","templated":true}]}}