{"id":105838,"date":"2026-01-15T19:16:11","date_gmt":"2026-01-15T19:16:11","guid":{"rendered":"https:\/\/www.europesays.com\/lv\/105838\/"},"modified":"2026-01-15T19:16:11","modified_gmt":"2026-01-15T19:16:11","slug":"mierina-uzsver-ka-eiropai-nedrikst-pieverst-mazaku-uzmanibu-ukrainas-zinam-lente-lv-2","status":"publish","type":"post","link":"https:\/\/www.europesays.com\/lv\/105838\/","title":{"rendered":"Mieri\u0146a uzsver, ka Eiropai nedr\u012bkst piev\u0113rst maz\u0101ku uzman\u012bbu Ukrainas zi\u0146\u0101m\u00a0\u2014\u00a0Lente.lv"},"content":{"rendered":"<p>Saeimas priek\u0161s\u0113d\u0113t\u0101jas viz\u012bte Kijiv\u0101 un aicin\u0101jums neignor\u0113t Ukrainas realit\u0101ti<\/p>\n<p>Saeimas priek\u0161s\u0113d\u0113t\u0101ja Daiga Mieri\u0146a ir uzsv\u0113rusi nepie\u013caujam\u012bbu situ\u0101cij\u0101, kad Eirop\u0101 zi\u0146as par Ukrainu tiek atst\u0101tas nov\u0101rt\u0101. \u0160is aicin\u0101jums izskan\u0113jis vi\u0146as viz\u012btes laik\u0101 Kijiv\u0101, kur vi\u0146a vad\u012bja Latvijas parlament\u0101rie\u0161u deleg\u0101ciju. Mieri\u0146a nor\u0101d\u012bja, ka tie\u0161i aukstajos ziemas m\u0113ne\u0161os Ukrainas tauta joproj\u0101m piedz\u012bvo smagus uzbrukumus, kas atst\u0101j t\u016bksto\u0161iem cilv\u0113ku bez elektroener\u0123ijas, \u016bdens un siltuma. Vi\u0146a akcent\u0113ja, ka katra starptautisku l\u012bderu viz\u012bte Ukrain\u0101 ir svar\u012bgs apliecin\u0101jums ukrai\u0146iem, ka vi\u0146i nav vieni un tiek dar\u012bts viss, lai pan\u0101ktu taisn\u012bgu mieru. \u0160\u012b viz\u012bte ir k\u013cuvusi par trad\u012bciju, apliecinot konsekventu Latvijas atbalstu kara plos\u012btajai valstij.<\/p>\n<p>Eiropas Savien\u012bbas pla\u0161ais finansi\u0101lais atbalsts Ukrainai<\/p>\n<p>Tikm\u0113r Eiropas Komisija ir n\u0101kusi klaj\u0101 ar jaunu finansi\u0101l\u0101 atbalsta paketi Ukrainai 2026. un 2027. gad\u0101. \u0160\u012b pakete paredz pie\u0161\u0137irt 90 miljardus eiro, no kuriem 60 miljardi eiro tiks novirz\u012bti milit\u0101raj\u0101m vajadz\u012bb\u0101m, bet atliku\u0161ie 30 miljardi eiro \u2013 visp\u0101r\u0113jam bud\u017eeta atbalstam. \u0160is l\u0113mums ir atbilde uz Eiropadomes ap\u0146em\u0161anos risin\u0101t Ukrainas turpm\u0101k\u0101s bud\u017eeta un aizsardz\u012bbas vajadz\u012bbas, rea\u0123\u0113jot uz Krievijas agresijas kara rad\u012bto spiedienu. Pl\u0101nots, ka finans\u0113jums nodro\u0161in\u0101s stabilu un paredzamu finans\u0113jumu, stiprinot Ukrainas notur\u012bbu un veicinot t\u0101s integr\u0101ciju Eiropas aizsardz\u012bbas industri\u0101laj\u0101 b\u0101z\u0113. Eiropas Komisijas prezidente Urzula fon der Leiena uzsv\u0113rusi, ka Ukrainai ir j\u0101b\u016bt sp\u0113c\u012bgai, lai pan\u0101ktu mieru. Finans\u0113jums tiks struktur\u0113ts div\u0101s da\u013c\u0101s, paredzot ar\u012b iesp\u0113ju izmantot iesald\u0113tos Krievijas akt\u012bvus.<\/p>\n<p>Latvijas un Ukrainas divpus\u0113j\u0101s attiec\u012bbas un atbalsts<\/p>\n<p>Latvija ir viena no pirmaj\u0101m valst\u012bm, kas sniegusi Ukrainai pla\u0161u atbalstu kop\u0161 Krievijas pilna m\u0113roga iebrukuma s\u0101kuma 2022. gad\u0101. Latvija turpina sniegt milit\u0101ro, hum\u0101no un finansi\u0101lo pal\u012bdz\u012bbu, k\u0101 ar\u012b dod patv\u0113rumu Ukrainas civiliedz\u012bvot\u0101jiem. Saska\u0146\u0101 ar jaun\u0101kajiem datiem, Latvija p\u0113rn Ukrainas milit\u0101rajam atbalstam atv\u0113l\u0113jusi aptuveni 0,3% no iek\u0161zemes kopprodukta (IKP), p\u0101rsniedzot s\u0101kotn\u0113ji noteikto 0,25% no IKP apm\u0113ru. Papildus tam Latvija ar\u012b akt\u012bvi iesaist\u0101s Ukrainas atjauno\u0161anas projektos un sniedz atbalstu latvie\u0161u valodas apguvei Ukrainas civiliedz\u012bvot\u0101jiem Latvij\u0101. Saeimas deleg\u0101cijas viz\u012btes Ukrain\u0101, kas notiek janv\u0101r\u012b, k\u013cuvu\u0161as par trad\u012bciju, apliecinot Latvijas nelok\u0101mo atbalstu un solidarit\u0101ti.<\/p>\n<p>Ukrainas dro\u0161\u012bbas un integr\u0101cijas perspekt\u012bvas Eirop\u0101<\/p>\n<p>Saeimas priek\u0161s\u0113d\u0113t\u0101ja Daiga Mieri\u0146a ir paudusi p\u0101rliec\u012bbu, ka Ukrainai ir j\u0101iek\u013caujas Eiropas Savien\u012bb\u0101 un NATO, lai nodro\u0161in\u0101tu t\u0101s ilgtermi\u0146a dro\u0161\u012bbu un stiprin\u0101tu Eiropas aizsardz\u012bbas sp\u0113jas. Vi\u0146a uzsv\u0113ra, ka Krievijas agresijas draudi nebeigsies ar Ukrainas uzvaru, t\u0101p\u0113c ir nepiecie\u0161ama ilgtermi\u0146a pieeja br\u012bv\u0101s pasaules dro\u0161\u012bbas stiprin\u0101\u0161anai. Latvijas nost\u0101ja ir skaidra \u2013 Ukraina ir j\u0101atbalsta milit\u0101ri un politiski, veicinot t\u0101s integr\u0101ciju Eiropas un transatlantiskaj\u0101s strukt\u016br\u0101s. Tiek uzsv\u0113rts, ka Ukrainas n\u0101kotne Eirop\u0101 ir ar\u012b Latvijas interese un atbild\u012bba.<\/p>\n<p>Eiropas vad\u012bba miera proces\u0101 un valsts atjauno\u0161an\u0101<\/p>\n<p>Mieri\u0146a uzsv\u0113rusi, ka Eiropai \u0161obr\u012bd ir j\u0101uz\u0146emas vado\u0161\u0101 loma Ukrainas miera proces\u0101 un t\u0101s rekonstrukcij\u0101. Vi\u0146a nor\u0101d\u012bja, ka kar\u0161 ir non\u0101cis iz\u0161\u0137iro\u0161\u0101 f\u0101z\u0113 un Eiropai ir j\u0101mobiliz\u0113 visi sp\u0113ki un resursi, lai pan\u0101ktu taisn\u012bgu mieru un neatst\u0101tu Ukrainas neatkar\u012bbu par tirgo\u0161an\u0101s elementu lielvaru rok\u0101s. Tiek uzsv\u0113rts, ka atbalstam j\u0101b\u016bt elast\u012bgam un tas nedr\u012bkst kav\u0113ties Eiropas Savien\u012bbas birokr\u0101tijas d\u0113\u013c. V\u0113st\u012bjums ir skaidrs: Eiropa ir gana sp\u0113c\u012bga, lai turpin\u0101tu atbalstu Ukrainai, pat ja citi izv\u0113l\u0113tos to nedar\u012bt. Ir nepiecie\u0161ama politisk\u0101 griba un r\u012bc\u012bba, lai pan\u0101ktu agresora finan\u0161u l\u012bdzek\u013cu konfisk\u0101ciju, nevis tikai iesald\u0113\u0161anu.<\/p>\n","protected":false},"excerpt":{"rendered":"Saeimas priek\u0161s\u0113d\u0113t\u0101jas viz\u012bte Kijiv\u0101 un aicin\u0101jums neignor\u0113t Ukrainas realit\u0101ti Saeimas priek\u0161s\u0113d\u0113t\u0101ja Daiga Mieri\u0146a ir uzsv\u0113rusi nepie\u013caujam\u012bbu situ\u0101cij\u0101, kad&hellip;\n","protected":false},"author":2,"featured_media":105778,"comment_status":"","ping_status":"","sticky":false,"template":"","format":"standard","meta":{"footnotes":""},"categories":[14],"tags":[23,57,7134,28,29,3524,514,32,33,22,3131,30,31,35,39,38,36,37,34,40,20,26,27,24,25,276,54,55,56,21,58],"class_list":{"0":"post-105838","1":"post","2":"type-post","3":"status-publish","4":"format-standard","5":"has-post-thumbnail","7":"category-zinas-no-arvalstim","8":"tag-aktualitates","9":"tag-arvalstim","10":"tag-atbalsts","11":"tag-breaking-news","12":"tag-breakingnews","13":"tag-daiga-mierina","14":"tag-eiropas-savieniba","15":"tag-featured-news","16":"tag-featurednews","17":"tag-headlines","18":"tag-kars","19":"tag-latest-news","20":"tag-latestnews","21":"tag-latvia","22":"tag-latvian","23":"tag-latviesu","24":"tag-latviesu-valoda","25":"tag-latviesuvaloda","26":"tag-latvija","27":"tag-lv","28":"tag-news","29":"tag-popularakas-zinas","30":"tag-popularakaszinas","31":"tag-top-stories","32":"tag-topstories","33":"tag-ukraina","34":"tag-world","35":"tag-world-news","36":"tag-worldnews","37":"tag-zinas","38":"tag-zinas-no-arvalstim"},"share_on_mastodon":{"url":"https:\/\/pubeurope.com\/@lv\/115900722900983038","error":""},"_links":{"self":[{"href":"https:\/\/www.europesays.com\/lv\/wp-json\/wp\/v2\/posts\/105838","targetHints":{"allow":["GET"]}}],"collection":[{"href":"https:\/\/www.europesays.com\/lv\/wp-json\/wp\/v2\/posts"}],"about":[{"href":"https:\/\/www.europesays.com\/lv\/wp-json\/wp\/v2\/types\/post"}],"author":[{"embeddable":true,"href":"https:\/\/www.europesays.com\/lv\/wp-json\/wp\/v2\/users\/2"}],"replies":[{"embeddable":true,"href":"https:\/\/www.europesays.com\/lv\/wp-json\/wp\/v2\/comments?post=105838"}],"version-history":[{"count":0,"href":"https:\/\/www.europesays.com\/lv\/wp-json\/wp\/v2\/posts\/105838\/revisions"}],"wp:featuredmedia":[{"embeddable":true,"href":"https:\/\/www.europesays.com\/lv\/wp-json\/wp\/v2\/media\/105778"}],"wp:attachment":[{"href":"https:\/\/www.europesays.com\/lv\/wp-json\/wp\/v2\/media?parent=105838"}],"wp:term":[{"taxonomy":"category","embeddable":true,"href":"https:\/\/www.europesays.com\/lv\/wp-json\/wp\/v2\/categories?post=105838"},{"taxonomy":"post_tag","embeddable":true,"href":"https:\/\/www.europesays.com\/lv\/wp-json\/wp\/v2\/tags?post=105838"}],"curies":[{"name":"wp","href":"https:\/\/api.w.org\/{rel}","templated":true}]}}