{"id":105840,"date":"2026-01-15T19:22:07","date_gmt":"2026-01-15T19:22:07","guid":{"rendered":"https:\/\/www.europesays.com\/lv\/105840\/"},"modified":"2026-01-15T19:22:07","modified_gmt":"2026-01-15T19:22:07","slug":"atri-izbeigsu-balaganu-tramps-draud-aktivizet-reti-izmantotu-likumu-reagejot-uz-protestiem-mineapole","status":"publish","type":"post","link":"https:\/\/www.europesays.com\/lv\/105840\/","title":{"rendered":"&#8220;\u0100tri izbeig\u0161u balag\u0101nu.&#8221; Tramps draud aktiviz\u0113t reti izmantotu likumu, rea\u0123\u0113jot uz protestiem Mineapol\u0113"},"content":{"rendered":"<p>&#8220;Es aktiviz\u0113\u0161u Likumu par sacel\u0161anos, ko pirms manis ir dar\u012bju\u0161i daudzi prezidenti, un \u0101tri izbeig\u0161u balag\u0101nu, kas notiek \u0161aj\u0101 savulaik di\u017eaj\u0101 \u0161tat\u0101,&#8221; ceturtdien platform\u0101 &#8220;Truth Social&#8221; br\u012bdin\u0101ja Tramps.<\/p>\n<p>\u0160is reti izmantotais likums \u013cauj vald\u012bbai izvietot karav\u012brus ties\u012bbaizsardz\u012bbas nol\u016bkos.<\/p>\n<p>Tre\u0161dien ICE a\u0123ents Mineapol\u0113 sa\u0161\u0101va k\u0101du v\u012brieti, kas m\u0113\u0123in\u0101ja uzbrukt a\u0123entam, izraisot jaunus protestus.<\/p>\n<p>Ned\u0113\u013cas laik\u0101 t\u0101 ir jau otr\u0101 reize, kad ICE a\u0123enti Mineapol\u0113 k\u0101du sa\u0161auj.<\/p>\n<p>7. janv\u0101r\u012b ICE a\u0123ents D\u017eonatans Ross no\u0161\u0101va Gudu, kas ar savu automa\u0161\u012bnu m\u0113\u0123in\u0101ja uzbraukt a\u0123entam.<\/p>\n<p>Gudas no\u0161au\u0161ana izrais\u012bja protestus gan Mineapol\u0113, gan daudz\u0101s cit\u0101s <a href=\"https:\/\/www.tvnet.lv\/term\/555410\/asv\" class=\"topicLink\" target=\"_blank\" rel=\"nofollow noopener\">ASV<\/a> pils\u0113t\u0101s.<\/p>\n<p>P\u0113d\u0113jo reizi Likums par sacel\u0161anos tika aktiviz\u0113ts 1992. gad\u0101.<\/p>\n<p>Prezidents D\u017eord\u017es Bu\u0161s to dar\u012bja, atsaucoties Kalifornijas gubernatora l\u016bgumam, Losand\u017eelosu tolaik p\u0101r\u0146\u0113mu\u0161o pla\u0161o un vardarb\u012bgo nek\u0101rt\u012bbu d\u0113\u013c.<\/p>\n","protected":false},"excerpt":{"rendered":"&#8220;Es aktiviz\u0113\u0161u Likumu par sacel\u0161anos, ko pirms manis ir dar\u012bju\u0161i daudzi prezidenti, un \u0101tri izbeig\u0161u balag\u0101nu, kas notiek&hellip;\n","protected":false},"author":2,"featured_media":105841,"comment_status":"","ping_status":"","sticky":false,"template":"","format":"standard","meta":{"footnotes":""},"categories":[14],"tags":[23,57,292,28,29,542,32,33,22,30,31,35,39,38,36,37,34,40,20,26,27,4204,24,25,54,55,56,21,58],"class_list":{"0":"post-105840","1":"post","2":"type-post","3":"status-publish","4":"format-standard","5":"has-post-thumbnail","7":"category-zinas-no-arvalstim","8":"tag-aktualitates","9":"tag-arvalstim","10":"tag-asv","11":"tag-breaking-news","12":"tag-breakingnews","13":"tag-donalds-tramps","14":"tag-featured-news","15":"tag-featurednews","16":"tag-headlines","17":"tag-latest-news","18":"tag-latestnews","19":"tag-latvia","20":"tag-latvian","21":"tag-latviesu","22":"tag-latviesu-valoda","23":"tag-latviesuvaloda","24":"tag-latvija","25":"tag-lv","26":"tag-news","27":"tag-popularakas-zinas","28":"tag-popularakaszinas","29":"tag-protesti","30":"tag-top-stories","31":"tag-topstories","32":"tag-world","33":"tag-world-news","34":"tag-worldnews","35":"tag-zinas","36":"tag-zinas-no-arvalstim"},"share_on_mastodon":{"url":"https:\/\/pubeurope.com\/@lv\/115900746494658285","error":""},"_links":{"self":[{"href":"https:\/\/www.europesays.com\/lv\/wp-json\/wp\/v2\/posts\/105840","targetHints":{"allow":["GET"]}}],"collection":[{"href":"https:\/\/www.europesays.com\/lv\/wp-json\/wp\/v2\/posts"}],"about":[{"href":"https:\/\/www.europesays.com\/lv\/wp-json\/wp\/v2\/types\/post"}],"author":[{"embeddable":true,"href":"https:\/\/www.europesays.com\/lv\/wp-json\/wp\/v2\/users\/2"}],"replies":[{"embeddable":true,"href":"https:\/\/www.europesays.com\/lv\/wp-json\/wp\/v2\/comments?post=105840"}],"version-history":[{"count":0,"href":"https:\/\/www.europesays.com\/lv\/wp-json\/wp\/v2\/posts\/105840\/revisions"}],"wp:featuredmedia":[{"embeddable":true,"href":"https:\/\/www.europesays.com\/lv\/wp-json\/wp\/v2\/media\/105841"}],"wp:attachment":[{"href":"https:\/\/www.europesays.com\/lv\/wp-json\/wp\/v2\/media?parent=105840"}],"wp:term":[{"taxonomy":"category","embeddable":true,"href":"https:\/\/www.europesays.com\/lv\/wp-json\/wp\/v2\/categories?post=105840"},{"taxonomy":"post_tag","embeddable":true,"href":"https:\/\/www.europesays.com\/lv\/wp-json\/wp\/v2\/tags?post=105840"}],"curies":[{"name":"wp","href":"https:\/\/api.w.org\/{rel}","templated":true}]}}