{"id":105846,"date":"2026-01-15T19:38:08","date_gmt":"2026-01-15T19:38:08","guid":{"rendered":"https:\/\/www.europesays.com\/lv\/105846\/"},"modified":"2026-01-15T19:38:08","modified_gmt":"2026-01-15T19:38:08","slug":"cesis-notiks-baltija-lielakais-veteranu-basketbola-turnirs","status":"publish","type":"post","link":"https:\/\/www.europesays.com\/lv\/105846\/","title":{"rendered":"C\u0113s\u012bs notiks Baltij\u0101 liel\u0101kais veter\u0101nu basketbola turn\u012brs"},"content":{"rendered":"<p>Pirmaj\u0101 &#8220;Cesis Basket Cup&#8221; turn\u012br\u0101 piedal\u012bj\u0101s 27 komandas no septi\u0146\u0101m valst\u012bm. Organizatori secin\u0101ja, ka ar gadalaika izv\u0113li un norises laiku ir tr\u0101p\u012bts desmitniek\u0101. \u0160ogad notiks jau astotais turn\u012brs, kur\u0161 sol\u0101s b\u016bt visu laiku iespaid\u012bg\u0101kais komandu un dal\u012bbvalstu skaita zi\u0146\u0101. \u0160ogad &#8220;Cesis Basket Cup&#8221; piedal\u012bsies 63 komandas no 11 valst\u012bm, esot liel\u0101kajam veter\u0101nu turn\u012bram Baltijas valst\u012bs un vienam no liel\u0101kajiem turn\u012briem ar\u012b Eiropas m\u0113rog\u0101.<\/p>\n<p>Jau ierasti sacens\u012bbas notiks ned\u0113\u013cas nogal\u0113 tr\u012bs dienu garum\u0101, at\u0161\u0137iroties no ierastajiem Eiropas liela m\u0113roga Maksibasketbola jeb veter\u0101nu basketbola turn\u012briem, kuru norise nereti notiek ned\u0113\u013cu l\u012bdz pat 10 dien\u0101m. Secin\u0101ts, ka ned\u0113\u013cas nogales turn\u012brs veter\u0101nu sportistiem pat\u012bk lab\u0101k, jo nav daudz j\u0101kav\u0113 savu darbi un j\u0101at\u0146em laiks \u0123imenei.<\/p>\n<p>\u0160ogad turn\u012br\u0101 start\u0113s komandas \u010detr\u0101s vecumgrup\u0101s sieviet\u0113m (30+, 40+, 50+, 60+), k\u0101 ar\u012b \u010detr\u0101s vecumgrup\u0101s v\u012brie\u0161iem (35+, 45+, 55+, 60+). No sp\u0113l\u0113m br\u012bvaj\u0101 laik\u0101 turn\u012bra dal\u012bbnieki var\u0113s nodoties gan ziemas priekiem, gan izbaud\u012bt SPA proced\u016bras un citas C\u0113su sniegt\u0101s atp\u016btas iesp\u0113jas.<\/p>\n<p>Rado\u0161ums un viesm\u012bl\u012bba ir turn\u012bra kvalit\u0101tes z\u012bmes, ko nov\u0113rt\u0113 gan dal\u012bbnieki, gan l\u012bdzjut\u0113ji. Paredzams, ka liela da\u013ca no &#8220;Cesis Basket Cup&#8221; komand\u0101m augusta vid\u016b start\u0113s ar\u012b Alfr\u0113da Krauk\u013ca piemi\u0146as basketbola turn\u012br\u0101 (AKCUP) R\u012bg\u0101, t\u0101p\u0113c komandu dal\u012bbniekiem b\u016bs interesanti sal\u012bdzin\u0101t savu sniegumu ziemas aukstum\u0101 un vasaras karstum\u0101.<\/p>\n","protected":false},"excerpt":{"rendered":"Pirmaj\u0101 &#8220;Cesis Basket Cup&#8221; turn\u012br\u0101 piedal\u012bj\u0101s 27 komandas no septi\u0146\u0101m valst\u012bm. Organizatori secin\u0101ja, ka ar gadalaika izv\u0113li un&hellip;\n","protected":false},"author":2,"featured_media":105847,"comment_status":"","ping_status":"","sticky":false,"template":"","format":"standard","meta":{"footnotes":""},"categories":[17],"tags":[145,144,906,35,39,38,36,37,34,40,67],"class_list":{"0":"post-105846","1":"post","2":"type-post","3":"status-publish","4":"format-standard","5":"has-post-thumbnail","7":"category-sports","8":"tag-basketbols","9":"tag-basketbols-latvija","10":"tag-cesis","11":"tag-latvia","12":"tag-latvian","13":"tag-latviesu","14":"tag-latviesu-valoda","15":"tag-latviesuvaloda","16":"tag-latvija","17":"tag-lv","18":"tag-sports"},"share_on_mastodon":{"url":"https:\/\/pubeurope.com\/@lv\/115900809350455004","error":""},"_links":{"self":[{"href":"https:\/\/www.europesays.com\/lv\/wp-json\/wp\/v2\/posts\/105846","targetHints":{"allow":["GET"]}}],"collection":[{"href":"https:\/\/www.europesays.com\/lv\/wp-json\/wp\/v2\/posts"}],"about":[{"href":"https:\/\/www.europesays.com\/lv\/wp-json\/wp\/v2\/types\/post"}],"author":[{"embeddable":true,"href":"https:\/\/www.europesays.com\/lv\/wp-json\/wp\/v2\/users\/2"}],"replies":[{"embeddable":true,"href":"https:\/\/www.europesays.com\/lv\/wp-json\/wp\/v2\/comments?post=105846"}],"version-history":[{"count":0,"href":"https:\/\/www.europesays.com\/lv\/wp-json\/wp\/v2\/posts\/105846\/revisions"}],"wp:featuredmedia":[{"embeddable":true,"href":"https:\/\/www.europesays.com\/lv\/wp-json\/wp\/v2\/media\/105847"}],"wp:attachment":[{"href":"https:\/\/www.europesays.com\/lv\/wp-json\/wp\/v2\/media?parent=105846"}],"wp:term":[{"taxonomy":"category","embeddable":true,"href":"https:\/\/www.europesays.com\/lv\/wp-json\/wp\/v2\/categories?post=105846"},{"taxonomy":"post_tag","embeddable":true,"href":"https:\/\/www.europesays.com\/lv\/wp-json\/wp\/v2\/tags?post=105846"}],"curies":[{"name":"wp","href":"https:\/\/api.w.org\/{rel}","templated":true}]}}