{"id":105848,"date":"2026-01-15T19:40:07","date_gmt":"2026-01-15T19:40:07","guid":{"rendered":"https:\/\/www.europesays.com\/lv\/105848\/"},"modified":"2026-01-15T19:40:07","modified_gmt":"2026-01-15T19:40:07","slug":"foto-%e2%9f%a9-niderlandes-pilseta-utrehta-nograndis-spradziens-cetri-ievainotie","status":"publish","type":"post","link":"https:\/\/www.europesays.com\/lv\/105848\/","title":{"rendered":"FOTO \u27e9 N\u012bderlandes pils\u0113t\u0101 Utreht\u0101 nograndis spr\u0101dziens; \u010detri ievainotie"},"content":{"rendered":"<p>&#8220;P\u0113c spr\u0101dziena sabruka vair\u0101kas \u0113kas. \u010cetri cilv\u0113ki tika ievainoti. Vi\u0146i nog\u0101d\u0101ti neatliekam\u0101s pal\u012bdz\u012bbas slimn\u012bc\u0101,&#8221; teikts viet\u0113j\u0101 neatliekam\u0101s pal\u012bdz\u012bbas dienesta pazi\u0146ojum\u0101.<\/p>\n<p>Pagaid\u0101m nav skaidrs, kas izrais\u012bja spr\u0101dzienu. P\u0113c eksplozijas izrais\u012bjies ugunsgr\u0113ks.<\/p>\n<p>Sabiedrisk\u0101 raidorganiz\u0101cija NOS zi\u0146o, ka, iesp\u0113jams, spr\u0101dzienu izrais\u012bjusi g\u0101zes nopl\u016bde. Dro\u0161\u012bbas dienesta p\u0101rst\u0101vis piebilda, ka tas, \u0161\u0137iet, ir negad\u012bjums, nevis t\u012b\u0161i izrais\u012bts <a href=\"https:\/\/www.apollo.lv\/term\/567141\/spradziens\" class=\"topicLink\" target=\"_blank\" rel=\"nofollow noopener\">spr\u0101dziens<\/a>.<\/p>\n<p>&#8220;Ugunsdz\u0113s\u012bbas dienests pa\u0161laik p\u0113ta, k\u0101 dro\u0161i p\u0101rmekl\u0113t sagruvu\u0161\u0101s un boj\u0101t\u0101s \u0113kas, lai noteiktu, vai taj\u0101s v\u0113l k\u0101ds atrodas,&#8221; pazi\u0146oja varasiest\u0101des.<\/p>\n<p>&#8220;Iesp\u0113jams, ka zem gruve\u0161iem joproj\u0101m atrodas cilv\u0113ki,&#8221; sac\u012bja pils\u0113tas m\u0113re \u0160\u0101rona Deiksma.<\/p>\n<p>Apm\u0113ram simts viet\u0113jo iedz\u012bvot\u0101ju uz\u0146emti net\u0101l\u0101 viesn\u012bc\u0101, kur tiem nodro\u0161in\u0101ta p\u0101rtika un \u016bdens. Pagaid\u0101m vi\u0146i v\u0113l nevar atgriezties m\u0101j\u0101s, zi\u0146o NOS.<\/p>\n<p>&#8220;Es nekad iepriek\u0161 nebiju piedz\u012bvojis zemestr\u012bci, bet visa m\u0101ja dreb\u0113ja: no kreis\u0101s uz labo pusi, turp un atpaka\u013c,&#8221; past\u0101st\u012bja aculieciniece. Vi\u0146a atguvusies no \u0161oka, ta\u010du satraucas par m\u0101j\u0101s paliku\u0161ajiem ka\u0137iem: &#8220;Mani ka\u0137i joproj\u0101m ir iek\u0161\u0101, un tas mani uztrauc. Es ceru, ka vi\u0146i nesaind\u0113sies ar d\u016bmiem.&#8221;<\/p>\n","protected":false},"excerpt":{"rendered":"&#8220;P\u0113c spr\u0101dziena sabruka vair\u0101kas \u0113kas. \u010cetri cilv\u0113ki tika ievainoti. Vi\u0146i nog\u0101d\u0101ti neatliekam\u0101s pal\u012bdz\u012bbas slimn\u012bc\u0101,&#8221; teikts viet\u0113j\u0101 neatliekam\u0101s pal\u012bdz\u012bbas&hellip;\n","protected":false},"author":2,"featured_media":105849,"comment_status":"","ping_status":"","sticky":false,"template":"","format":"standard","meta":{"footnotes":""},"categories":[14],"tags":[23,57,28,29,32,33,22,11861,30,31,35,39,38,36,37,34,40,20,370,26,27,5981,24,25,54,55,56,21,58],"class_list":{"0":"post-105848","1":"post","2":"type-post","3":"status-publish","4":"format-standard","5":"has-post-thumbnail","7":"category-zinas-no-arvalstim","8":"tag-aktualitates","9":"tag-arvalstim","10":"tag-breaking-news","11":"tag-breakingnews","12":"tag-featured-news","13":"tag-featurednews","14":"tag-headlines","15":"tag-ievainotie","16":"tag-latest-news","17":"tag-latestnews","18":"tag-latvia","19":"tag-latvian","20":"tag-latviesu","21":"tag-latviesu-valoda","22":"tag-latviesuvaloda","23":"tag-latvija","24":"tag-lv","25":"tag-news","26":"tag-niderlande","27":"tag-popularakas-zinas","28":"tag-popularakaszinas","29":"tag-spradziens","30":"tag-top-stories","31":"tag-topstories","32":"tag-world","33":"tag-world-news","34":"tag-worldnews","35":"tag-zinas","36":"tag-zinas-no-arvalstim"},"share_on_mastodon":{"url":"https:\/\/pubeurope.com\/@lv\/115900817250177112","error":""},"_links":{"self":[{"href":"https:\/\/www.europesays.com\/lv\/wp-json\/wp\/v2\/posts\/105848","targetHints":{"allow":["GET"]}}],"collection":[{"href":"https:\/\/www.europesays.com\/lv\/wp-json\/wp\/v2\/posts"}],"about":[{"href":"https:\/\/www.europesays.com\/lv\/wp-json\/wp\/v2\/types\/post"}],"author":[{"embeddable":true,"href":"https:\/\/www.europesays.com\/lv\/wp-json\/wp\/v2\/users\/2"}],"replies":[{"embeddable":true,"href":"https:\/\/www.europesays.com\/lv\/wp-json\/wp\/v2\/comments?post=105848"}],"version-history":[{"count":0,"href":"https:\/\/www.europesays.com\/lv\/wp-json\/wp\/v2\/posts\/105848\/revisions"}],"wp:featuredmedia":[{"embeddable":true,"href":"https:\/\/www.europesays.com\/lv\/wp-json\/wp\/v2\/media\/105849"}],"wp:attachment":[{"href":"https:\/\/www.europesays.com\/lv\/wp-json\/wp\/v2\/media?parent=105848"}],"wp:term":[{"taxonomy":"category","embeddable":true,"href":"https:\/\/www.europesays.com\/lv\/wp-json\/wp\/v2\/categories?post=105848"},{"taxonomy":"post_tag","embeddable":true,"href":"https:\/\/www.europesays.com\/lv\/wp-json\/wp\/v2\/tags?post=105848"}],"curies":[{"name":"wp","href":"https:\/\/api.w.org\/{rel}","templated":true}]}}