{"id":105864,"date":"2026-01-15T19:54:10","date_gmt":"2026-01-15T19:54:10","guid":{"rendered":"https:\/\/www.europesays.com\/lv\/105864\/"},"modified":"2026-01-15T19:54:10","modified_gmt":"2026-01-15T19:54:10","slug":"zinas-vieglaja-valoda-15-janvari-raksts","status":"publish","type":"post","link":"https:\/\/www.europesays.com\/lv\/105864\/","title":{"rendered":"Zi\u0146as vieglaj\u0101 valod\u0101 15.\u00a0janv\u0101r\u012b \/ Raksts"},"content":{"rendered":"<p>Zi\u0146as vieglaj\u0101 valod\u0101 15.\u00a0janv\u0101r\u012b<\/p>\n<p>Persijas\u00a0l\u012b\u010da valstis p\u0101rliecina\u00a0Trampu dot Ir\u0101nai iesp\u0113ju\u00a0<\/p>\n<p>Sa\u016bda Ar\u0101bija, Katara un Om\u0101na cen\u0161as p\u0101rliecin\u0101t ASV prezidentu Donaldu Trampu dot Ir\u0101nai iesp\u0113ju pier\u0101d\u012bt, ka tai ir labi nodomi.<\/p>\n<p>Vi\u0146i v\u0113las, lai ASV neuzbruktu Ir\u0101nai, k\u0101 Tramps draud\u0113jis.<\/p>\n<p>To zi\u0146u a\u0123ent\u016brai AFP atkl\u0101jusi k\u0101da Sa\u016bda Ar\u0101bijas amatpersona.<\/p>\n<p>Tre\u0161dien, 14.\u00a0janv\u0101r\u012b, tika p\u0101rcelta da\u013ca person\u0101la no ASV milit\u0101r\u0101s b\u0101zes Katar\u0101.<\/p>\n<p>T\u0101pat ASV darbinieki Sa\u016bda Ar\u0101bij\u0101 un Kuveit\u0101 br\u012bdin\u0101ti b\u016bt piesardz\u012bgi, jo pieaug satraukums par ASV uzbrukumu Ir\u0101nai.<\/p>\n<p>ASV jau vair\u0101kas reizes br\u012bdin\u0101ju\u0161as, ka var\u0113tu milit\u0101ri iejaukties Ir\u0101n\u0101, ja Ir\u0101na apspiestu protestus.<\/p>\n<p>Teher\u0101na tikm\u0113r br\u012bdin\u0101jusi, ka atbild\u0113s ar uzbrukumu ASV milit\u0101rajiem un ku\u0123niec\u012bbas m\u0113r\u0137iem.<\/p>\n<p>Persijas l\u012bc\u012b ir daudz ASV b\u0101zes.<\/p>\n<p>Tramps:\u00a0ASV un Ir\u0101nas attiec\u012bbas \u0161obr\u012bd nepasliktin\u0101s\u00a0<\/p>\n<p>\u0160\u0137iet, ka ASV un Ir\u0101nas attiec\u012bbas \u0161obr\u012bd nepasliktin\u0101s.<\/p>\n<p>T\u0101 pav\u0113st\u012bjis Balt\u0101 nama saimnieks Donalds Tramps.<\/p>\n<p>Teher\u0101nas amatpersonas apgalvo, ka p\u0113d\u0113j\u0101s dien\u0101s valst\u012b nav biju\u0161i asi protesti.<\/p>\n<p>\u0100rzemju mediji zi\u0146o, ka protesti Ir\u0101n\u0101 ir mazin\u0101ju\u0161ies, bet &#8220;Amnesty International&#8221; saka, ka varas iest\u0101des ir izmantoju\u0161as iero\u010dus pret protest\u0113t\u0101jiem.<\/p>\n<p>V\u0101cijas p\u0113tnieks Tareks Sidiks atzinis, ka represijas var\u0113tu aptur\u0113t protestus, bet vi\u0146\u0161 neb\u016btu p\u0101rsteigts, ja dr\u012bz s\u0101ktos jauns protestu vilnis.<\/p>\n<p>Inform\u0101cija par situ\u0101ciju Ir\u0101n\u0101 ir ierobe\u017eota, jo nedarbojas internets.\u00a0<\/p>\n<p>D\u0101nijas premjere: ASV amb\u012bcijas attiec\u012bb\u0101 uz Grenlandi nav main\u012bju\u0161\u0101s\u00a0<\/p>\n<p>D\u0101nijas premjere Mete Frederiksena inform\u0113jusi, ka tiks izveidota darba grupa, lai uzlabotu dro\u0161\u012bbu Arktik\u0101.<\/p>\n<p>Vi\u0146a ar\u012b atzinusi, ka ASV joproj\u0101m v\u0113las ieg\u016bt Grenlandi.<\/p>\n<p>Grenland\u0113 ieradusies Eiropas milit\u0101r\u0101 misija, lai atbalst\u012btu D\u0101niju.<\/p>\n<p>Misij\u0101 ir karav\u012bri no Francijas, Zviedrijas, V\u0101cijas un Norv\u0113\u0123ijas.<\/p>\n<p>V\u0101cijas Aizsardz\u012bbas ministrija paudusi, ka t\u0101 ir izl\u016bko\u0161anas misija.<\/p>\n<p>M\u0113r\u0137is esot izp\u0113t\u012bt, k\u0101 var\u0113tu pal\u012bdz\u0113t D\u0101nijai, \u0146emot v\u0113r\u0101 Krievijas un \u0136\u012bnas draudus Arktik\u0101.<\/p>\n<p>            <img decoding=\"async\" src=\"https:\/\/www.europesays.com\/lv\/wp-content\/uploads\/2026\/01\/sgwd.jpg\" alt=\"D\u0101nijas premjerministre Mete Frederiksena\"\/><\/p>\n<p>D\u0101nijas premjerministre Mete Frederiksena<\/p>\n<p>Foto: EPA, LISELOTTE SABROE<\/p>\n<\/p>\n<p>ES samazina Krievijas naftas cenu\u00a0<\/p>\n<p>Eiropas Savien\u012bba samazin\u0101s Krievijas naftas cenu no 47,6\u00a0l\u012bdz 44,1\u00a0dol\u0101ram par barelu.<\/p>\n<p>T\u0101 teikts bloka pazi\u0146ojum\u0101.<\/p>\n<p>Jaun\u0101 cena b\u016bs no febru\u0101ra.<\/p>\n<p>L\u012bgumiem, kas nosl\u0113gti pirms \u0161\u012b datuma, b\u016bs p\u0101rejas periods l\u012bdz 16.\u00a0apr\u012blim.<\/p>\n<p>Sp\u0101nij\u0101 pieaug t\u016bristu skaits\u00a0<\/p>\n<p>Sp\u0101niju p\u0113rn apmekl\u0113ja 97 miljoni t\u016bristu.<\/p>\n<p>T\u0101 inform\u0113jis Sp\u0101nijas t\u016brisma ministrs.<\/p>\n<p>Pirms gada Sp\u0101niju apmekl\u0113ja 94 miljoni t\u016bristu.<\/p>\n<p>T\u016bristu t\u0113ri\u0146i Sp\u0101nij\u0101 p\u0113rn pieauga l\u012bdz 135 miljardiem eiro.<\/p>\n<p>Vairums t\u016bristu bija no Eiropas, un puse bija briti, v\u0101cie\u0161i un fran\u010di.<\/p>\n<p>Sili\u0146a iztur piekto neuztic\u012bbas balsojumu Saeim\u0101<\/p>\n<p>Premjere Evika Sili\u0146a (&#8220;Jaun\u0101\u00a0Vienot\u012bba&#8221;) iztur\u0113jusi jau piekto neuztic\u012bbas balsojumu Saeim\u0101.<\/p>\n<p>\u0160oreiz vi\u0146as demisiju piepras\u012bja Nacion\u0101l\u0101 apvien\u012bba, jo valsts finans\u0113jot mediju saturu krievu valod\u0101.<\/p>\n<p>Nacion\u0101l\u0101 apvien\u012bba uzskata, ka tas ir pretrun\u0101 ar dro\u0161\u012bbas m\u0113r\u0137iem.\u00a0<\/p>\n<p>            <img decoding=\"async\" src=\"https:\/\/www.europesays.com\/lv\/wp-content\/uploads\/2026\/01\/s5lh.jpg\" alt=\"Sili\u0146a Saeimas s\u0113d\u0113 03.12.2025\"\/><\/p>\n<p>Sili\u0146a Saeimas s\u0113d\u0113 03.12.2025<\/p>\n<p>Foto: LETA, Edijs P\u0101lens<\/p>\n<\/p>\n<p>Valsts kontrole: Pieeja c\u012b\u0146ai ar \u0113nu ekonomiku ir v\u0113rsta uz sek\u0101m, nevis c\u0113lo\u0146iem\u00a0<\/p>\n<p>Valsts pieeja \u0113nu ekonomikas ierobe\u017eo\u0161anai ir v\u0113rsta uz sek\u0101m, nevis c\u0113lo\u0146iem.<\/p>\n<p>To secin\u0101jusi Valsts Kontrole.<\/p>\n<p>Kontroles padomes locekle Inga Vilka nor\u0101da, ka valsts neizmanto p\u0113t\u012bjumu rezult\u0101tus.<\/p>\n<p>Finan\u0161u ministrs Arvils A\u0161eradens (&#8220;Jaun\u0101 Vienot\u012bba&#8221;) tikm\u0113r pav\u0113st\u012bjis, ka Valsts kontroles rev\u012bzija bijusi v\u0101ja.<\/p>\n<p>Dati liecinot, ka \u0113nu ekonomika Latvij\u0101 mazin\u0101s.\u00a0<\/p>\n<p>Nobadin\u0101t\u0101 z\u0113na liet\u0101 \u0123ener\u0101lprokurat\u016bra neatrod p\u0101rk\u0101pumus &#8220;Ezerkrastos&#8221;\u00a0<\/p>\n<p>\u0122ener\u0101lprokurat\u016bra pabeigusi p\u0101rbaudi par iesp\u0113jamiem p\u0101rk\u0101pumiem apr\u016bpes centr\u0101 &#8220;R\u012bga&#8221;, fili\u0101l\u0113 &#8220;Ezerkrasti&#8221;.<\/p>\n<p>P\u0101rbaud\u0113 neatrada pier\u0101d\u012bjumus, ka jaunie\u0161a svara zudums b\u016btu saist\u012bts ar nepietiekamu apr\u016bpi.<\/p>\n","protected":false},"excerpt":{"rendered":"Zi\u0146as vieglaj\u0101 valod\u0101 15.\u00a0janv\u0101r\u012b Persijas\u00a0l\u012b\u010da valstis p\u0101rliecina\u00a0Trampu dot Ir\u0101nai iesp\u0113ju\u00a0 Sa\u016bda Ar\u0101bija, Katara un Om\u0101na cen\u0161as p\u0101rliecin\u0101t ASV&hellip;\n","protected":false},"author":2,"featured_media":102646,"comment_status":"","ping_status":"","sticky":false,"template":"","format":"standard","meta":{"footnotes":""},"categories":[5],"tags":[23,28,29,32,33,22,30,31,35,39,38,36,37,34,40,20,26,27,24,25,21],"class_list":{"0":"post-105864","1":"post","2":"type-post","3":"status-publish","4":"format-standard","5":"has-post-thumbnail","7":"category-aktualitates","8":"tag-aktualitates","9":"tag-breaking-news","10":"tag-breakingnews","11":"tag-featured-news","12":"tag-featurednews","13":"tag-headlines","14":"tag-latest-news","15":"tag-latestnews","16":"tag-latvia","17":"tag-latvian","18":"tag-latviesu","19":"tag-latviesu-valoda","20":"tag-latviesuvaloda","21":"tag-latvija","22":"tag-lv","23":"tag-news","24":"tag-popularakas-zinas","25":"tag-popularakaszinas","26":"tag-top-stories","27":"tag-topstories","28":"tag-zinas"},"share_on_mastodon":{"url":"https:\/\/pubeurope.com\/@lv\/115900872340931161","error":""},"_links":{"self":[{"href":"https:\/\/www.europesays.com\/lv\/wp-json\/wp\/v2\/posts\/105864","targetHints":{"allow":["GET"]}}],"collection":[{"href":"https:\/\/www.europesays.com\/lv\/wp-json\/wp\/v2\/posts"}],"about":[{"href":"https:\/\/www.europesays.com\/lv\/wp-json\/wp\/v2\/types\/post"}],"author":[{"embeddable":true,"href":"https:\/\/www.europesays.com\/lv\/wp-json\/wp\/v2\/users\/2"}],"replies":[{"embeddable":true,"href":"https:\/\/www.europesays.com\/lv\/wp-json\/wp\/v2\/comments?post=105864"}],"version-history":[{"count":0,"href":"https:\/\/www.europesays.com\/lv\/wp-json\/wp\/v2\/posts\/105864\/revisions"}],"wp:featuredmedia":[{"embeddable":true,"href":"https:\/\/www.europesays.com\/lv\/wp-json\/wp\/v2\/media\/102646"}],"wp:attachment":[{"href":"https:\/\/www.europesays.com\/lv\/wp-json\/wp\/v2\/media?parent=105864"}],"wp:term":[{"taxonomy":"category","embeddable":true,"href":"https:\/\/www.europesays.com\/lv\/wp-json\/wp\/v2\/categories?post=105864"},{"taxonomy":"post_tag","embeddable":true,"href":"https:\/\/www.europesays.com\/lv\/wp-json\/wp\/v2\/tags?post=105864"}],"curies":[{"name":"wp","href":"https:\/\/api.w.org\/{rel}","templated":true}]}}