{"id":105867,"date":"2026-01-15T19:58:09","date_gmt":"2026-01-15T19:58:09","guid":{"rendered":"https:\/\/www.europesays.com\/lv\/105867\/"},"modified":"2026-01-15T19:58:09","modified_gmt":"2026-01-15T19:58:09","slug":"tris-persijas-lica-valstis-parliecinajusas-trampu-militari-neiejaukties-irana-raksts","status":"publish","type":"post","link":"https:\/\/www.europesays.com\/lv\/105867\/","title":{"rendered":"Tr\u012bs Persijas l\u012b\u010da valstis p\u0101rliecin\u0101ju\u0161as Trampu milit\u0101ri neiejaukties Ir\u0101n\u0101 \/ Raksts"},"content":{"rendered":"<p>\n                        \u0160odien, 16:55                    <\/p>\n<p>\n                            Papildin\u0101ts \u0161odien, 20:40                        <\/p>\n<p>                            <a target=\"_blank\" href=\"https:\/\/www.lsm.lv\/raksts\/zinas\/arzemes\/15.01.2026-avots-tris-persijas-lica-valstis-parliecinajusas-trampu-militari-neiejaukties-irana.a630156\/javascript:;\" rel=\"nofollow noopener\"><img decoding=\"async\" src=\"https:\/\/www.europesays.com\/lv\/wp-content\/uploads\/2025\/11\/logo_593e5d8b93064.jpg\" alt=\"LETA\"\/><\/a>                        <\/p>\n<p>Sa\u016bda Ar\u0101bija, Katara un Om\u0101na vad\u012bju\u0161as sarunas, lai p\u0101rliecin\u0101tu ASV prezidentu Donaldu Trampu &#8220;dot Ir\u0101nai iesp\u0113ju par\u0101d\u012bt labos nodomus&#8221;, t\u0101d\u0113j\u0101di atturot ASV no trieciena veik\u0161anas Ir\u0101nai, par ko Tramps bija draud\u0113jis iepriek\u0161, zi\u0146u a\u0123ent\u016brai AFP ceturtdien sac\u012bja Sa\u016bda Ar\u0101bijas augsta ranga amatpersona.<\/p>\n<p>Persijas l\u012b\u010da valstu trijotne &#8220;vad\u012bja ilgus, drud\u017eainus\u00a0diplom\u0101tiskos p\u0113d\u0113j\u0101 br\u012b\u017ea centienus p\u0101rliecin\u0101t prezidentu Trampu dot Ir\u0101nai iesp\u0113ju par\u0101d\u012bt labos nodomus&#8221;, sac\u012bja amatpersona, kas v\u0113l\u0113j\u0101s palikt anon\u012bma.<\/p>\n<p>Sarunas v\u0113l joproj\u0101m turpin\u0101s, nor\u0101d\u012bja AFP sarunbiedrs.<\/p>\n<p>Tre\u0161dien no galven\u0101s ASV milit\u0101r\u0101s b\u0101zes Katar\u0101 tika p\u0101rcelta da\u013ca person\u0101la\u00a0un ASV p\u0101rst\u0101vniec\u012bbu darbinieki Sa\u016bda Ar\u0101bij\u0101 un Kuveit\u0101 tika br\u012bdin\u0101ti iev\u0113rot piesardz\u012bbu, jo pieauga ba\u017eas par ASV uzbrukumu Ir\u0101nai,\u00a0kurai var\u0113tu sekot Teher\u0101nas pretreakcija.<\/p>\n<p>ASV vair\u0101kk\u0101rt br\u012bdin\u0101ju\u0161as, ka t\u0101s var\u0113tu milit\u0101ri iejaukties Ir\u0101n\u0101, rea\u0123\u0113jot uz protestu apspie\u0161anu. Savuk\u0101rt Teher\u0101na br\u012bdin\u0101jusi par atbildes triecienu ASV milit\u0101rajiem un ku\u0123niec\u012bbas m\u0113r\u0137iem.<\/p>\n<p>Persijas l\u012bc\u012b atrodas daudzas ASV b\u0101zes un akt\u012bvi.<\/p>\n<p>P\u0113c diplom\u0101tiskajiem centieniem sasp\u012bl\u0113jums \u0161\u0137ietami mazin\u0101jies.<\/p>\n<blockquote>\n<p>P\u0113c vair\u0101kiem draudiem Tramps ceturtdien main\u012bja kursu, sakot, ka ir sa\u0146\u0113mis apliecin\u0101jumus no &#8220;\u013coti svar\u012bgiem avotiem otr\u0101 pus\u0113&#8221;, ka Ir\u0101na neveic demonstr\u0101ciju dal\u012bbnieku sod\u012b\u0161anu ar n\u0101vi.<\/p>\n<\/blockquote>\n<p>Persijas l\u012b\u010da valstu centienu m\u0113r\u0137is bija &#8220;izvair\u012bties no nekontrol\u0113jamas situ\u0101cijas re\u0123ion\u0101&#8221;, sac\u012bja Sa\u016bda Ar\u0101bijas amatpersona.<\/p>\n<p>&#8220;M\u0113s teic\u0101m Va\u0161ingtonai, ka uzbrukums Ir\u0101nai pav\u0113rtu ce\u013cu virknei smagu prettriecienu re\u0123ion\u0101,&#8221; piebilda amatpersona. &#8220;T\u0101 bija negul\u0113ta nakts, lai re\u0123ion\u0101 neitraliz\u0113tu v\u0113l vair\u0101k bumbu. Komunik\u0101cija joproj\u0101m turpin\u0101s, lai stiprin\u0101tu ieg\u016bto uztic\u012bbu un \u0161\u012b br\u012b\u017ea labo noska\u0146ojumu.&#8221;<\/p>\n<p>Cita Persijas l\u012b\u010da amatpersona sac\u012bja, ka &#8220;Ir\u0101nai tika nodots v\u0113st\u012bjums, ka uzbrukums ASV objektiem Persijas l\u012bc\u012b ietekm\u0113s attiec\u012bbas ar re\u0123iona valst\u012bm&#8221;.<\/p>\n<p>KONTEKSTS:<\/p>\n<p>Ir\u0101na ar vair\u0101k nek\u0101 90 miljoniem iedz\u012bvot\u0101ju ir viena no liel\u0101kaj\u0101m un ietekm\u012bg\u0101kaj\u0101m valst\u012bm Tuvo Austrumu re\u0123ion\u0101. Gadsimtiem ilgi t\u0101 bijusi paz\u012bstama k\u0101 Persija. 1979. gad\u0101 isl\u0101ma fundament\u0101listi\u00a0<a href=\"https:\/\/lr1.lsm.lv\/lv\/raksts\/siis-dienas-aciim\/revolucija-irana-1979.gada-rodas-jauna-valsts-islama-republika.a119668\/\" target=\"_blank\" rel=\"nofollow noopener\">sar\u012bkoja revol\u016bciju<\/a>, kuras rezult\u0101t\u0101 tika g\u0101zta monarhija un izveidota Ir\u0101nas Isl\u0101ma Republika. Ir\u0101n\u0101 pie varas nostiprin\u0101j\u0101s teokr\u0101tisks re\u017e\u012bms, kur\u0101 galven\u0101 loma ir isl\u0101ma gar\u012bdzniekiem. \u0160is re\u017e\u012bms ir apspiedis opoz\u012bciju, ierobe\u017eojis sievie\u0161u ties\u012bbas un vaj\u0101jis da\u017e\u0101das minorit\u0101tes.<\/p>\n<p>Ir\u0101nai ir vienas no liel\u0101kaj\u0101m naftas un g\u0101zes rezerv\u0113m pasaul\u0113, bet aizdomas rosin\u0101ju\u0161i t\u0101s centieni att\u012bst\u012bt\u00a0<a data-id=\"603474\" data-type=\"article\" href=\"https:\/\/www.lsm.lv\/raksts\/zinas\/arzemes\/17.06.2025-lsm-skaidro-kas-ir-iranas-kodolprogramma-un-kapec-izraela-nevelas-pielaut-tas-attistibu.a603474\/\" class=\"lsm-link\" rel=\"nofollow noopener\" target=\"_blank\">atomener\u0123ijas programmu<\/a>. Izra\u0113la un citi Ir\u0101nas pretinieki uzskata, ka Teher\u0101nas re\u017e\u012bma patiesais m\u0113r\u0137is ir ieg\u016bt kodoliero\u010dus.<\/p>\n<p>Izra\u0113la un ASV ap\u0146\u0113mu\u0161\u0101s nepie\u013caut \u0161\u0101da scen\u0101rija \u012bsteno\u0161anu, t\u0101d\u0113\u013c 2025. gada j\u016bnij\u0101\u00a0<a data-id=\"604216\" data-type=\"article\" href=\"https:\/\/www.lsm.lv\/raksts\/zinas\/arzemes\/22.06.2025-asv-iesaistas-kara-pret-iranu-uzbruk-vairakiem-kodolprogrammas-objektiem.a604216\/\" class=\"lsm-link\" rel=\"nofollow noopener\" target=\"_blank\">veica triecienus<\/a>\u00a0pret Ir\u0101nas kodolprogrammas objektiem.<\/p>\n<p>Izra\u0113la uzskata Ir\u0101nu par savu galveno ienaidnieci, jo Teher\u0101nas re\u017e\u012bms\u00a0<a data-id=\"541940\" data-type=\"article\" href=\"https:\/\/www.lsm.lv\/raksts\/zinas\/arzemes\/07.02.2024-izraelas-armija-publisko-pieradijumus-par-tiesu-iranas-finansejumu-hamas.a541940\/\" class=\"lsm-link\" rel=\"nofollow noopener\" target=\"_blank\">finans\u0113<\/a>\u00a0t\u0101das teroristu organiz\u0101cijas k\u0101 &#8220;Hizbull\u0101h&#8221; un &#8220;Ham\u0101s&#8221;.<\/p>\n<p>Ir\u0101nu vair\u0101kk\u0101rt ir satricin\u0101ju\u0161i sabiedr\u012bbas protesti, it sevi\u0161\u0137i p\u0113c jaunietes\u00a0<a data-id=\"477040\" data-type=\"article\" href=\"https:\/\/www.lsm.lv\/raksts\/zinas\/arzemes\/protesti-pec-22-gadus-vecas-amini-naves-cik-tie-ir-nozimigi-un-vai-iespejams-iranas-maidans.a477040\/\" class=\"lsm-link\" rel=\"nofollow noopener\" target=\"_blank\">Mahsas Amini n\u0101ves 2022. gad\u0101<\/a>, bet valdo\u0161ais re\u017e\u012bms ir sp\u0113jis notur\u0113ties pie varas.<\/p>\n<p>2025. gada nogal\u0113 un 2026. gada s\u0101kum\u0101 protesti\u00a0<a data-id=\"629073\" data-type=\"article\" href=\"https:\/\/www.lsm.lv\/raksts\/zinas\/arzemes\/08.01.2026-iedzivotaju-protesti-un-trampa-draudi-iebrukt-vai-iranas-rezims-notures-varas-grozus.a629073\/\" class=\"lsm-link\" rel=\"nofollow noopener\" target=\"_blank\">ats\u0101ku\u0161ies ar jaunu sparu<\/a>; \u0161oreiz iedz\u012bvot\u0101jus visvair\u0101k satrauc augst\u0101 infl\u0101cija un ekonomikas kr\u012bze. Valdo\u0161\u0101 re\u017e\u012bma pretinieki aicina g\u0101zt \u0101jatollu H\u0101menej\u012b\u00a0un\u00a0<a data-id=\"629228\" data-type=\"article\" href=\"https:\/\/www.lsm.lv\/raksts\/zinas\/arzemes\/09.01.2026-tukstosiem-protestetaju-irana-aicina-gazt-valdoso-rezimu-un-nodot-varu-pedeja-saha-delam-pahlavi.a629228\/\" class=\"lsm-link\" rel=\"nofollow noopener\" target=\"_blank\">nodot varu<\/a>\u00a0p\u0113d\u0113j\u0101 Ir\u0101nas monarha d\u0113lam Rez\u0101m Pehlev\u012b.<\/p>\n<p>                    Valodas k\u013c\u016bda rakst\u0101?<\/p>\n<p class=\"d-none d-md-block\">Iez\u012bm\u0113jiet tekstu un spiediet Ctrl+Enter, lai nos\u016bt\u012btu labojamo teksta fragmentu redaktoram! Par faktu k\u013c\u016bd\u0101m l\u016bdzam zi\u0146ot e-past\u0101 <a href=\"https:\/\/www.lsm.lv\/cdn-cgi\/l\/email-protection\" class=\"__cf_email__\" data-cfemail=\"c5b7a0a1a4aea6acafa485a9b6a8eba9b3\" rel=\"nofollow noopener\" target=\"_blank\">[email\u00a0protected]<\/a>.<\/p>\n<p class=\"d-md-none\">Iez\u012bm\u0113jiet tekstu un spiediet uz Zi\u0146ot par k\u013c\u016bdu pogas, lai nos\u016bt\u012btu labojamo teksta fragmentu redaktoram!<\/p>\n<p>\n                    Zi\u0146ot par k\u013c\u016bdu\n                <\/p>\n","protected":false},"excerpt":{"rendered":"\u0160odien, 16:55 Papildin\u0101ts \u0161odien, 20:40 Sa\u016bda Ar\u0101bija, Katara un Om\u0101na vad\u012bju\u0161as sarunas, lai p\u0101rliecin\u0101tu ASV prezidentu Donaldu Trampu&hellip;\n","protected":false},"author":2,"featured_media":105868,"comment_status":"","ping_status":"","sticky":false,"template":"","format":"standard","meta":{"footnotes":""},"categories":[14],"tags":[23,57,28,29,32,33,22,30,31,35,39,38,36,37,34,40,20,26,27,24,25,54,55,56,21,58],"class_list":{"0":"post-105867","1":"post","2":"type-post","3":"status-publish","4":"format-standard","5":"has-post-thumbnail","7":"category-zinas-no-arvalstim","8":"tag-aktualitates","9":"tag-arvalstim","10":"tag-breaking-news","11":"tag-breakingnews","12":"tag-featured-news","13":"tag-featurednews","14":"tag-headlines","15":"tag-latest-news","16":"tag-latestnews","17":"tag-latvia","18":"tag-latvian","19":"tag-latviesu","20":"tag-latviesu-valoda","21":"tag-latviesuvaloda","22":"tag-latvija","23":"tag-lv","24":"tag-news","25":"tag-popularakas-zinas","26":"tag-popularakaszinas","27":"tag-top-stories","28":"tag-topstories","29":"tag-world","30":"tag-world-news","31":"tag-worldnews","32":"tag-zinas","33":"tag-zinas-no-arvalstim"},"share_on_mastodon":{"url":"https:\/\/pubeurope.com\/@lv\/115900888132375566","error":""},"_links":{"self":[{"href":"https:\/\/www.europesays.com\/lv\/wp-json\/wp\/v2\/posts\/105867","targetHints":{"allow":["GET"]}}],"collection":[{"href":"https:\/\/www.europesays.com\/lv\/wp-json\/wp\/v2\/posts"}],"about":[{"href":"https:\/\/www.europesays.com\/lv\/wp-json\/wp\/v2\/types\/post"}],"author":[{"embeddable":true,"href":"https:\/\/www.europesays.com\/lv\/wp-json\/wp\/v2\/users\/2"}],"replies":[{"embeddable":true,"href":"https:\/\/www.europesays.com\/lv\/wp-json\/wp\/v2\/comments?post=105867"}],"version-history":[{"count":0,"href":"https:\/\/www.europesays.com\/lv\/wp-json\/wp\/v2\/posts\/105867\/revisions"}],"wp:featuredmedia":[{"embeddable":true,"href":"https:\/\/www.europesays.com\/lv\/wp-json\/wp\/v2\/media\/105868"}],"wp:attachment":[{"href":"https:\/\/www.europesays.com\/lv\/wp-json\/wp\/v2\/media?parent=105867"}],"wp:term":[{"taxonomy":"category","embeddable":true,"href":"https:\/\/www.europesays.com\/lv\/wp-json\/wp\/v2\/categories?post=105867"},{"taxonomy":"post_tag","embeddable":true,"href":"https:\/\/www.europesays.com\/lv\/wp-json\/wp\/v2\/tags?post=105867"}],"curies":[{"name":"wp","href":"https:\/\/api.w.org\/{rel}","templated":true}]}}