{"id":105869,"date":"2026-01-15T19:59:07","date_gmt":"2026-01-15T19:59:07","guid":{"rendered":"https:\/\/www.europesays.com\/lv\/105869\/"},"modified":"2026-01-15T19:59:07","modified_gmt":"2026-01-15T19:59:07","slug":"latvija-neatzis-krievijas-istenoto-aneksiju-kijiva-uzsvera-mierina","status":"publish","type":"post","link":"https:\/\/www.europesays.com\/lv\/105869\/","title":{"rendered":"Latvija neatz\u012bs Krievijas \u012bstenoto aneksiju, Kijiv\u0101 uzsv\u0113ra Mieri\u0146a"},"content":{"rendered":"<p>Tik\u0161an\u0101s laik\u0101 vi\u0146a akcent\u0113ja, ka Latvija ik dienas seko un turpin\u0101s sekot Ukrain\u0101 notieko\u0161ajam. Mieri\u0146a pauda, ka Latvija iest\u0101jas par taisn\u012bgu mieru, kam ir j\u0101garant\u0113 Ukrainas neatkar\u012bba, suverenit\u0101te, teritori\u0101l\u0101 integrit\u0101te un t\u0101s \u0101rpolitisk\u0101s izv\u0113les. Krievija ir j\u0101s\u0113dina pie sarunu galda, pauda Mieri\u0146a.<\/p>\n<p>Saeimas priek\u0161s\u0113d\u0113t\u0101ja ar\u012b pauda, ka sankciju politika ir j\u0101turpina, jo t\u0101 str\u0101d\u0101, un <a href=\"https:\/\/www.apollo.lv\/term\/8497\/ukraina\" class=\"topicLink\" target=\"_blank\" rel=\"nofollow noopener\">Ukraina<\/a> gaida n\u0101kam\u0101s sankciju paketes.<\/p>\n<p>T\u0101pat Mieri\u0146a apliecin\u0101ja, ka Latvija ir gatava sniegt Ukrainai dro\u0161\u012bbas garantijas, ta\u010du deta\u013cas v\u0113l ir j\u0101preciz\u0113.<\/p>\n<p>&#8220;Ukraina ir civiliz\u0113ta, moderna valsts, un m\u0113s skaidri redzam Ukrainas vietu Eiropas Savien\u012bb\u0101. \u0160\u012b dal\u012bba b\u016bs vispirms t\u0101p\u0113c, ka Ukraina to b\u016bs nopeln\u012bjusi ar paveikto darbu un reform\u0101m,&#8221; uzsv\u0113ra Saeimas priek\u0161s\u0113d\u0113t\u0101ja. &#8220;J\u016bsu parlaments dara tit\u0101nisku darbu, pie\u0146emot virkni valsts n\u0101kotnei nepiecie\u0161amu l\u0113mumu \u012bsos termi\u0146os,&#8221; nor\u0101d\u012bja Mieri\u0146a.<\/p>\n<p>Apst\u0101k\u013cos, kad Krievija turpina uzbrukt, Ukrain\u0101 cilv\u0113ki priec\u0101jas par katru nodz\u012bvoto dienu, atzina Stefan\u010duks. Vi\u0146\u0161 uzsv\u0113ra, ka daudzviet ar\u012b t\u0101das \u0161\u0137ietami ikdieni\u0161\u0137as lietas k\u0101 elektr\u012bba un siltums tiek \u0101rk\u0101rt\u012bgi nov\u0113rt\u0113tas.<\/p>\n<p>Mieri\u0146as vad\u012btaj\u0101 deleg\u0101cij\u0101 Kijiv\u0101 ieradusies ar\u012b Saeimas priek\u0161s\u0113d\u0113t\u0101jas biedre Anto\u0146ina \u0145ena\u0161eva (P), Saeimas \u0100rlietu komisijas priek\u0161s\u0113d\u0113t\u0101ja In\u0101ra M\u016brniece (NA), Saeimas Aizsardz\u012bbas, iek\u0161lietu un korupcijas nov\u0113r\u0161anas komisijas priek\u0161s\u0113d\u0113t\u0101js Raimonds Bergmanis (AS), Saeimas deput\u0101tu grupas sadarb\u012bbas veicin\u0101\u0161anai ar Ukrainas parlamentu vad\u012bt\u0101js J\u0101nis Skrasti\u0146\u0161 (JV), k\u0101 ar\u012b grupas locekle Linda Liepi\u0146a (LPP).<\/p>\n","protected":false},"excerpt":{"rendered":"Tik\u0161an\u0101s laik\u0101 vi\u0146a akcent\u0113ja, ka Latvija ik dienas seko un turpin\u0101s sekot Ukrain\u0101 notieko\u0161ajam. Mieri\u0146a pauda, ka Latvija&hellip;\n","protected":false},"author":2,"featured_media":105870,"comment_status":"","ping_status":"","sticky":false,"template":"","format":"standard","meta":{"footnotes":""},"categories":[12],"tags":[23,28,29,32,33,22,210,74,30,31,35,39,38,36,37,34,40,20,26,27,24,25,276,178,21],"class_list":{"0":"post-105869","1":"post","2":"type-post","3":"status-publish","4":"format-standard","5":"has-post-thumbnail","7":"category-latvija","8":"tag-aktualitates","9":"tag-breaking-news","10":"tag-breakingnews","11":"tag-featured-news","12":"tag-featurednews","13":"tag-headlines","14":"tag-kijiva","15":"tag-krievijas-iebrukums-ukraina","16":"tag-latest-news","17":"tag-latestnews","18":"tag-latvia","19":"tag-latvian","20":"tag-latviesu","21":"tag-latviesu-valoda","22":"tag-latviesuvaloda","23":"tag-latvija","24":"tag-lv","25":"tag-news","26":"tag-popularakas-zinas","27":"tag-popularakaszinas","28":"tag-top-stories","29":"tag-topstories","30":"tag-ukraina","31":"tag-volodimirs-zelenskis","32":"tag-zinas"},"share_on_mastodon":{"url":"https:\/\/pubeurope.com\/@lv\/115900892029177042","error":""},"_links":{"self":[{"href":"https:\/\/www.europesays.com\/lv\/wp-json\/wp\/v2\/posts\/105869","targetHints":{"allow":["GET"]}}],"collection":[{"href":"https:\/\/www.europesays.com\/lv\/wp-json\/wp\/v2\/posts"}],"about":[{"href":"https:\/\/www.europesays.com\/lv\/wp-json\/wp\/v2\/types\/post"}],"author":[{"embeddable":true,"href":"https:\/\/www.europesays.com\/lv\/wp-json\/wp\/v2\/users\/2"}],"replies":[{"embeddable":true,"href":"https:\/\/www.europesays.com\/lv\/wp-json\/wp\/v2\/comments?post=105869"}],"version-history":[{"count":0,"href":"https:\/\/www.europesays.com\/lv\/wp-json\/wp\/v2\/posts\/105869\/revisions"}],"wp:featuredmedia":[{"embeddable":true,"href":"https:\/\/www.europesays.com\/lv\/wp-json\/wp\/v2\/media\/105870"}],"wp:attachment":[{"href":"https:\/\/www.europesays.com\/lv\/wp-json\/wp\/v2\/media?parent=105869"}],"wp:term":[{"taxonomy":"category","embeddable":true,"href":"https:\/\/www.europesays.com\/lv\/wp-json\/wp\/v2\/categories?post=105869"},{"taxonomy":"post_tag","embeddable":true,"href":"https:\/\/www.europesays.com\/lv\/wp-json\/wp\/v2\/tags?post=105869"}],"curies":[{"name":"wp","href":"https:\/\/api.w.org\/{rel}","templated":true}]}}