{"id":105871,"date":"2026-01-15T20:00:11","date_gmt":"2026-01-15T20:00:11","guid":{"rendered":"https:\/\/www.europesays.com\/lv\/105871\/"},"modified":"2026-01-15T20:00:11","modified_gmt":"2026-01-15T20:00:11","slug":"vasiljevs-un-kuliss-pec-isas-programmas-eiropas-cempionata-dailslidosana-kvalificejas-izveles-programmai-jauns-lv","status":"publish","type":"post","link":"https:\/\/www.europesays.com\/lv\/105871\/","title":{"rendered":"Vasi\u013cjevs un Ku\u013ci\u0161s p\u0113c \u012bs\u0101s programmas Eiropas \u010dempion\u0101t\u0101 dai\u013cslido\u0161an\u0101 kvalific\u0113jas izv\u0113les programmai &#8211; Jauns.lv"},"content":{"rendered":"<ol>\n<li><a href=\"https:\/\/news.google.com\/rss\/articles\/CBMi2gFBVV95cUxQMWxOVDhCRUxkLTFsXzBqMFRrRVVacjIzbDdfcnZmTVNqUkh4MzRiQVlvRzFabFVRODR6ck9RbVBlUVVaM3g1ZnVOQU8tZVp0NXFnbHozS2NsZzhtaHI1TEl1eUtlY2FOaFRuQVBZZkQ1Tkswb2dyXzY2OGlUOU5ieVpmTy0xRWJBSEZzQktLazhyWmxmVnNJaXRCOF9mckpYcFBPdE9QdFJMTnNVd2pUSUEzRWRzaW1RM2R0c0Y2UXd4VnI4azZOajJmSUFac1NxQ2ZyY3YyTkRNUQ?oc=5\" target=\"_blank\" rel=\"nofollow noopener\">Vasi\u013cjevs un Ku\u013ci\u0161s p\u0113c \u012bs\u0101s programmas Eiropas \u010dempion\u0101t\u0101 dai\u013cslido\u0161an\u0101 kvalific\u0113jas izv\u0113les programmai<\/a>&nbsp;&nbsp;Jauns.lv<\/li>\n<li><a href=\"https:\/\/news.google.com\/rss\/articles\/CBMijwJBVV95cUxNTnBLbzgwZlZmSE9mMkN3NkxRUnVYRDVzR3NYY051bGdCLTRGMTlCYlFhMlRNZld2SVg4dkl6WC16QkM0X3dIMnJ5dllzRGRXUlY0ODFRNUl6THhqUlNWaVFKZnZhWVY0LWZkdXg2TGVVbW14NkVLUkxGUXVwTEY0Vy1mX3RrVEY4dDd3UXRZZUZzV0d0d0U5X29GTVBpdW1VdUljbmt6TmJsd2tuV0IwN29LUzBMdnZQWmVZZThGUkVvREJOM0J0S0R2S0s2UndTSUt4Q2JHZG84Ml9jaFJrQ09YT2NQeGpSejNDVEsxM3lSa3BPajFsd1JYSExvR1RfcXVlc0hwNmNTeHdieU5F?oc=5\" target=\"_blank\" rel=\"nofollow noopener\">Strikts v\u0113rt\u0113jums atvirza dai\u013cslidot\u0101ju Vasi\u013cjevu uz 9. vietu; izv\u0113les programm\u0101 iek\u013c\u016bst ar\u012b Ku\u013ci\u0161s. Galvenie notikumi<\/a>&nbsp;&nbsp;LSM<\/li>\n<li><a href=\"https:\/\/news.google.com\/rss\/articles\/CBMirAFBVV95cUxNb1djYVgyV3F5WlBhUnhGVzFTNkVlMmlpcU50azRtd3RWLWRZN0c5eGRzbnRLUDRFVTVPWTVWN3lkaWVVa1JkZERBaHBzNVlOWDM3SHhoTDdPa1YyLVlVenU2WWpqZlFHRE5lVHU1dHpnN1UwdlYyeURFYXNZMHRJNUZ4TzQxNnhZOVNSSXZjYVRXYlNSUGItRFptT3hZSS1ZbWhRVmlVMEFEZ1A5?oc=5\" target=\"_blank\" rel=\"nofollow noopener\">VIDEO \u27e9 &#8220;J\u016bs nogalin\u0101t dai\u013cslido\u0161anu.&#8221; Vasi\u013cjeva rezult\u0101ts sanikno treneri Lambjelu<\/a>&nbsp;&nbsp;Apollo.lv<\/li>\n<li><a href=\"https:\/\/news.google.com\/rss\/articles\/CBMizgFBVV95cUxQa3dienlDRmQtdkMtQ2tzX3o0Y2JTbk5aU0Q5UXV6WFRZQWhEMWZZUnB3N3ZGbnhsbU05ZDNqOVBveTVDQUZJbGNudHpkNDZYMmsxcGYyVzYtTjEtSEZwWFREUHRZSVRud1g1NUVidkVBM2d3X2lLY1BGLWFqZVU0SWNxdGZRQ1M1X2pQMWZLVTVsdDFZMTgzNjZhbHl3Z3Zra196ODZfMGR4UzlrcnItUVZPZ1hQZ1RKang5ajFDV0p6NEE4VFFud3VtUWZKZw?oc=5\" target=\"_blank\" rel=\"nofollow noopener\">Latvijas sportiste Nikola Fom\u010denkova Eiropas \u010dempion\u0101t\u0101 dai\u013cslido\u0161an\u0101 aizvad\u012bjusi \u012bso programmu<\/a>&nbsp;&nbsp;Jauns.lv<\/li>\n<li><a href=\"https:\/\/news.google.com\/rss\/articles\/CBMinAFBVV95cUxNV1c0Y2VSOWtGNm1TaXpqb2M0bUZ2LTZPanZ6aTFWY0RqU1pGRVFrMHJ0SXBOOGFxNWRPanJzR1c0dGI5VHVEMk1KTVg1YmN3UHhqdVhHcmJEckc4dEZHYklCaHR2empxWVRhVUUtNlA3Q1NEanRqZDV1Mmp6SHNXUTJ5dHdMTXp5NlRDdEZVVWNKaUlaQk1KYVU3VWw?oc=5\" target=\"_blank\" rel=\"nofollow noopener\">Treneri atguvu\u0161ais Vasi\u013cjevs dev\u012btais E\u010c \u012bsaj\u0101 programm\u0101, Ku\u013ci\u0161s 16. \u2013 Ziemas sports<\/a>&nbsp;&nbsp;Sportacentrs.com<\/li>\n<\/ol>\n","protected":false},"excerpt":{"rendered":"Vasi\u013cjevs un Ku\u013ci\u0161s p\u0113c \u012bs\u0101s programmas Eiropas \u010dempion\u0101t\u0101 dai\u013cslido\u0161an\u0101 kvalific\u0113jas izv\u0113les programmai&nbsp;&nbsp;Jauns.lv Strikts v\u0113rt\u0113jums atvirza dai\u013cslidot\u0101ju Vasi\u013cjevu uz&hellip;\n","protected":false},"author":2,"featured_media":105872,"comment_status":"","ping_status":"","sticky":false,"template":"","format":"standard","meta":{"footnotes":""},"categories":[5],"tags":[23,28,29,32,33,22,30,31,35,39,38,36,37,34,40,20,26,27,24,25,21],"class_list":{"0":"post-105871","1":"post","2":"type-post","3":"status-publish","4":"format-standard","5":"has-post-thumbnail","7":"category-aktualitates","8":"tag-aktualitates","9":"tag-breaking-news","10":"tag-breakingnews","11":"tag-featured-news","12":"tag-featurednews","13":"tag-headlines","14":"tag-latest-news","15":"tag-latestnews","16":"tag-latvia","17":"tag-latvian","18":"tag-latviesu","19":"tag-latviesu-valoda","20":"tag-latviesuvaloda","21":"tag-latvija","22":"tag-lv","23":"tag-news","24":"tag-popularakas-zinas","25":"tag-popularakaszinas","26":"tag-top-stories","27":"tag-topstories","28":"tag-zinas"},"share_on_mastodon":{"url":"https:\/\/pubeurope.com\/@lv\/115900895914178989","error":""},"_links":{"self":[{"href":"https:\/\/www.europesays.com\/lv\/wp-json\/wp\/v2\/posts\/105871","targetHints":{"allow":["GET"]}}],"collection":[{"href":"https:\/\/www.europesays.com\/lv\/wp-json\/wp\/v2\/posts"}],"about":[{"href":"https:\/\/www.europesays.com\/lv\/wp-json\/wp\/v2\/types\/post"}],"author":[{"embeddable":true,"href":"https:\/\/www.europesays.com\/lv\/wp-json\/wp\/v2\/users\/2"}],"replies":[{"embeddable":true,"href":"https:\/\/www.europesays.com\/lv\/wp-json\/wp\/v2\/comments?post=105871"}],"version-history":[{"count":0,"href":"https:\/\/www.europesays.com\/lv\/wp-json\/wp\/v2\/posts\/105871\/revisions"}],"wp:featuredmedia":[{"embeddable":true,"href":"https:\/\/www.europesays.com\/lv\/wp-json\/wp\/v2\/media\/105872"}],"wp:attachment":[{"href":"https:\/\/www.europesays.com\/lv\/wp-json\/wp\/v2\/media?parent=105871"}],"wp:term":[{"taxonomy":"category","embeddable":true,"href":"https:\/\/www.europesays.com\/lv\/wp-json\/wp\/v2\/categories?post=105871"},{"taxonomy":"post_tag","embeddable":true,"href":"https:\/\/www.europesays.com\/lv\/wp-json\/wp\/v2\/tags?post=105871"}],"curies":[{"name":"wp","href":"https:\/\/api.w.org\/{rel}","templated":true}]}}