{"id":105873,"date":"2026-01-15T20:02:26","date_gmt":"2026-01-15T20:02:26","guid":{"rendered":"https:\/\/www.europesays.com\/lv\/105873\/"},"modified":"2026-01-15T20:02:26","modified_gmt":"2026-01-15T20:02:26","slug":"eriks-mateiko-izslegts-no-latvijas-hokeja-izlases-sastava-lente-lv","status":"publish","type":"post","link":"https:\/\/www.europesays.com\/lv\/105873\/","title":{"rendered":"\u0112riks Mateiko izsl\u0113gts no Latvijas hokeja izlases sast\u0101va\u00a0\u2014\u00a0Lente.lv"},"content":{"rendered":"<p>Traumatisks pav\u0113rsiens \u0112rikam Mateiko<\/p>\n<p>Latvijas hokeja izlases kandid\u0101ts \u0112riks Mateiko, kur\u0161 tika iek\u013cauts sast\u0101v\u0101 dal\u012bbai 2026. gada Mil\u0101nas un Kort\u012bnas olimpiskaj\u0101s sp\u0113l\u0113s, sv\u0113tdien guvis nopietnu savainojumu Amerikas Hokeja l\u012bgas (AHL) sp\u0113l\u0113, t\u0101d\u0113j\u0101di nevar\u0113s piedal\u012bties gaid\u0101maj\u0101 olimpiskaj\u0101 turn\u012br\u0101. \u0160\u012b zi\u0146a ir smags trieciens gan sportistam, gan visai Latvijas izlasei pirms svar\u012bg\u0101k\u0101 starptautisk\u0101 notikuma.<\/p>\n<p>Mateiko guva traumu AHL kluba Her\u0161ijas \u201cBears\u201d sp\u0113l\u0113, kur\u0101 tika fiks\u0113ts slidas d\u016briens, kas izrais\u012bja Ahilejas c\u012bpslas pl\u012bsumu. Hokejistam jau veikta oper\u0101cija, un klubs prognoz\u0113, ka vi\u0146\u0161 laukum\u0101 nedosies l\u012bdz pat sezonas beig\u0101m. Lai gan prec\u012bza rehabilit\u0101cijas laika prognoze v\u0113l nav zin\u0101ma, atvese\u013co\u0161an\u0101s no \u0161\u0101da veida traum\u0101m parasti ilgst ap devi\u0146iem m\u0113ne\u0161iem, kas efekt\u012bvi izsl\u0113dz vi\u0146a dal\u012bbu olimpiskaj\u0101s sp\u0113l\u0113s.<\/p>\n<p>Olimpisk\u0101s sp\u0113les bez Mateiko<\/p>\n<p>Latvijas Hokeja feder\u0101cija (LHF) ir apstiprin\u0101jusi, ka \u0112riks Mateiko savainojuma d\u0113\u013c nevar\u0113s p\u0101rst\u0101v\u0113t valstsvien\u012bbu Mil\u0101nas un Kort\u012bnas olimpiskaj\u0101s sp\u0113l\u0113s, kas norisin\u0101sies no 2026. gada 11. l\u012bdz 22. febru\u0101rim. \u0160\u012b b\u016btu bijusi 20 gadus vec\u0101 uzbruc\u0113ja debija pieaugu\u0161o olimpiskaj\u0101 komand\u0101, ta\u010du liktenis l\u0113mis cit\u0101di. Par vi\u0146a aizvietot\u0101ju izlas\u0113 tiks pazi\u0146ots tuv\u0101kaj\u0101 laik\u0101.<\/p>\n<p>Latvijas izlases \u0123ener\u0101lmened\u017eeris R\u016bdolfs Kalv\u012btis iepriek\u0161 pauda, ka Mateiko trauma ir nopietna un vi\u0146am tiks veikta oper\u0101cija, kas vi\u0146u nesp\u0113j\u012bgu padar\u012bs uz aptuveni se\u0161iem m\u0113ne\u0161iem. Kalv\u012btis ar\u012b nor\u0101d\u012bja, ka jau tiek izskat\u012bti iesp\u0113jamie kandid\u0101ti, kas var\u0113tu aizst\u0101t Mateiko sast\u0101v\u0101.<\/p>\n<p>K\u0101 Mateiko non\u0101ca izlases redzeslok\u0101?<\/p>\n<p>\u0112riks Mateiko, kur\u0161 dzimis 2005. gad\u0101, ir iek\u013cauts NHL kluba Va\u0161ingtonas \u201cCapitals\u201d sist\u0113m\u0101, sp\u0113l\u0113jot t\u0101s f\u0101rmklub\u0101 H\u0113r\u0161ijas \u201cBears\u201d AHL. Vi\u0146\u0161 tika izv\u0113l\u0113ts NHL draft\u0101 ar 90. numuru. Lai gan Mateiko v\u0113l nav debit\u0113jis pieaugu\u0161o Latvijas izlas\u0113, vi\u0146\u0161 ir p\u0101rst\u0101v\u0113jis valsts U-18 un U-20 jaunie\u0161u izlases pasaules \u010dempion\u0101tos, demonstr\u0113jot savu potenci\u0101lu, \u012bpa\u0161i U-20 \u010dempion\u0101t\u0101, kur\u0101 guva piecus v\u0101rtus. Savas karjeras laik\u0101 AHL vi\u0146\u0161 27 sp\u0113l\u0113s guvis vienus v\u0101rtus un atdevis piecas rezultat\u012bvas piesp\u0113les.<\/p>\n<p>Olimpisk\u0101s sp\u0113les un Latvijas hokeja izlase<\/p>\n<p>Mil\u0101nas un Kort\u012bnas olimpisk\u0101s sp\u0113les hokeja turn\u012brs paredz\u0113ts no 11. l\u012bdz 22. febru\u0101rim. Latvijas v\u012brie\u0161u izlase sp\u0113l\u0113s C apak\u0161grup\u0101 kop\u0101 ar ASV, V\u0101ciju un D\u0101niju. Pirmais ma\u010ds paredz\u0113ts 12. febru\u0101r\u012b pret ASV. \u0160is b\u016bs noz\u012bm\u012bgs turn\u012brs, jo p\u0113c 12 gadu p\u0101rtraukuma taj\u0101 piedal\u012bsies ar\u012b NHL sp\u0113l\u0113t\u0101ji.<\/p>\n<p>Latvijas izlases galvenais treneris Harijs V\u012btoli\u0146\u0161 nosaucis 25 sp\u0113l\u0113t\u0101ju sast\u0101vu, kur\u0101 iek\u013cauts ar\u012b pieredz\u0113ju\u0161ais Kaspars Daugavi\u0146\u0161, k\u0101 ar\u012b citi paz\u012bstami v\u0101rds k\u0101 Elvis Merz\u013cikins un Art\u016brs \u0160ilovs. Starp debitantiem sast\u0101v\u0101, l\u012bdz \u0161im, bija ar\u012b \u0112riks Mateiko, Alberts \u0160mits un Sandis Vilmanis.<\/p>\n","protected":false},"excerpt":{"rendered":"Traumatisks pav\u0113rsiens \u0112rikam Mateiko Latvijas hokeja izlases kandid\u0101ts \u0112riks Mateiko, kur\u0161 tika iek\u013cauts sast\u0101v\u0101 dal\u012bbai 2026. gada Mil\u0101nas&hellip;\n","protected":false},"author":2,"featured_media":105874,"comment_status":"","ping_status":"","sticky":false,"template":"","format":"standard","meta":{"footnotes":""},"categories":[17],"tags":[3952,840,35,39,38,36,37,34,1532,40,4241,5135,67],"class_list":{"0":"post-105873","1":"post","2":"type-post","3":"status-publish","4":"format-standard","5":"has-post-thumbnail","7":"category-sports","8":"tag-ahl","9":"tag-eriks-mateiko","10":"tag-latvia","11":"tag-latvian","12":"tag-latviesu","13":"tag-latviesu-valoda","14":"tag-latviesuvaloda","15":"tag-latvija","16":"tag-latvijas-hokeja-izlase","17":"tag-lv","18":"tag-olimpiskas-speles-2026","19":"tag-savainojums","20":"tag-sports"},"share_on_mastodon":{"url":"https:\/\/pubeurope.com\/@lv\/115900903760778904","error":""},"_links":{"self":[{"href":"https:\/\/www.europesays.com\/lv\/wp-json\/wp\/v2\/posts\/105873","targetHints":{"allow":["GET"]}}],"collection":[{"href":"https:\/\/www.europesays.com\/lv\/wp-json\/wp\/v2\/posts"}],"about":[{"href":"https:\/\/www.europesays.com\/lv\/wp-json\/wp\/v2\/types\/post"}],"author":[{"embeddable":true,"href":"https:\/\/www.europesays.com\/lv\/wp-json\/wp\/v2\/users\/2"}],"replies":[{"embeddable":true,"href":"https:\/\/www.europesays.com\/lv\/wp-json\/wp\/v2\/comments?post=105873"}],"version-history":[{"count":0,"href":"https:\/\/www.europesays.com\/lv\/wp-json\/wp\/v2\/posts\/105873\/revisions"}],"wp:featuredmedia":[{"embeddable":true,"href":"https:\/\/www.europesays.com\/lv\/wp-json\/wp\/v2\/media\/105874"}],"wp:attachment":[{"href":"https:\/\/www.europesays.com\/lv\/wp-json\/wp\/v2\/media?parent=105873"}],"wp:term":[{"taxonomy":"category","embeddable":true,"href":"https:\/\/www.europesays.com\/lv\/wp-json\/wp\/v2\/categories?post=105873"},{"taxonomy":"post_tag","embeddable":true,"href":"https:\/\/www.europesays.com\/lv\/wp-json\/wp\/v2\/tags?post=105873"}],"curies":[{"name":"wp","href":"https:\/\/api.w.org\/{rel}","templated":true}]}}