{"id":105883,"date":"2026-01-15T20:34:07","date_gmt":"2026-01-15T20:34:07","guid":{"rendered":"https:\/\/www.europesays.com\/lv\/105883\/"},"modified":"2026-01-15T20:34:07","modified_gmt":"2026-01-15T20:34:07","slug":"utrehta-nogrand-spradziens-nra-lv","status":"publish","type":"post","link":"https:\/\/www.europesays.com\/lv\/105883\/","title":{"rendered":"Utreht\u0101 nogrand spr\u0101dziens &#8211; nra.lv"},"content":{"rendered":"<p class=\"descr\">N\u012bderlandes pils\u0113t\u0101 Utreht\u0101 ceturtdien sp\u0113c\u012bg\u0101 spr\u0101dzien\u0101 nodar\u012bti post\u012bjumi vair\u0101k\u0101m \u0113k\u0101m, un vismaz \u010detri cilv\u0113ki ievainoti, pav\u0113st\u012bja amatpersonas.<\/p>\n<p>&#8220;P\u0113c spr\u0101dziena sabruka vair\u0101kas \u0113kas. \u010cetri cilv\u0113ki tika ievainoti. Vi\u0146i nog\u0101d\u0101ti neatliekam\u0101s pal\u012bdz\u012bbas slimn\u012bc\u0101,&#8221; teikts viet\u0113j\u0101 neatliekam\u0101s pal\u012bdz\u012bbas dienesta pazi\u0146ojum\u0101.<\/p>\n<blockquote><p>Pagaid\u0101m nav skaidrs, kas izrais\u012bja spr\u0101dzienu. P\u0113c eksplozijas izrais\u012bjies ugunsgr\u0113ks.<\/p><\/blockquote>\n<p>&#8220;Ugunsdz\u0113s\u012bbas dienests pa\u0161laik p\u0113ta, k\u0101 dro\u0161i p\u0101rmekl\u0113t sagruvu\u0161\u0101s un boj\u0101t\u0101s \u0113kas, lai noteiktu, vai taj\u0101s v\u0113l k\u0101ds atrodas,&#8221; pazi\u0146oja varasiest\u0101des.<\/p>\n<p>&#8220;Iesp\u0113jams, ka zem gruve\u0161iem joproj\u0101m atrodas cilv\u0113ki,&#8221; pils\u0113tas m\u0113re \u0160\u0101rona Deiksma sac\u012bja sabiedriskajai raidorganiz\u0101cijai NOS.<\/p>\n<blockquote class=\"twitter-tweet\">\n<p lang=\"en\" dir=\"ltr\">JUST IN &#8211; Large explosion and fire seen in coming from a home in the city center of Utrecht, Netherlands. Fire on scene. Cause unknown at this time. <a href=\"https:\/\/t.co\/UxkjciQNTy\" rel=\"nofollow\">pic.twitter.com\/UxkjciQNTy<\/a><\/p>\n<p>\u2014 Confidential Post (@TheCPostNews) <a href=\"https:\/\/twitter.com\/TheCPostNews\/status\/2011848139855335905?ref_src=twsrc%5Etfw\" rel=\"nofollow noopener\" target=\"_blank\">January 15, 2026<\/a><\/p><\/blockquote>\n<p>\t\t\t\t\t\tinfo<\/p>\n<p>Uzzini pirmais<br \/>kas interesants noticis Latvij\u0101 un pasaul\u0113,<br \/>pievienojoties mums <a href=\"https:\/\/t.me\/neatkariga\" rel=\"nofollow\">Telegram<\/a> vai <a href=\"https:\/\/whatsapp.com\/channel\/0029VaMLFUH5K3zLU5s4wm3y\" rel=\"nofollow noopener\" target=\"_blank\">Whatsapp<\/a> kan\u0101l\u0101<\/p>\n<p>\t\t\t\t\t\t\t\t\t<script async src=\"https:\/\/platform.twitter.com\/widgets.js\" charset=\"utf-8\"><\/script><\/p>\n","protected":false},"excerpt":{"rendered":"N\u012bderlandes pils\u0113t\u0101 Utreht\u0101 ceturtdien sp\u0113c\u012bg\u0101 spr\u0101dzien\u0101 nodar\u012bti post\u012bjumi vair\u0101k\u0101m \u0113k\u0101m, un vismaz \u010detri cilv\u0113ki ievainoti, pav\u0113st\u012bja amatpersonas. &#8220;P\u0113c&hellip;\n","protected":false},"author":2,"featured_media":105884,"comment_status":"","ping_status":"","sticky":false,"template":"","format":"standard","meta":{"footnotes":""},"categories":[14],"tags":[23,57,28,29,32,33,22,30,31,35,39,38,36,37,34,40,20,26,27,24,25,54,55,56,21,58],"class_list":{"0":"post-105883","1":"post","2":"type-post","3":"status-publish","4":"format-standard","5":"has-post-thumbnail","7":"category-zinas-no-arvalstim","8":"tag-aktualitates","9":"tag-arvalstim","10":"tag-breaking-news","11":"tag-breakingnews","12":"tag-featured-news","13":"tag-featurednews","14":"tag-headlines","15":"tag-latest-news","16":"tag-latestnews","17":"tag-latvia","18":"tag-latvian","19":"tag-latviesu","20":"tag-latviesu-valoda","21":"tag-latviesuvaloda","22":"tag-latvija","23":"tag-lv","24":"tag-news","25":"tag-popularakas-zinas","26":"tag-popularakaszinas","27":"tag-top-stories","28":"tag-topstories","29":"tag-world","30":"tag-world-news","31":"tag-worldnews","32":"tag-zinas","33":"tag-zinas-no-arvalstim"},"share_on_mastodon":{"url":"https:\/\/pubeurope.com\/@lv\/115901029560457202","error":""},"_links":{"self":[{"href":"https:\/\/www.europesays.com\/lv\/wp-json\/wp\/v2\/posts\/105883","targetHints":{"allow":["GET"]}}],"collection":[{"href":"https:\/\/www.europesays.com\/lv\/wp-json\/wp\/v2\/posts"}],"about":[{"href":"https:\/\/www.europesays.com\/lv\/wp-json\/wp\/v2\/types\/post"}],"author":[{"embeddable":true,"href":"https:\/\/www.europesays.com\/lv\/wp-json\/wp\/v2\/users\/2"}],"replies":[{"embeddable":true,"href":"https:\/\/www.europesays.com\/lv\/wp-json\/wp\/v2\/comments?post=105883"}],"version-history":[{"count":0,"href":"https:\/\/www.europesays.com\/lv\/wp-json\/wp\/v2\/posts\/105883\/revisions"}],"wp:featuredmedia":[{"embeddable":true,"href":"https:\/\/www.europesays.com\/lv\/wp-json\/wp\/v2\/media\/105884"}],"wp:attachment":[{"href":"https:\/\/www.europesays.com\/lv\/wp-json\/wp\/v2\/media?parent=105883"}],"wp:term":[{"taxonomy":"category","embeddable":true,"href":"https:\/\/www.europesays.com\/lv\/wp-json\/wp\/v2\/categories?post=105883"},{"taxonomy":"post_tag","embeddable":true,"href":"https:\/\/www.europesays.com\/lv\/wp-json\/wp\/v2\/tags?post=105883"}],"curies":[{"name":"wp","href":"https:\/\/api.w.org\/{rel}","templated":true}]}}