{"id":105891,"date":"2026-01-15T20:48:07","date_gmt":"2026-01-15T20:48:07","guid":{"rendered":"https:\/\/www.europesays.com\/lv\/105891\/"},"modified":"2026-01-15T20:48:07","modified_gmt":"2026-01-15T20:48:07","slug":"video-centamies-but-jautri-dzivespriecigi-visadus-jokus-taisijam-dzeram-dzivojam-normalu-dzivi-maestro-sirsniga-atzisanas-jubileja","status":"publish","type":"post","link":"https:\/\/www.europesays.com\/lv\/105891\/","title":{"rendered":"VIDEO. \u201cCent\u0101mies b\u016bt jautri, dz\u012bvespriec\u012bgi, vis\u0101dus jokus tais\u012bj\u0101m, dz\u0113r\u0101m, dz\u012bvoj\u0101m norm\u0101lu dz\u012bvi!\u201d Maestro sirsn\u012bg\u0101 atz\u012b\u0161an\u0101s jubilej\u0101"},"content":{"rendered":"<p>    <img decoding=\"async\" src=\"https:\/\/www.europesays.com\/lv\/wp-content\/uploads\/2026\/01\/FotoJet-15-2-1024x683.jpg\" alt=\"&#10;\"\/><\/p>\n<p>Foto: Ekr\u0101nuz\u0146\u0113mums no LTV Zi\u0146u dienests; \u201cYouTube\u201d\n<\/p>\n<p>21:30, 15. janv\u0101ris 2026<\/p>\n<p>Lai gan izcil\u0101 Maestro Raimonda Paula 90.jubileja bija 12.janv\u0101r\u012b, \u012bpa\u0161as svin\u012bbas norisin\u0101j\u0101s v\u0113l \u0161odien \u2013 le\u0123end\u0101rais komponists ceturtdien svin\u012bgi sveikts vi\u0146am \u012bpa\u0161\u0101 viet\u0101 \u2013 Latvijas Radio nam\u0101. <\/p>\n<p>        Las\u012bt\u0101kie<br \/>\n        <a data-imagesrc=\"{&quot;300&quot;:&quot;https:\\\/\\\/lastatic.ams3.cdn.digitaloceanspaces.com\\\/2024\\\/04\\\/LET_24762978-1-300x199.jpg&quot;,&quot;768&quot;:&quot;https:\\\/\\\/lastatic.ams3.cdn.digitaloceanspaces.com\\\/2024\\\/04\\\/LET_24762978-1-768x510.jpg&quot;,&quot;200&quot;:&quot;https:\\\/\\\/lastatic.ams3.cdn.digitaloceanspaces.com\\\/2024\\\/04\\\/LET_24762978-1-200x133.jpg&quot;,&quot;400&quot;:&quot;https:\\\/\\\/lastatic.ams3.cdn.digitaloceanspaces.com\\\/2024\\\/04\\\/LET_24762978-1-400x266.jpg&quot;,&quot;500&quot;:&quot;https:\\\/\\\/lastatic.ams3.cdn.digitaloceanspaces.com\\\/2024\\\/04\\\/LET_24762978-1-500x332.jpg&quot;,&quot;800&quot;:&quot;https:\\\/\\\/lastatic.ams3.cdn.digitaloceanspaces.com\\\/2024\\\/04\\\/LET_24762978-1-800x531.jpg&quot;,&quot;1000&quot;:&quot;https:\\\/\\\/lastatic.ams3.cdn.digitaloceanspaces.com\\\/2024\\\/04\\\/LET_24762978-1.jpg&quot;}\" data-focuspoint=\"{&quot;x&quot;:&quot;47.38156399614123&quot;,&quot;y&quot;:&quot;33.25313680149975&quot;}\" data-p=\"2494626\" href=\"https:\/\/www.la.lv\/karmiska-vilkme-uz-lindam-pilseta-baumo-ka-hosams-abu-meri-ir-ar-jau-treso-lindu\" class=\"content-item lazy-load\" wp_automatic_readability=\"26.5\" rel=\"nofollow noopener\" target=\"_blank\"><\/p>\n<p>                                <img decoding=\"async\" src=\"\" alt=\"\" style=\"object-position: 47.38156399614123% 33.25313680149975%\" data-imageid=\"\"\/><\/p>\n<p>                                Kokteilis<\/p>\n<p>\n                                                \u201cKarmiska vilkme uz Lind\u0101m\u201d \u2013 pils\u0113t\u0101 baumo, ka Hosams Abu Meri ir ar jau tre\u0161o Lindu\n                            <\/p>\n<p><\/a><a data-imagesrc=\"{&quot;300&quot;:&quot;https:\\\/\\\/lastatic.ams3.cdn.digitaloceanspaces.com\\\/2025\\\/10\\\/pexels-vika-glitter-392079-3766479-300x231.jpg&quot;,&quot;1024&quot;:&quot;https:\\\/\\\/lastatic.ams3.cdn.digitaloceanspaces.com\\\/2025\\\/10\\\/pexels-vika-glitter-392079-3766479-1024x788.jpg&quot;,&quot;1536&quot;:&quot;https:\\\/\\\/lastatic.ams3.cdn.digitaloceanspaces.com\\\/2025\\\/10\\\/pexels-vika-glitter-392079-3766479-1536x1181.jpg&quot;,&quot;500&quot;:&quot;https:\\\/\\\/lastatic.ams3.cdn.digitaloceanspaces.com\\\/2025\\\/10\\\/pexels-vika-glitter-392079-3766479-500x385.jpg&quot;,&quot;800&quot;:&quot;https:\\\/\\\/lastatic.ams3.cdn.digitaloceanspaces.com\\\/2025\\\/10\\\/pexels-vika-glitter-392079-3766479-800x615.jpg&quot;,&quot;2560&quot;:&quot;https:\\\/\\\/lastatic.ams3.cdn.digitaloceanspaces.com\\\/2025\\\/10\\\/pexels-vika-glitter-392079-3766479-scaled.jpg&quot;}\" data-focuspoint=\"&quot;&quot;\" data-p=\"2492801\" href=\"https:\/\/www.la.lv\/sis-tris-zodiaka-zimes-redz-tev-cauri-vinam-piemit-istas-detektiva-prasmes\" class=\"content-item lazy-load\" wp_automatic_readability=\"26\" rel=\"nofollow noopener\" target=\"_blank\"><\/p>\n<p>                                <img decoding=\"async\" src=\"\" alt=\"\" style=\"\" data-imageid=\"\"\/><\/p>\n<p>                                Kokteilis<\/p>\n<p>\n                                                \u0160\u012bs tr\u012bs zodiaka z\u012bmes redz tev cauri: vi\u0146\u0101m piem\u012bt \u012bstas detekt\u012bva prasmes\n                            <\/p>\n<p><\/a><a data-imagesrc=\"{&quot;300&quot;:&quot;https:\\\/\\\/lastatic.ams3.cdn.digitaloceanspaces.com\\\/2026\\\/01\\\/605776010_25728478443453459_7214339360245089926_n-300x200.jpg&quot;,&quot;1024&quot;:&quot;https:\\\/\\\/lastatic.ams3.cdn.digitaloceanspaces.com\\\/2026\\\/01\\\/605776010_25728478443453459_7214339360245089926_n-1024x683.jpg&quot;,&quot;1536&quot;:&quot;https:\\\/\\\/lastatic.ams3.cdn.digitaloceanspaces.com\\\/2026\\\/01\\\/605776010_25728478443453459_7214339360245089926_n-1536x1024.jpg&quot;,&quot;500&quot;:&quot;https:\\\/\\\/lastatic.ams3.cdn.digitaloceanspaces.com\\\/2026\\\/01\\\/605776010_25728478443453459_7214339360245089926_n-500x333.jpg&quot;,&quot;800&quot;:&quot;https:\\\/\\\/lastatic.ams3.cdn.digitaloceanspaces.com\\\/2026\\\/01\\\/605776010_25728478443453459_7214339360245089926_n-800x534.jpg&quot;,&quot;1600&quot;:&quot;https:\\\/\\\/lastatic.ams3.cdn.digitaloceanspaces.com\\\/2026\\\/01\\\/605776010_25728478443453459_7214339360245089926_n.jpg&quot;}\" data-focuspoint=\"&quot;&quot;\" data-p=\"2494703\" href=\"https:\/\/www.la.lv\/foto-vaira-vike-freberga-aicina-neuzkerties-un-bridina-par-loti-cinisku-krapnieku-gajienu\" class=\"content-item lazy-load\" wp_automatic_readability=\"26\" rel=\"nofollow noopener\" target=\"_blank\"><\/p>\n<p>                                <img decoding=\"async\" src=\"\" alt=\"\" style=\"\" data-imageid=\"\"\/><\/p>\n<p>                                            FOTO. Vaira V\u012b\u0137e-Freiberga aicina neuz\u0137erties un br\u012bdina par \u013coti cinisku kr\u0101pnieku g\u0101jienu\n                            <\/p>\n<p><\/a><br \/>\n        <a class=\"read-more\" href=\"https:\/\/www.la.lv\/top\" rel=\"nofollow noopener\" target=\"_blank\">Las\u012bt citas zi\u0146as<\/a><\/p>\n<p>Svin\u012bbas \u013coti priec\u012bg\u0101 gaisotn\u0113 tika aizvad\u012btas, esot kl\u0101teso\u0161\u0101m ar\u012b Latvijas augst\u0101kaj\u0101m amatperson\u0101m.  <\/p>\n<p>\u201cKaut kas ir pat\u012bkams, ka cilv\u0113kiem pret tevi ir labs noska\u0146ojums. Daudzi atceras, ko esam dar\u012bju\u0161i uz skatuves. <\/p>\n<p>    CITI \u0160OBR\u012aD LASA<\/p>\n<blockquote><p>Cent\u0101mies b\u016bt jautri, dz\u012bvespriec\u012bgi, vis\u0101dus jokus tais\u012bj\u0101m, dz\u0113r\u0101m, dz\u012bvoj\u0101m norm\u0101lu dz\u012bvi, paldies Dievam, v\u0113l da\u017ei izdz\u012bvoja, par ko man ir prieks.<\/p><\/blockquote>\n<p>Tikai ar darbu, ar kust\u012bbu var tikt \u0101r\u0101 no pesimisma,\u201d LTV Zi\u0146u dienesta \u017eurn\u0101listei saj\u016bt\u0101s dal\u012bj\u0101s Raimonds Pauls.  <\/p>\n<p>Par sasniegto sava m\u016b\u017ea laik\u0101 Maestro teica: \u201cDaudz ko ar\u012b labu izdar\u012bj\u0101m! Saglab\u0101j\u0101m latvie\u0161u valodu un dziesmu. Tagad n\u0101k jaunie, vi\u0146i n\u0101ks pie vara, lai vi\u0146iem veicas.<\/p>\n<p>M\u016bzika deva daudz ko, daudzi jau neuzskata, ka es nodarbojos ar nopietnu darbu, nenoliedzu, ka esmu nodarbojies ar izklaides \u017eanru. Kaut kur m\u0113s pareizi tr\u0101p\u012bj\u0101m ar t\u0101m vieglaj\u0101m dziesmi\u0146\u0101m, cilv\u0113kiem tas patika un daudzi dzied\u0101t\u0101ji l\u012bdz \u0161odienai dz\u012bvo ar to repertu\u0101ru, ko m\u0113s sarakst\u012bj\u0101m septi\u0146desmitajos. Kaut kas ir izdar\u012bts, kaut kas nav. J\u0101iet mal\u0101, pietiek.\u201d <\/p>\n<p>Pla\u0161\u0101k pievienotaj\u0101 video si\u017eet\u0101! <\/p>\n<p>T\u0113mas<\/p>\n<p>    SAIST\u012aTIE RAKSTI<\/p>\n","protected":false},"excerpt":{"rendered":"Foto: Ekr\u0101nuz\u0146\u0113mums no LTV Zi\u0146u dienests; \u201cYouTube\u201d 21:30, 15. janv\u0101ris 2026 Lai gan izcil\u0101 Maestro Raimonda Paula 90.jubileja&hellip;\n","protected":false},"author":2,"featured_media":105892,"comment_status":"","ping_status":"","sticky":false,"template":"","format":"standard","meta":{"footnotes":""},"categories":[5],"tags":[23,28,29,32,33,22,30,31,35,39,38,36,37,34,40,20,26,27,24,25,21],"class_list":{"0":"post-105891","1":"post","2":"type-post","3":"status-publish","4":"format-standard","5":"has-post-thumbnail","7":"category-aktualitates","8":"tag-aktualitates","9":"tag-breaking-news","10":"tag-breakingnews","11":"tag-featured-news","12":"tag-featurednews","13":"tag-headlines","14":"tag-latest-news","15":"tag-latestnews","16":"tag-latvia","17":"tag-latvian","18":"tag-latviesu","19":"tag-latviesu-valoda","20":"tag-latviesuvaloda","21":"tag-latvija","22":"tag-lv","23":"tag-news","24":"tag-popularakas-zinas","25":"tag-popularakaszinas","26":"tag-top-stories","27":"tag-topstories","28":"tag-zinas"},"share_on_mastodon":{"url":"https:\/\/pubeurope.com\/@lv\/115901084621779873","error":""},"_links":{"self":[{"href":"https:\/\/www.europesays.com\/lv\/wp-json\/wp\/v2\/posts\/105891","targetHints":{"allow":["GET"]}}],"collection":[{"href":"https:\/\/www.europesays.com\/lv\/wp-json\/wp\/v2\/posts"}],"about":[{"href":"https:\/\/www.europesays.com\/lv\/wp-json\/wp\/v2\/types\/post"}],"author":[{"embeddable":true,"href":"https:\/\/www.europesays.com\/lv\/wp-json\/wp\/v2\/users\/2"}],"replies":[{"embeddable":true,"href":"https:\/\/www.europesays.com\/lv\/wp-json\/wp\/v2\/comments?post=105891"}],"version-history":[{"count":0,"href":"https:\/\/www.europesays.com\/lv\/wp-json\/wp\/v2\/posts\/105891\/revisions"}],"wp:featuredmedia":[{"embeddable":true,"href":"https:\/\/www.europesays.com\/lv\/wp-json\/wp\/v2\/media\/105892"}],"wp:attachment":[{"href":"https:\/\/www.europesays.com\/lv\/wp-json\/wp\/v2\/media?parent=105891"}],"wp:term":[{"taxonomy":"category","embeddable":true,"href":"https:\/\/www.europesays.com\/lv\/wp-json\/wp\/v2\/categories?post=105891"},{"taxonomy":"post_tag","embeddable":true,"href":"https:\/\/www.europesays.com\/lv\/wp-json\/wp\/v2\/tags?post=105891"}],"curies":[{"name":"wp","href":"https:\/\/api.w.org\/{rel}","templated":true}]}}