{"id":105895,"date":"2026-01-15T20:58:08","date_gmt":"2026-01-15T20:58:08","guid":{"rendered":"https:\/\/www.europesays.com\/lv\/105895\/"},"modified":"2026-01-15T20:58:08","modified_gmt":"2026-01-15T20:58:08","slug":"sauda-arabija-katara-un-omana-parliecina-trampu-iranai-dot-iespeju","status":"publish","type":"post","link":"https:\/\/www.europesays.com\/lv\/105895\/","title":{"rendered":"Sa\u016bda Ar\u0101bija, Katara un Om\u0101na p\u0101rliecina Trampu Ir\u0101nai &#8220;dot iesp\u0113ju&#8221;"},"content":{"rendered":"<p class=\"lead\">\n                                Sa\u016bda Ar\u0101bija, Katara un Om\u0101na vad\u012bju\u0161as centienus, lai p\u0101rliecin\u0101tu ASV prezidentu Donaldu Trampu &#8220;dot Ir\u0101nai iesp\u0113ju par\u0101d\u012bt labos nodomus&#8221;, t\u0101d\u0113j\u0101di atturot ASV no trieciena veik\u0161anas, par ko Tramps tika draud\u0113jis iepriek\u0161, zi\u0146u a\u0123ent\u016brai AFP ceturtdien sac\u012bja Sa\u016bda Ar\u0101bijas augsta ranga amatpersona.\n                            <\/p>\n<p>Tre\u0161dien no galven\u0101s ASV milit\u0101r\u0101s b\u0101zes Katar\u0101 tika p\u0101rcelta da\u013ca person\u0101la, un ASV p\u0101rst\u0101vniec\u012bbu darbinieki Sa\u016bda Ar\u0101bij\u0101 un Kuveit\u0101 tika br\u012bdin\u0101ti iev\u0113rot piesardz\u012bbu, jo pieauga ba\u017eas par ASV uzbrukumu Ir\u0101nai. Savienot\u0101s Valstis vair\u0101kk\u0101rt br\u012bdin\u0101ju\u0161as, ka t\u0101s var\u0113tu milit\u0101ri iejaukties Ir\u0101n\u0101, rea\u0123\u0113jot uz protestu apspie\u0161anu. Teher\u0101na savuk\u0101rt br\u012bdin\u0101jusi par atbildes triecienu ASV milit\u0101rajiem un ku\u0123niec\u012bbas m\u0113r\u0137iem. Ta\u010du p\u0113c vair\u0101kiem draudiem Tramps main\u012bja kursu, sakot, ka ir sa\u0146\u0113mis apliecin\u0101jumus no &#8220;\u013coti svar\u012bgiem avotiem otr\u0101 pus\u0113&#8221;, ka Ir\u0101na neveic demonstr\u0101ciju dal\u012bbnieku sod\u012b\u0161anu ar n\u0101vi.<\/p>\n<p class=\"paragraph-muted\">Izv\u0113lies savu soct\u012bklu platformu, lai sekotu LASI.LV: <a href=\"https:\/\/www.facebook.com\/portals.lasi.lv\" target=\"_blank\" rel=\"noopener noreferrer nofollow\">Facebook<\/a>, <a href=\"https:\/\/twitter.com\/lasilvportals\" target=\"_blank\" rel=\"noopener noreferrer nofollow\">X<\/a>, <a href=\"https:\/\/bsky.app\/profile\/lasilv.bsky.social\" target=\"_blank\" rel=\"noopener noreferrer nofollow\">Bluesky<\/a>, <a href=\"https:\/\/www.draugiem.lv\/lasilv\/?pg=4\" target=\"_blank\" rel=\"noopener noreferrer nofollow\">Draugiem<\/a>, <a href=\"https:\/\/www.threads.com\/@lasilv_zinas\" rel=\"nofollow noopener\" target=\"_blank\">Threads<\/a> vai ar\u012b <a href=\"https:\/\/www.instagram.com\/lasilv_zinas\/\" target=\"_blank\" rel=\"noopener noreferrer nofollow\">Instagram<\/a>. Pievienojies m\u016bsu las\u012bt\u0101ju pulkam, lai sa\u0146emtu \u012bpa\u0161i tev atlas\u012btu noder\u012bgu, praktisku un aktu\u0101lu saturu.\u00a0<\/p>\n<p style=\"margin-left:auto;\">Pieraksties LASI.LV redaktora v\u0113stkopai <a href=\"https:\/\/lasi.lv\/vestkopa\/lasi-lv-galvena-redaktora-vestkopa\" rel=\"nofollow noopener\" target=\"_blank\">\u0161eit<\/a>.<\/p>\n<p>Pieraksties v\u0113stkopai un divas reizes ned\u0113\u013c\u0101 sa\u0146em padzi\u013cin\u0101tu LASI.LV galven\u0101 redaktora aktu\u0101lo zi\u0146u, kompetentu viedok\u013cu un interesant\u0101ko interviju apkopojumu.<\/p>\n<p>Ko tu sa\u0146emsi:<\/p>\n<ul>\n<li>Daudzveid\u012bgus koment\u0101rus un kompetentus Latvijas Mediju \u017eurn\u0101listu un autoru viedok\u013cus par aktu\u0101lo<\/li>\n<li>Ekspertu koment\u0101rus par da\u017e\u0101diem praktiskiem, noder\u012bgiem tematiem<\/li>\n<li>Aizraujo\u0161us materi\u0101lus par v\u0113sturi, psiholo\u0123iju, kult\u016bru<\/li>\n<li>Gata \u0160\u013c\u016bkas karikat\u016bru<\/li>\n<li>Tav\u0101 e-pasta kast\u012bt\u0113 katru ceturtdienu<\/li>\n<\/ul>\n<p style=\"margin-left:auto;\">\u00a0<\/p>\n<p><script async src=\"https:\/\/platform.twitter.com\/widgets.js\" charset=\"utf-8\"><\/script><script async src=\"\/\/www.instagram.com\/embed.js\"><\/script><\/p>\n","protected":false},"excerpt":{"rendered":"Sa\u016bda Ar\u0101bija, Katara un Om\u0101na vad\u012bju\u0161as centienus, lai p\u0101rliecin\u0101tu ASV prezidentu Donaldu Trampu &#8220;dot Ir\u0101nai iesp\u0113ju par\u0101d\u012bt labos&hellip;\n","protected":false},"author":2,"featured_media":70294,"comment_status":"","ping_status":"","sticky":false,"template":"","format":"standard","meta":{"footnotes":""},"categories":[14],"tags":[23,57,28,29,32,33,22,30,31,35,39,38,36,37,34,40,20,26,27,24,25,54,55,56,21,58],"class_list":{"0":"post-105895","1":"post","2":"type-post","3":"status-publish","4":"format-standard","5":"has-post-thumbnail","7":"category-zinas-no-arvalstim","8":"tag-aktualitates","9":"tag-arvalstim","10":"tag-breaking-news","11":"tag-breakingnews","12":"tag-featured-news","13":"tag-featurednews","14":"tag-headlines","15":"tag-latest-news","16":"tag-latestnews","17":"tag-latvia","18":"tag-latvian","19":"tag-latviesu","20":"tag-latviesu-valoda","21":"tag-latviesuvaloda","22":"tag-latvija","23":"tag-lv","24":"tag-news","25":"tag-popularakas-zinas","26":"tag-popularakaszinas","27":"tag-top-stories","28":"tag-topstories","29":"tag-world","30":"tag-world-news","31":"tag-worldnews","32":"tag-zinas","33":"tag-zinas-no-arvalstim"},"share_on_mastodon":{"url":"https:\/\/pubeurope.com\/@lv\/115901123982024877","error":""},"_links":{"self":[{"href":"https:\/\/www.europesays.com\/lv\/wp-json\/wp\/v2\/posts\/105895","targetHints":{"allow":["GET"]}}],"collection":[{"href":"https:\/\/www.europesays.com\/lv\/wp-json\/wp\/v2\/posts"}],"about":[{"href":"https:\/\/www.europesays.com\/lv\/wp-json\/wp\/v2\/types\/post"}],"author":[{"embeddable":true,"href":"https:\/\/www.europesays.com\/lv\/wp-json\/wp\/v2\/users\/2"}],"replies":[{"embeddable":true,"href":"https:\/\/www.europesays.com\/lv\/wp-json\/wp\/v2\/comments?post=105895"}],"version-history":[{"count":0,"href":"https:\/\/www.europesays.com\/lv\/wp-json\/wp\/v2\/posts\/105895\/revisions"}],"wp:featuredmedia":[{"embeddable":true,"href":"https:\/\/www.europesays.com\/lv\/wp-json\/wp\/v2\/media\/70294"}],"wp:attachment":[{"href":"https:\/\/www.europesays.com\/lv\/wp-json\/wp\/v2\/media?parent=105895"}],"wp:term":[{"taxonomy":"category","embeddable":true,"href":"https:\/\/www.europesays.com\/lv\/wp-json\/wp\/v2\/categories?post=105895"},{"taxonomy":"post_tag","embeddable":true,"href":"https:\/\/www.europesays.com\/lv\/wp-json\/wp\/v2\/tags?post=105895"}],"curies":[{"name":"wp","href":"https:\/\/api.w.org\/{rel}","templated":true}]}}