{"id":105934,"date":"2026-01-15T22:17:08","date_gmt":"2026-01-15T22:17:08","guid":{"rendered":"https:\/\/www.europesays.com\/lv\/105934\/"},"modified":"2026-01-15T22:17:08","modified_gmt":"2026-01-15T22:17:08","slug":"lai-gan-danija-ir-latvijas-sabiedrota-ta-nav-lugusi-lidzdalibu-militarajas-macibas-grenlande","status":"publish","type":"post","link":"https:\/\/www.europesays.com\/lv\/105934\/","title":{"rendered":"Lai gan D\u0101nija ir Latvijas sabiedrot\u0101, t\u0101 nav l\u016bgusi l\u012bdzdal\u012bbu milit\u0101raj\u0101s m\u0101c\u012bb\u0101s Grenland\u0113"},"content":{"rendered":"<p><a href=\"https:\/\/www.apollo.lv\/term\/555463\/danija\" class=\"topicLink\" target=\"_blank\" rel=\"nofollow noopener\">D\u0101nija<\/a> ir viena no Latvijas sabiedrotaj\u0101m. T\u0101pat D\u0101nija ir viena no <a href=\"https:\/\/www.apollo.lv\/term\/9898\/nato\" class=\"topicLink\" target=\"_blank\" rel=\"nofollow noopener\">NATO<\/a> daudznacion\u0101l\u0101s brig\u0101des Latvij\u0101 dal\u012bbvalst\u012bm.<\/p>\n<p>Savuk\u0101rt NATO daudznacion\u0101l\u0101s div\u012bzijas \u0161t\u0101bs &#8220;Zieme\u013ci&#8221; darbojas k\u0101 starptautisks milit\u0101rs form\u0113jums, kur\u0101 <a href=\"https:\/\/www.apollo.lv\/term\/555432\/latvija\" class=\"topicLink\" target=\"_blank\" rel=\"nofollow noopener\">Latvija<\/a> un D\u0101nija ir uz\u0146\u0113mu\u0161\u0101s ietvarvalstu lomu. \u0160t\u0101bs ir izvietots \u0100da\u017eos, Latvij\u0101 un Sl\u0101gels\u0113, D\u0101nij\u0101. \u0160t\u0101ba &#8220;Zieme\u013ci&#8221; komandiere kop\u0161 2023. gada ir \u0123ener\u0101lmajore Jete Albinusa no D\u0101nijas.<\/p>\n<p>Jau zi\u0146ots, ka Francija p\u0113c D\u0101nijas l\u016bguma s\u016bta karav\u012brus uz Grenlandi, pievienojoties citiem Eiropas sabiedrotajiem milit\u0101raj\u0101s m\u0101c\u012bb\u0101s &#8220;Operation Arctic Endurance&#8221; Arktik\u0101, ceturtdien pazi\u0146ojis Francijas prezidents Emanuels Makrons.<\/p>\n<p>Ar\u012b V\u0101cijas Aizsardz\u012bbas ministrija pazi\u0146ojusi, ka nos\u016bt\u012bs milit\u0101rpersonas uz Grenlandi, nor\u0101dot, ka \u0161\u012bs komandas m\u0113r\u0137is b\u016bs izp\u0113t\u012bt pamatnosac\u012bjumus iesp\u0113jamam milit\u0101rajam atbalstam D\u0101nijai dro\u0161\u012bbas garant\u0113\u0161an\u0101 re\u0123ion\u0101.<\/p>\n<p>Makrons nor\u0101d\u012bjis, ka Francija piedal\u012bsies D\u0101nijas organiz\u0113taj\u0101s kop\u012bgaj\u0101s m\u0101c\u012bb\u0101s &#8220;Operation Arctic Endurance&#8221;, kur\u0101s piedal\u012bsies ar\u012b Zviedrija un Norv\u0113\u0123ija.<\/p>\n<p>Tre\u0161dien Tramps sav\u0101 platform\u0101 &#8220;Truth Social&#8221; pazi\u0146oja, ka Grenlandei j\u0101non\u0101k Savienoto Valstu rok\u0101s. &#8220;Nekas maz\u0101ks par to nav pie\u0146emams,&#8221; vi\u0146\u0161 piebilda.<\/p>\n<p>Makrons tre\u0161dien br\u012bdin\u0101ja, ka jebkur\u0161 drauds Eiropas sabiedrot\u0101 suverenit\u0101tei rad\u012bs bezprecedenta sekas. Francija cie\u0161i uzrauga situ\u0101ciju un pazi\u0146oja, ka r\u012bkosies, piln\u012bb\u0101 solidariz\u0113joties ar D\u0101niju.<\/p>\n","protected":false},"excerpt":{"rendered":"D\u0101nija ir viena no Latvijas sabiedrotaj\u0101m. T\u0101pat D\u0101nija ir viena no NATO daudznacion\u0101l\u0101s brig\u0101des Latvij\u0101 dal\u012bbvalst\u012bm. Savuk\u0101rt NATO&hellip;\n","protected":false},"author":2,"featured_media":105935,"comment_status":"","ping_status":"","sticky":false,"template":"","format":"standard","meta":{"footnotes":""},"categories":[14],"tags":[23,57,28,29,1418,32,33,22,30,31,35,39,38,36,37,34,40,576,71,2837,20,26,27,24,25,54,55,56,21,58],"class_list":{"0":"post-105934","1":"post","2":"type-post","3":"status-publish","4":"format-standard","5":"has-post-thumbnail","7":"category-zinas-no-arvalstim","8":"tag-aktualitates","9":"tag-arvalstim","10":"tag-breaking-news","11":"tag-breakingnews","12":"tag-danija","13":"tag-featured-news","14":"tag-featurednews","15":"tag-headlines","16":"tag-latest-news","17":"tag-latestnews","18":"tag-latvia","19":"tag-latvian","20":"tag-latviesu","21":"tag-latviesu-valoda","22":"tag-latviesuvaloda","23":"tag-latvija","24":"tag-lv","25":"tag-militaras-macibas","26":"tag-nato","27":"tag-nbs","28":"tag-news","29":"tag-popularakas-zinas","30":"tag-popularakaszinas","31":"tag-top-stories","32":"tag-topstories","33":"tag-world","34":"tag-world-news","35":"tag-worldnews","36":"tag-zinas","37":"tag-zinas-no-arvalstim"},"share_on_mastodon":{"url":"https:\/\/pubeurope.com\/@lv\/115901434627845304","error":""},"_links":{"self":[{"href":"https:\/\/www.europesays.com\/lv\/wp-json\/wp\/v2\/posts\/105934","targetHints":{"allow":["GET"]}}],"collection":[{"href":"https:\/\/www.europesays.com\/lv\/wp-json\/wp\/v2\/posts"}],"about":[{"href":"https:\/\/www.europesays.com\/lv\/wp-json\/wp\/v2\/types\/post"}],"author":[{"embeddable":true,"href":"https:\/\/www.europesays.com\/lv\/wp-json\/wp\/v2\/users\/2"}],"replies":[{"embeddable":true,"href":"https:\/\/www.europesays.com\/lv\/wp-json\/wp\/v2\/comments?post=105934"}],"version-history":[{"count":0,"href":"https:\/\/www.europesays.com\/lv\/wp-json\/wp\/v2\/posts\/105934\/revisions"}],"wp:featuredmedia":[{"embeddable":true,"href":"https:\/\/www.europesays.com\/lv\/wp-json\/wp\/v2\/media\/105935"}],"wp:attachment":[{"href":"https:\/\/www.europesays.com\/lv\/wp-json\/wp\/v2\/media?parent=105934"}],"wp:term":[{"taxonomy":"category","embeddable":true,"href":"https:\/\/www.europesays.com\/lv\/wp-json\/wp\/v2\/categories?post=105934"},{"taxonomy":"post_tag","embeddable":true,"href":"https:\/\/www.europesays.com\/lv\/wp-json\/wp\/v2\/tags?post=105934"}],"curies":[{"name":"wp","href":"https:\/\/api.w.org\/{rel}","templated":true}]}}